{"id":31277,"date":"2013-09-04T17:00:24","date_gmt":"2013-09-04T20:00:24","guid":{"rendered":"http:\/\/www.24baires.com\/?p=31277"},"modified":"2013-09-04T12:51:10","modified_gmt":"2013-09-04T15:51:10","slug":"independiente-de-nosotros","status":"publish","type":"post","link":"https:\/\/www.24baires.com\/?p=31277","title":{"rendered":"Independiente de nosotros"},"content":{"rendered":"<p><img data-recalc-dims=\"1\" loading=\"lazy\" decoding=\"async\" class=\"aligncenter size-full wp-image-31278\" alt=\"revoluci\u00f3n libertadora\" src=\"https:\/\/i0.wp.com\/www.24baires.com\/wp-content\/uploads\/2013\/09\/revoluci%C3%B3n-libertadora.jpg?resize=560%2C308\" width=\"560\" height=\"308\" srcset=\"https:\/\/i0.wp.com\/www.24baires.com\/wp-content\/uploads\/2013\/09\/revoluci%C3%B3n-libertadora.jpg?w=560&amp;ssl=1 560w, https:\/\/i0.wp.com\/www.24baires.com\/wp-content\/uploads\/2013\/09\/revoluci%C3%B3n-libertadora.jpg?resize=300%2C165&amp;ssl=1 300w\" sizes=\"auto, (max-width: 560px) 100vw, 560px\" \/>Mientras el diario brasile\u00f1o O Globo reconoce que cometi\u00f3 un error al apoyar el golpe de Estado militar de 1964, con el que se inici\u00f3 la dictadura hasta 1985, el diario argentino La Naci\u00f3n reivindica el golpe a Juan Domingo Per\u00f3n en 1955, al cual sigue llamando \u201cRevoluci\u00f3n Libertadora\u201d.<!--more--><\/p>\n<p>En respuesta a una frase de uno de los discursos que la presidenta Cristina Fern\u00e1ndez de Kirchner hizo en los \u00faltimos d\u00edas donde hizo suyos los dichos de quien la precedi\u00f3 en el uso de la palabra, Patricio Mussi, intendente de Berazategui, quien afirm\u00f3 que con balas de plomo derrocaron a Per\u00f3n y con \u2018las balas de tinta\u2019 \u201cpor ah\u00ed intentan derrocar o destituir gobiernos populares\u201d, el diario La Naci\u00f3n realiz\u00f3 la editorial del lunes, a la que dieron en llamar \u201cLa tinta no destituye\u201d.<br \/>\n\u201cNi las balas de plomo derrocaron al general Juan Domingo Per\u00f3n, ni existen balas de tinta, ni, en caso de existir, podr\u00edan destituir gobiernos. Per\u00f3n no cay\u00f3 por obra de las armas que alz\u00f3 la Revoluci\u00f3n Libertadora en 1955. Cay\u00f3, b\u00e1sicamente, porque su r\u00e9gimen se hab\u00eda agotado y abundaban los esc\u00e1ndalos y las burdas muestras de autoritarismo\u201d. Claro, para La Naci\u00f3n derrocar a un presidente electo por el pueblo, clausurar el Congreso Nacional y deponer a los miembros de la Corte Suprema, no es un golpe de Estado. Y un presidente votado democr\u00e1ticamente por la inmensa mayor\u00eda de los ciudadanos, no es un gobierno sino un \u201cr\u00e9gimen\u201d. Bien. Parece que el bombardeo a Plaza de Mayo realizado por esa misma \u201cRevoluci\u00f3n Libertadora\u201d que asesin\u00f3 a m\u00e1s de 300 civiles indefensos, sigue sin ser condenado por el diario centenario de los Mitre, y no s\u00f3lo eso, hay una obvia reivindicaci\u00f3n de esos sucesos al seguir denomin\u00e1ndolos de esa manera en vez de llamarlos por lo que en verdad fueron: un sanguinario golpe de estado. Casi sesenta a\u00f1os despu\u00e9s, La Naci\u00f3n utiliza ese eufemismo con el \u00fanico motivo de seguir encubriendo lo acontecido, como hiciera en ese entonces, el 16 de junio de 1955. Y como hizo con cada golpe de estado realizado a los gobiernos democr\u00e1ticos argentinos.<br \/>\nLuego afirman que \u201cLas \u00abbalas de tinta\u00bb no matan ni hieren, ni mucho menos derrocan gobiernos\u201d. Bueno, all\u00ed cabr\u00eda agregar que esos disparos constantes en letras de molde sostienen gobiernos funcionales a los intereses del diario, inflan y colocan candidatos como el titiritero de calza en la mano el mu\u00f1eco de trapo que necesita en ese momento y hace la funci\u00f3n que mejor le sale, una pantomima de la realidad. As\u00ed como con la libertad permanente que todos tienen, incluso ellos, llamados a s\u00ed mismos prensa independiente, agreden, persiguen y someten a negatividades y mentiras varias a los gobiernos o pol\u00edticos que no son afines a sus intereses de poder y econom\u00eda.<br \/>\nEs \u00e9se el periodismo independiente de La Naci\u00f3n, independiente de la democracia, la justicia y hasta de los impuestos millonarios que reusa pagarle al Estado. Independiente de la memoria, de la verdad y la justicia, independiente de la sangre argentina derramada para derrocar proyectos pol\u00edticos que no le han convenido a lo largo de su largu\u00edsima vida. Independiente de nosotros.<\/p>\n","protected":false},"excerpt":{"rendered":"<p>Mientras el diario brasile\u00f1o O Globo reconoce que cometi\u00f3 un error al apoyar el golpe de Estado militar de 1964, con el que se inici\u00f3 la dictadura hasta 1985, el diario argentino La Naci\u00f3n reivindica el golpe a Juan Domingo Per\u00f3n en 1955, al cual sigue llamando \u201cRevoluci\u00f3n Libertadora\u201d.<\/p>\n","protected":false},"author":4,"featured_media":0,"comment_status":"open","ping_status":"open","sticky":false,"template":"","format":"standard","meta":{"_jetpack_newsletter_access":"","_jetpack_dont_email_post_to_subs":false,"_jetpack_newsletter_tier_id":0,"_jetpack_memberships_contains_paywalled_content":false,"_jetpack_memberships_contains_paid_content":false,"footnotes":""},"categories":[64],"tags":[],"class_list":["post-31277","post","type-post","status-publish","format-standard","hentry","category-opinion"],"jetpack_featured_media_url":"","jetpack_shortlink":"https:\/\/wp.me\/p2JWE0-88t","jetpack-related-posts":[{"id":112937,"url":"https:\/\/www.24baires.com\/?p=112937","url_meta":{"origin":31277,"position":0},"title":"\u00abMesa y Camacho pasar\u00e1n a la historia como racistas y golpistas\u00bb, asever\u00f3 Evo Morales","author":"GB","date":"11\/11\/2019","format":false,"excerpt":"El destituido presidente de Bolivia apunt\u00f3 contra sus opositores, a quienes acus\u00f3 de conspirar para consumar el golpe de Estado en su contra. El presidente derrocado de Bolivia, Evo Morales, acus\u00f3 a los jefes de la oposici\u00f3n Carlos Mesa y Luis Fernando Camacho de \"discriminadores y conspiradores\" y afirm\u00f3 que\u2026","rel":"","context":"En \u00abInternacionales\u00bb","block_context":{"text":"Internacionales","link":"https:\/\/www.24baires.com\/?cat=73"},"img":{"alt_text":"","src":"https:\/\/i0.wp.com\/www.24baires.com\/wp-content\/uploads\/2019\/11\/evo-morales.jpg?resize=350%2C200","width":350,"height":200,"srcset":"https:\/\/i0.wp.com\/www.24baires.com\/wp-content\/uploads\/2019\/11\/evo-morales.jpg?resize=350%2C200 1x, https:\/\/i0.wp.com\/www.24baires.com\/wp-content\/uploads\/2019\/11\/evo-morales.jpg?resize=525%2C300 1.5x"},"classes":[]},{"id":119047,"url":"https:\/\/www.24baires.com\/?p=119047","url_meta":{"origin":31277,"position":1},"title":"Fern\u00e1ndez reivindic\u00f3 a Per\u00f3n y dijo que \u00abel poder pasa por la capacidad de convencer\u00bb","author":"AF","date":"01\/07\/2022","format":false,"excerpt":"Alberto Fern\u00e1ndez particip\u00f3 este viernes del acto que se realiza en el hist\u00f3rico sal\u00f3n \"Felipe Vallese\" de la central obrera que conduce el triunvirato compuesto por H\u00e9ctor Daer, Pablo Moyano y Carlos Acu\u00f1a. El presidente Alberto Fern\u00e1ndez renov\u00f3 un llamado a la \"unidad\" de los argentinos como condici\u00f3n b\u00e1sica para\u2026","rel":"","context":"En \u00abPol\u00edtica\u00bb","block_context":{"text":"Pol\u00edtica","link":"https:\/\/www.24baires.com\/?cat=51"},"img":{"alt_text":"","src":"https:\/\/i0.wp.com\/www.24baires.com\/wp-content\/uploads\/2021\/03\/fern%C3%A1ndez.jpg?resize=350%2C200","width":350,"height":200,"srcset":"https:\/\/i0.wp.com\/www.24baires.com\/wp-content\/uploads\/2021\/03\/fern%C3%A1ndez.jpg?resize=350%2C200 1x, https:\/\/i0.wp.com\/www.24baires.com\/wp-content\/uploads\/2021\/03\/fern%C3%A1ndez.jpg?resize=525%2C300 1.5x, https:\/\/i0.wp.com\/www.24baires.com\/wp-content\/uploads\/2021\/03\/fern%C3%A1ndez.jpg?resize=700%2C400 2x"},"classes":[]},{"id":119614,"url":"https:\/\/www.24baires.com\/?p=119614","url_meta":{"origin":31277,"position":2},"title":"Gobernadores denuncian intento de proscripci\u00f3n de Cristina Fern\u00e1ndez","author":"GB","date":"07\/12\/2022","format":false,"excerpt":"Las mandatarios provinciales del Frente de Todos hablaron de \"uno de los agravios m\u00e1s grandes al sistema democr\u00e1tico\" tras el veredicto de la Causa Vialidad. La condena contra la vicepresidenta de la Naci\u00f3n, Cristina Kirchner, sigue generando repercusiones pol\u00edticas. En este contexto, la Liga de Gobernadores conformada por Axel Kicillof\u2026","rel":"","context":"En \u00abPol\u00edtica\u00bb","block_context":{"text":"Pol\u00edtica","link":"https:\/\/www.24baires.com\/?cat=51"},"img":{"alt_text":"","src":"https:\/\/i0.wp.com\/www.24baires.com\/wp-content\/uploads\/2022\/12\/axel-kicillof-liga-gobernadores.jpg?resize=350%2C200","width":350,"height":200,"srcset":"https:\/\/i0.wp.com\/www.24baires.com\/wp-content\/uploads\/2022\/12\/axel-kicillof-liga-gobernadores.jpg?resize=350%2C200 1x, https:\/\/i0.wp.com\/www.24baires.com\/wp-content\/uploads\/2022\/12\/axel-kicillof-liga-gobernadores.jpg?resize=525%2C300 1.5x, https:\/\/i0.wp.com\/www.24baires.com\/wp-content\/uploads\/2022\/12\/axel-kicillof-liga-gobernadores.jpg?resize=700%2C400 2x"},"classes":[]},{"id":107348,"url":"https:\/\/www.24baires.com\/?p=107348","url_meta":{"origin":31277,"position":3},"title":"En el D\u00eda de la Memoria, miles de personas se movilizar\u00e1n en todo el pa\u00eds","author":"AF","date":"24\/03\/2019","format":false,"excerpt":"A 43 a\u00f1os del golpe de Estado que diera inicio a la m\u00e1s cruenta y atroz dictadura de la historia argentinas, se renuevan los reclamos de Justicia. Una vez m\u00e1s, este 24 de Marzo indica que es el D\u00eda Nacional de la Memoria por la Verdad y la Justicia, en\u2026","rel":"","context":"En \u00abSociedad\u00bb","block_context":{"text":"Sociedad","link":"https:\/\/www.24baires.com\/?cat=1"},"img":{"alt_text":"","src":"https:\/\/i0.wp.com\/www.24baires.com\/wp-content\/uploads\/2017\/03\/24-de-marzo.jpg?resize=350%2C200","width":350,"height":200,"srcset":"https:\/\/i0.wp.com\/www.24baires.com\/wp-content\/uploads\/2017\/03\/24-de-marzo.jpg?resize=350%2C200 1x, https:\/\/i0.wp.com\/www.24baires.com\/wp-content\/uploads\/2017\/03\/24-de-marzo.jpg?resize=525%2C300 1.5x"},"classes":[]},{"id":116490,"url":"https:\/\/www.24baires.com\/?p=116490","url_meta":{"origin":31277,"position":4},"title":"Evo Morales: \u00abLa prioridad es recuperar la democracia en Bolivia\u00bb","author":"AF","date":"18\/10\/2020","format":false,"excerpt":"Desde la Argentina, el presidente derrocado de Bolivia, Evo Morales, hizo un llamamiento a sus seguidores por las elecciones de este domingo. El mandatario derrocado de Bolivia Evo Morales dijo este domingo sobre las elecciones presidenciales que se celebran en su pa\u00eds y sus actividades a futuro, que \"la prioridad\u2026","rel":"","context":"En \u00abInternacionales\u00bb","block_context":{"text":"Internacionales","link":"https:\/\/www.24baires.com\/?cat=73"},"img":{"alt_text":"","src":"https:\/\/i0.wp.com\/www.24baires.com\/wp-content\/uploads\/2019\/11\/evo-morales.jpg?resize=350%2C200","width":350,"height":200,"srcset":"https:\/\/i0.wp.com\/www.24baires.com\/wp-content\/uploads\/2019\/11\/evo-morales.jpg?resize=350%2C200 1x, https:\/\/i0.wp.com\/www.24baires.com\/wp-content\/uploads\/2019\/11\/evo-morales.jpg?resize=525%2C300 1.5x"},"classes":[]},{"id":113027,"url":"https:\/\/www.24baires.com\/?p=113027","url_meta":{"origin":31277,"position":5},"title":"Evo Morales denunci\u00f3 que ya hubo 24 muertes por la represi\u00f3n en Bolivia","author":"AF","date":"17\/11\/2019","format":false,"excerpt":"El presidente derrocado lo advirti\u00f3 en sus redes sociales desde M\u00e9xico. Un informe de la Defensor\u00eda de Bolivia y de la Comisi\u00f3n Interamericana de Derechos Humanos relev\u00f3 la misma cantidad de v\u00edctimas fatales. Asilado en M\u00e9xico por las amenazas de muerte despu\u00e9s del golpe de Estado, el destituido presidente de\u2026","rel":"","context":"En \u00abInternacionales\u00bb","block_context":{"text":"Internacionales","link":"https:\/\/www.24baires.com\/?cat=73"},"img":{"alt_text":"","src":"https:\/\/i0.wp.com\/www.24baires.com\/wp-content\/uploads\/2019\/11\/evo-morales.jpg?resize=350%2C200","width":350,"height":200,"srcset":"https:\/\/i0.wp.com\/www.24baires.com\/wp-content\/uploads\/2019\/11\/evo-morales.jpg?resize=350%2C200 1x, https:\/\/i0.wp.com\/www.24baires.com\/wp-content\/uploads\/2019\/11\/evo-morales.jpg?resize=525%2C300 1.5x"},"classes":[]}],"jetpack_sharing_enabled":true,"jetpack_likes_enabled":true,"_links":{"self":[{"href":"https:\/\/www.24baires.com\/index.php?rest_route=\/wp\/v2\/posts\/31277","targetHints":{"allow":["GET"]}}],"collection":[{"href":"https:\/\/www.24baires.com\/index.php?rest_route=\/wp\/v2\/posts"}],"about":[{"href":"https:\/\/www.24baires.com\/index.php?rest_route=\/wp\/v2\/types\/post"}],"author":[{"embeddable":true,"href":"https:\/\/www.24baires.com\/index.php?rest_route=\/wp\/v2\/users\/4"}],"replies":[{"embeddable":true,"href":"https:\/\/www.24baires.com\/index.php?rest_route=%2Fwp%2Fv2%2Fcomments&post=31277"}],"version-history":[{"count":1,"href":"https:\/\/www.24baires.com\/index.php?rest_route=\/wp\/v2\/posts\/31277\/revisions"}],"predecessor-version":[{"id":31279,"href":"https:\/\/www.24baires.com\/index.php?rest_route=\/wp\/v2\/posts\/31277\/revisions\/31279"}],"wp:attachment":[{"href":"https:\/\/www.24baires.com\/index.php?rest_route=%2Fwp%2Fv2%2Fmedia&parent=31277"}],"wp:term":[{"taxonomy":"category","embeddable":true,"href":"https:\/\/www.24baires.com\/index.php?rest_route=%2Fwp%2Fv2%2Fcategories&post=31277"},{"taxonomy":"post_tag","embeddable":true,"href":"https:\/\/www.24baires.com\/index.php?rest_route=%2Fwp%2Fv2%2Ftags&post=31277"}],"curies":[{"name":"wp","href":"https:\/\/api.w.org\/{rel}","templated":true}]}}