{"id":3121,"date":"2012-10-24T22:01:57","date_gmt":"2012-10-25T01:01:57","guid":{"rendered":"http:\/\/www.24baires.com\/?p=3121"},"modified":"2012-10-24T22:01:57","modified_gmt":"2012-10-25T01:01:57","slug":"por-las-denuncias-de-irregularidades-declaran-varios-jueces-en-el-consejo-de-la-magistratura","status":"publish","type":"post","link":"https:\/\/www.24baires.com\/?p=3121","title":{"rendered":"Por las denuncias de irregularidades, declaran varios jueces en el Consejo de la Magistratura"},"content":{"rendered":"<p><img data-recalc-dims=\"1\" loading=\"lazy\" decoding=\"async\" class=\"aligncenter size-full wp-image-1695\" title=\"consejo magistratura\" src=\"https:\/\/i0.wp.com\/www.24baires.com\/wp-content\/uploads\/2012\/10\/consejo-magistratura.jpg?resize=560%2C335\" alt=\"\" width=\"560\" height=\"335\" srcset=\"https:\/\/i0.wp.com\/www.24baires.com\/wp-content\/uploads\/2012\/10\/consejo-magistratura.jpg?w=560&amp;ssl=1 560w, https:\/\/i0.wp.com\/www.24baires.com\/wp-content\/uploads\/2012\/10\/consejo-magistratura.jpg?resize=300%2C179&amp;ssl=1 300w\" sizes=\"auto, (max-width: 560px) 100vw, 560px\" \/><\/p>\n<p>La Comisi\u00f3n de Disciplina y Acusaci\u00f3n escuchar\u00e1 este jueves, a ocho jueces y a un magistrado jubilado, en el marco de la denuncia por irregularidades en designaciones en el juzgado que tramita la Ley de Medios.<!--more--><br \/>\nEn una comunicaci\u00f3n oficial, el Consejo de la Magistratura inform\u00f3 que a partir de las 10 est\u00e1n citados a declarar ante la Comisi\u00f3n los jueces titulares y subrogantes Ra\u00fal Torti, Horacio Alfonso, Alejandro Nobili, Franciso de As\u00eds Soto, Silvina Bracamonte, Alejandro Saint Genez, Patricia Barbado, Carlos Alvarez y el magistrado jubilado Ra\u00fal Tettamanti.<\/p>\n<p>La convocatoria es en el segundo piso del edificio de Libertad al 700, en el que funciona el Consejo de la Magistratura.<\/p>\n<p>Tettamanti ya inform\u00f3 que no concurrir\u00e1 a declarar porque se encontrar\u00eda de viaje, en tanto no se conocer\u00e1 hasta \u00faltimo momento qui\u00e9nes ser\u00e1n los magistrados que se presentar\u00e1n ante la Comisi\u00f3n.<\/p>\n<p>El marco de esta investigaci\u00f3n es el expediente iniciado por la denuncias p\u00fablicas de irregularidades en el sistema de subrogancias rotativas y asignaci\u00f3n de expedientes que llevaban adelante los jueces de la C\u00e1mara conducidos por Ricardo Recondo, este \u00faltimo en su doble funci\u00f3n de vicepresidente de la C\u00e1mara y miembro del Consejo de la Magistratura.<\/p>\n<p>Asimismo, la actuaci\u00f3n del Consejo de la Magistratura tambi\u00e9n se enmarca como respuesta al amplio repudio realizado por distintos sectores pol\u00edticos y acad\u00e9micos frente al accionar de la C\u00e1mara de Apelaciones Civil y Comercial Federal.<\/p>\n<p>Farrel y Recondo, presidente y vice respectivamente de la C\u00e1mara, hab\u00edan designado arbitrariamente como subrogante al juez jubilado Ra\u00fal Tettamanti, para dictar sentencia en la causa interpuesta por el grupo Clar\u00edn por la constitucionalidad del art\u00edculo 161 de la Ley de Comunicaci\u00f3n Audiovisual, que impide la plena aplicaci\u00f3n de la norma.<\/p>\n<p>En el marco de este expediente han sido ya notificados los jueces del fuero Civil y Comercial para formular explicaciones y ofrecer pruebas para entender el rol que cada uno tuvo en este sistema de subrogaciones rotativas de jueces y asignaci\u00f3n de expedientes.<\/p>\n<p>Los camaristas podr\u00e1n ofrecer estas explicaciones y pruebas en forma escrita en un plazo no mayor a 20 d\u00edas h\u00e1biles a partir del momento de recibir las notificaciones, que fue el viernes \u00faltimo.<\/p>\n<p>Al mismo tiempo, el Consejo inform\u00f3 que se suspendi\u00f3 el plenario que estaba convocado para ma\u00f1ana debido a que algunos de sus miembros son senadores y deber\u00e1n concurrir a las 12 a una reuni\u00f3n extraordinaria para prestar acuerdo a una lista que designa a 16 conjueces de la C\u00e1mara Nacional de Apelaciones en lo Civil y Comercial Federal de esta capital, presentada por el Poder Ejecutivo.<\/p>\n<p>La reuni\u00f3n de la Comisi\u00f3n de Disciplina y Acusaci\u00f3n es en realidad la reanudaci\u00f3n del Cuarto Intermedio al que pasaron el jueves \u00faltimo, cuando decidieron pedir informaci\u00f3n a camaristas y jueces de primera instancia sobre el sistema de subrogancias que se aplicaba en el fuero Civil y Comercial Federal.<\/p>\n<p>La Corte Suprema indic\u00f3 que el pr\u00f3ximo 7 de diciembre vence la medida cautelar que permite al grupo Clar\u00edn no cumplir \u00edntegramente la Ley de Servicios de Comunicaci\u00f3n Audiovisual, sancionada por el Parlamento hace m\u00e1s de tres a\u00f1os para reemplazar la antigua norma que reg\u00eda desde la \u00e9poca de la dictadura.<\/p>\n<p>La medida cautelar apunta al art\u00edculo 161 de la Ley de Medios que obliga a aquellos grupos medi\u00e1ticos que tengan m\u00e1s licencias que las que permite le ley, a adecuarse a los que indica la norma.<\/p>\n","protected":false},"excerpt":{"rendered":"<p>La Comisi\u00f3n de Disciplina y Acusaci\u00f3n escuchar\u00e1 este jueves, a ocho jueces y a un magistrado jubilado, en el marco de la denuncia por irregularidades en designaciones en el juzgado que tramita la Ley de Medios.<\/p>\n","protected":false},"author":11,"featured_media":0,"comment_status":"open","ping_status":"open","sticky":false,"template":"","format":"standard","meta":{"_jetpack_newsletter_access":"","_jetpack_dont_email_post_to_subs":false,"_jetpack_newsletter_tier_id":0,"_jetpack_memberships_contains_paywalled_content":false,"_jetpack_memberships_contains_paid_content":false,"footnotes":""},"categories":[54],"tags":[],"class_list":["post-3121","post","type-post","status-publish","format-standard","hentry","category-medios"],"jetpack_featured_media_url":"","jetpack_shortlink":"https:\/\/wp.me\/p2JWE0-Ol","jetpack-related-posts":[{"id":1409,"url":"https:\/\/www.24baires.com\/?p=1409","url_meta":{"origin":3121,"position":0},"title":"\u00abEl nuevo Carbone se llama Tettamanti\u00bb","author":"AF","date":"08\/10\/2012","format":false,"excerpt":"Julio Alak asegur\u00f3 que el magistrado designado en el juzgado en el que radica la presentaci\u00f3n del Grupo Clar\u00edn por el art\u00edculo de desinversi\u00f3n de la Ley de Medios, Ra\u00fal Tettamanti, es \"el nuevo Carbone\", en alusi\u00f3n al juez que dio la cautelar que mantuvo m\u00e1s de dos a\u00f1os congelada\u2026","rel":"","context":"En \u00abMedios\u00bb","block_context":{"text":"Medios","link":"https:\/\/www.24baires.com\/?cat=54"},"img":{"alt_text":"","src":"https:\/\/i0.wp.com\/www.24baires.com\/wp-content\/uploads\/2012\/10\/alak.jpg?resize=350%2C200","width":350,"height":200,"srcset":"https:\/\/i0.wp.com\/www.24baires.com\/wp-content\/uploads\/2012\/10\/alak.jpg?resize=350%2C200 1x, https:\/\/i0.wp.com\/www.24baires.com\/wp-content\/uploads\/2012\/10\/alak.jpg?resize=525%2C300 1.5x"},"classes":[]},{"id":1102,"url":"https:\/\/www.24baires.com\/?p=1102","url_meta":{"origin":3121,"position":1},"title":"Alak denunci\u00f3 maniobras \u00abfuncionales al Grupo Clar\u00edn\u00bb contra la vigencia plena de la Ley de Medios","author":"Grupo Sierra","date":"05\/10\/2012","format":false,"excerpt":"El ministro de Justicia se\u00a0refiri\u00f3\u00a0a la decisi\u00f3n de cinco integrantes de la Magistratura de bloquear la designaci\u00f3n del juez titular que deber\u00e1 fallar sobre la cl\u00e1usula que obliga al grupo Clar\u00edn a desinvertir. Alak advirti\u00f3 sobre una \"maniobra que apunta a tener en suspenso el art\u00edculo 161 de la ley\u2026","rel":"","context":"En \u00abMedios\u00bb","block_context":{"text":"Medios","link":"https:\/\/www.24baires.com\/?cat=54"},"img":{"alt_text":"","src":"","width":0,"height":0},"classes":[]},{"id":4110,"url":"https:\/\/www.24baires.com\/?p=4110","url_meta":{"origin":3121,"position":2},"title":"Bocanera reconoci\u00f3 que a Tettamanti lo designaron &#8216;a dedo&#8217;","author":"AF","date":"01\/11\/2012","format":false,"excerpt":"El secretario general del fuero Civil y Comercial ofreci\u00f3 su testimonio ante la Comisi\u00f3n de Disciplina y Acusaci\u00f3n del Consejo de la Magistratura. All\u00ed asegur\u00f3 que al juez, jubilado, Ra\u00fal Tettamanti lo designaron de forma manual. El secretario general del la C\u00e1mara Civil y Comercial Federal, Gustavo Bocanera, quien prest\u00f3\u2026","rel":"","context":"En \u00abMedios\u00bb","block_context":{"text":"Medios","link":"https:\/\/www.24baires.com\/?cat=54"},"img":{"alt_text":"","src":"https:\/\/i0.wp.com\/www.24baires.com\/wp-content\/uploads\/2012\/11\/tettamanti2-300x193.jpg?resize=350%2C200","width":350,"height":200},"classes":[]},{"id":1757,"url":"https:\/\/www.24baires.com\/?p=1757","url_meta":{"origin":3121,"position":3},"title":"Alak pide \u00abjueces naturales\u00bb y cuestion\u00f3 a los miembros de la oposici\u00f3n en la Magistratura","author":"Grupo Sierra","date":"12\/10\/2012","format":false,"excerpt":"El ministro de Justicia, Julio Alak, cuestion\u00f3 a los miembros de la oposici\u00f3n en el Consejo de la Magistratura y los acus\u00f3 de \"privar a los argentinos de tener un juez natural\". Los cuestionamientos fueron dirigidos a los miembros de la oposici\u00f3n en el Consejo de la Magistratura que ayer\u2026","rel":"","context":"En \u00abMedios\u00bb","block_context":{"text":"Medios","link":"https:\/\/www.24baires.com\/?cat=54"},"img":{"alt_text":"","src":"https:\/\/i0.wp.com\/www.24baires.com\/wp-content\/uploads\/2012\/10\/alak.jpg?resize=350%2C200","width":350,"height":200,"srcset":"https:\/\/i0.wp.com\/www.24baires.com\/wp-content\/uploads\/2012\/10\/alak.jpg?resize=350%2C200 1x, https:\/\/i0.wp.com\/www.24baires.com\/wp-content\/uploads\/2012\/10\/alak.jpg?resize=525%2C300 1.5x"},"classes":[]},{"id":1539,"url":"https:\/\/www.24baires.com\/?p=1539","url_meta":{"origin":3121,"position":4},"title":"Renunci\u00f3 Tettamanti, el juez recusado por el Gobierno","author":"AF","date":"09\/10\/2012","format":false,"excerpt":"El ministro de Justicia, Julio Alak, hab\u00eda anunciado la semana pasada que objetar\u00eda la designaci\u00f3n del juez jubilado Ra\u00fal Tettamanti, convocado como subrogante para resolver sobre la cl\u00e1usula que obliga al Grupo Clar\u00edn a desinvertir a partir del 7 de diciembre, y hab\u00eda afirmado que exist\u00edan indicios de que el\u2026","rel":"","context":"En \u00abMedios\u00bb","block_context":{"text":"Medios","link":"https:\/\/www.24baires.com\/?cat=54"},"img":{"alt_text":"","src":"","width":0,"height":0},"classes":[]},{"id":105788,"url":"https:\/\/www.24baires.com\/?p=105788","url_meta":{"origin":3121,"position":5},"title":"El Consejo de la Magistratura fren\u00f3 el pago de Ganancias para los jueces","author":"AF","date":"06\/12\/2018","format":false,"excerpt":"En medio de una de las crisis econ\u00f3micas m\u00e1s brutales de la historia, y donde el r\u00e9gimen pol\u00edtico de Cambiemos le sigue pegando a las clases media y baja sin cesar, los magistrados decidieron no pagar el impuesto a las Ganancias. Los jueces del Consejo de la Magistratura realizaron un\u2026","rel":"","context":"En \u00abSociedad\u00bb","block_context":{"text":"Sociedad","link":"https:\/\/www.24baires.com\/?cat=1"},"img":{"alt_text":"","src":"https:\/\/i0.wp.com\/www.24baires.com\/wp-content\/uploads\/2015\/10\/tribunal-cnu.jpg?resize=350%2C200","width":350,"height":200,"srcset":"https:\/\/i0.wp.com\/www.24baires.com\/wp-content\/uploads\/2015\/10\/tribunal-cnu.jpg?resize=350%2C200 1x, https:\/\/i0.wp.com\/www.24baires.com\/wp-content\/uploads\/2015\/10\/tribunal-cnu.jpg?resize=525%2C300 1.5x"},"classes":[]}],"jetpack_sharing_enabled":true,"jetpack_likes_enabled":true,"_links":{"self":[{"href":"https:\/\/www.24baires.com\/index.php?rest_route=\/wp\/v2\/posts\/3121","targetHints":{"allow":["GET"]}}],"collection":[{"href":"https:\/\/www.24baires.com\/index.php?rest_route=\/wp\/v2\/posts"}],"about":[{"href":"https:\/\/www.24baires.com\/index.php?rest_route=\/wp\/v2\/types\/post"}],"author":[{"embeddable":true,"href":"https:\/\/www.24baires.com\/index.php?rest_route=\/wp\/v2\/users\/11"}],"replies":[{"embeddable":true,"href":"https:\/\/www.24baires.com\/index.php?rest_route=%2Fwp%2Fv2%2Fcomments&post=3121"}],"version-history":[{"count":3,"href":"https:\/\/www.24baires.com\/index.php?rest_route=\/wp\/v2\/posts\/3121\/revisions"}],"predecessor-version":[{"id":3127,"href":"https:\/\/www.24baires.com\/index.php?rest_route=\/wp\/v2\/posts\/3121\/revisions\/3127"}],"wp:attachment":[{"href":"https:\/\/www.24baires.com\/index.php?rest_route=%2Fwp%2Fv2%2Fmedia&parent=3121"}],"wp:term":[{"taxonomy":"category","embeddable":true,"href":"https:\/\/www.24baires.com\/index.php?rest_route=%2Fwp%2Fv2%2Fcategories&post=3121"},{"taxonomy":"post_tag","embeddable":true,"href":"https:\/\/www.24baires.com\/index.php?rest_route=%2Fwp%2Fv2%2Ftags&post=3121"}],"curies":[{"name":"wp","href":"https:\/\/api.w.org\/{rel}","templated":true}]}}