{"id":3114,"date":"2012-10-24T20:54:33","date_gmt":"2012-10-24T23:54:33","guid":{"rendered":"http:\/\/www.24baires.com\/?p=3114"},"modified":"2012-10-24T21:46:03","modified_gmt":"2012-10-25T00:46:03","slug":"comienza-el-juicio-por-la-bolsa-de-felisa-miceli","status":"publish","type":"post","link":"https:\/\/www.24baires.com\/?p=3114","title":{"rendered":"Comienza el Juicio por &#8216;la bolsa&#8217; de Felisa Miceli"},"content":{"rendered":"<p><img data-recalc-dims=\"1\" loading=\"lazy\" decoding=\"async\" class=\"aligncenter size-full wp-image-3115\" title=\"miceli 2\" src=\"https:\/\/i0.wp.com\/www.24baires.com\/wp-content\/uploads\/2012\/10\/miceli-2.jpg?resize=560%2C282\" alt=\"\" width=\"560\" height=\"282\" srcset=\"https:\/\/i0.wp.com\/www.24baires.com\/wp-content\/uploads\/2012\/10\/miceli-2.jpg?w=560&amp;ssl=1 560w, https:\/\/i0.wp.com\/www.24baires.com\/wp-content\/uploads\/2012\/10\/miceli-2.jpg?resize=300%2C151&amp;ssl=1 300w\" sizes=\"auto, (max-width: 560px) 100vw, 560px\" \/><\/p>\n<p>El Tribunal Oral en lo Criminal Federal N\u00b02 de la Capital dar\u00e1 inicio el pr\u00f3ximo lunes, a las 10.30, al juicio oral contra la ex ministra de Econom\u00eda Felisa Miceli, en el marco de la causa por el dinero hallado en el ba\u00f1o privado de su despacho en el Palacio de Hacienda, en el a\u00f1o 2007.<!--more--><br \/>\nLa audiencia se realizar\u00e1 en la sala SUM de los tribunales federales de Comodoro Py 2002 y ser\u00e1 transmitida en vivo por internet a trav\u00e9s de CIJ TV.<br \/>\nEl tribunal est\u00e1 integrado por los jueces Jorge Luciano Gorini, Rodrigo Gim\u00e9nez Uriburu y Jorge Alberto Tassara, y se prev\u00e9 que las audiencias del debate se realicen en principio de lunes a jueves, seg\u00fan la disponibilidad de salas en el edificio.<br \/>\nDurante el juicio prestar\u00e1n declaraci\u00f3n alrededor de 60 testigos y se estima que el debate concluir\u00e1 a mediados de diciembre pr\u00f3ximo.<\/p>\n","protected":false},"excerpt":{"rendered":"<p>El Tribunal Oral en lo Criminal Federal N\u00b02 de la Capital dar\u00e1 inicio el pr\u00f3ximo lunes, a las 10.30, al juicio oral contra la ex ministra de Econom\u00eda Felisa Miceli, en el marco de la causa por el dinero hallado en el ba\u00f1o privado de su despacho en el Palacio de Hacienda, en el a\u00f1o 2007.<\/p>\n","protected":false},"author":4,"featured_media":0,"comment_status":"open","ping_status":"open","sticky":false,"template":"","format":"standard","meta":{"_jetpack_newsletter_access":"","_jetpack_dont_email_post_to_subs":false,"_jetpack_newsletter_tier_id":0,"_jetpack_memberships_contains_paywalled_content":false,"_jetpack_memberships_contains_paid_content":false,"footnotes":""},"categories":[51],"tags":[],"class_list":["post-3114","post","type-post","status-publish","format-standard","hentry","category-politica"],"jetpack_featured_media_url":"","jetpack_shortlink":"https:\/\/wp.me\/p2JWE0-Oe","jetpack-related-posts":[{"id":8127,"url":"https:\/\/www.24baires.com\/?p=8127","url_meta":{"origin":3114,"position":0},"title":"Comienza la etapa final del juicio a Felisa Miceli","author":"AF","date":"06\/12\/2012","format":false,"excerpt":"Este mi\u00e9rcoles finalizaron las declaraciones testimoniales ante el tribunal. La ex funcionaria es juzgada por el dinero hallado en el a\u00f1o 2007 en el ba\u00f1o privado de su despacho en el Palacio de Hacienda. El pr\u00f3ximo martes arrancar\u00e1n los alegatos. El Tribunal Oral en lo Criminal Federal N\u00b0 2 de\u2026","rel":"","context":"En \u00abPol\u00edtica\u00bb","block_context":{"text":"Pol\u00edtica","link":"https:\/\/www.24baires.com\/?cat=51"},"img":{"alt_text":"","src":"","width":0,"height":0},"classes":[]},{"id":3710,"url":"https:\/\/www.24baires.com\/?p=3710","url_meta":{"origin":3114,"position":1},"title":"Comenz\u00f3 el juicio a Felisa Miceli: se neg\u00f3 a declarar","author":"AF","date":"29\/10\/2012","format":false,"excerpt":"La ex ministra de Econom\u00eda Felisa Miceli se neg\u00f3 hoy a declarar en el juicio juicio oral y p\u00fablico que se le inici\u00f3 por el hallazgo de una bolsa con 100 mil pesos y 31.670 d\u00f3lares dentro del ba\u00f1o en su\u00a0entonces despacho. \"Prefiero declarar en otro momento. Mis abogados me\u2026","rel":"","context":"En \u00abPol\u00edtica\u00bb","block_context":{"text":"Pol\u00edtica","link":"https:\/\/www.24baires.com\/?cat=51"},"img":{"alt_text":"","src":"","width":0,"height":0},"classes":[]},{"id":63920,"url":"https:\/\/www.24baires.com\/?p=63920","url_meta":{"origin":3114,"position":2},"title":"Ex ministra, condenada a tres a\u00f1os de prisi\u00f3n en suspenso","author":"GB","date":"06\/04\/2015","format":false,"excerpt":"La ex ministra de Econom\u00eda no ir\u00e1 presa. Se trata de la nueva pena que se le estableci\u00f3 a la ex funcionaria. Los jueces ordenaron adem\u00e1s el decomiso de los 100 mil pesos y 31.670 d\u00f3lares. El Tribunal Oral Federal 1 impuso la pena de 3 a\u00f1os de prisi\u00f3n de\u2026","rel":"","context":"En \u00abPol\u00edtica\u00bb","block_context":{"text":"Pol\u00edtica","link":"https:\/\/www.24baires.com\/?cat=51"},"img":{"alt_text":"miceli","src":"https:\/\/i0.wp.com\/www.24baires.com\/wp-content\/uploads\/2015\/04\/miceli.jpg?resize=350%2C200","width":350,"height":200,"srcset":"https:\/\/i0.wp.com\/www.24baires.com\/wp-content\/uploads\/2015\/04\/miceli.jpg?resize=350%2C200 1x, https:\/\/i0.wp.com\/www.24baires.com\/wp-content\/uploads\/2015\/04\/miceli.jpg?resize=525%2C300 1.5x"},"classes":[]},{"id":48720,"url":"https:\/\/www.24baires.com\/?p=48720","url_meta":{"origin":3114,"position":3},"title":"Felisa Miceli quiere \u00abzafar\u00bb de los cuatro a\u00f1os de prisi\u00f3n","author":"Grupo Sierra","date":"25\/06\/2014","format":false,"excerpt":"La ex ministra de Econom\u00eda pidi\u00f3 que se le revoque la condena a cuatro a\u00f1os de prisi\u00f3n por los 100 mil pesos y 31.670 d\u00f3lares que se encontraron en el ba\u00f1o de su despacho. Los abogados de Miceli hicieron el pedido en una audiencia ante la Sala II de la\u2026","rel":"","context":"En \u00abJUDICIALES\u00bb","block_context":{"text":"JUDICIALES","link":"https:\/\/www.24baires.com\/?cat=68"},"img":{"alt_text":"miceli 2","src":"https:\/\/i0.wp.com\/www.24baires.com\/wp-content\/uploads\/2012\/10\/miceli-2.jpg?resize=350%2C200","width":350,"height":200,"srcset":"https:\/\/i0.wp.com\/www.24baires.com\/wp-content\/uploads\/2012\/10\/miceli-2.jpg?resize=350%2C200 1x, https:\/\/i0.wp.com\/www.24baires.com\/wp-content\/uploads\/2012\/10\/miceli-2.jpg?resize=525%2C300 1.5x"},"classes":[]},{"id":50195,"url":"https:\/\/www.24baires.com\/?p=50195","url_meta":{"origin":3114,"position":4},"title":"Casaci\u00f3n confirm\u00f3 la condena para Felisa Miceli","author":"Grupo Sierra","date":"19\/07\/2014","format":false,"excerpt":"La pena es por \"encubrimiento agravado\" de una maniobra financiera il\u00edcita. Hab\u00edan encontrado 100 pesos y 31.670 d\u00f3lares en el ba\u00f1o de su despacho. La C\u00e1mara Federal de Casaci\u00f3n Penal confirm\u00f3 hoy la condena a la ex ministra de Econom\u00eda, Felisa Miceli por el caso de la bolsa de dinero\u2026","rel":"","context":"En \u00abJUDICIALES\u00bb","block_context":{"text":"JUDICIALES","link":"https:\/\/www.24baires.com\/?cat=68"},"img":{"alt_text":"miceli 2","src":"https:\/\/i0.wp.com\/www.24baires.com\/wp-content\/uploads\/2012\/10\/miceli-2.jpg?resize=350%2C200","width":350,"height":200,"srcset":"https:\/\/i0.wp.com\/www.24baires.com\/wp-content\/uploads\/2012\/10\/miceli-2.jpg?resize=350%2C200 1x, https:\/\/i0.wp.com\/www.24baires.com\/wp-content\/uploads\/2012\/10\/miceli-2.jpg?resize=525%2C300 1.5x"},"classes":[]},{"id":108234,"url":"https:\/\/www.24baires.com\/?p=108234","url_meta":{"origin":3114,"position":5},"title":"Conoc\u00e9 los pormenores del juicio a CFK que comienza el martes pr\u00f3ximo","author":"AF","date":"17\/05\/2019","format":false,"excerpt":"Es por la denominada causa Vialidad. Las imputaciones, los acusados, los jueces, las audiencias, las pruebas que faltan, los recursos pendientes en esta nota. Luego de las las idas y venidas sobre su postergaci\u00f3n el primer juicio a la ex presidenta Cristina Kirchner comenzar\u00e1 el pr\u00f3ximo martes tal como estaba\u2026","rel":"","context":"En \u00abLocales\u00bb","block_context":{"text":"Locales","link":"https:\/\/www.24baires.com\/?cat=38"},"img":{"alt_text":"","src":"https:\/\/i0.wp.com\/www.24baires.com\/wp-content\/uploads\/2012\/10\/cfk.jpg?resize=350%2C200","width":350,"height":200,"srcset":"https:\/\/i0.wp.com\/www.24baires.com\/wp-content\/uploads\/2012\/10\/cfk.jpg?resize=350%2C200 1x, https:\/\/i0.wp.com\/www.24baires.com\/wp-content\/uploads\/2012\/10\/cfk.jpg?resize=525%2C300 1.5x"},"classes":[]}],"jetpack_sharing_enabled":true,"jetpack_likes_enabled":true,"_links":{"self":[{"href":"https:\/\/www.24baires.com\/index.php?rest_route=\/wp\/v2\/posts\/3114","targetHints":{"allow":["GET"]}}],"collection":[{"href":"https:\/\/www.24baires.com\/index.php?rest_route=\/wp\/v2\/posts"}],"about":[{"href":"https:\/\/www.24baires.com\/index.php?rest_route=\/wp\/v2\/types\/post"}],"author":[{"embeddable":true,"href":"https:\/\/www.24baires.com\/index.php?rest_route=\/wp\/v2\/users\/4"}],"replies":[{"embeddable":true,"href":"https:\/\/www.24baires.com\/index.php?rest_route=%2Fwp%2Fv2%2Fcomments&post=3114"}],"version-history":[{"count":2,"href":"https:\/\/www.24baires.com\/index.php?rest_route=\/wp\/v2\/posts\/3114\/revisions"}],"predecessor-version":[{"id":3117,"href":"https:\/\/www.24baires.com\/index.php?rest_route=\/wp\/v2\/posts\/3114\/revisions\/3117"}],"wp:attachment":[{"href":"https:\/\/www.24baires.com\/index.php?rest_route=%2Fwp%2Fv2%2Fmedia&parent=3114"}],"wp:term":[{"taxonomy":"category","embeddable":true,"href":"https:\/\/www.24baires.com\/index.php?rest_route=%2Fwp%2Fv2%2Fcategories&post=3114"},{"taxonomy":"post_tag","embeddable":true,"href":"https:\/\/www.24baires.com\/index.php?rest_route=%2Fwp%2Fv2%2Ftags&post=3114"}],"curies":[{"name":"wp","href":"https:\/\/api.w.org\/{rel}","templated":true}]}}