{"id":31103,"date":"2013-08-31T21:42:35","date_gmt":"2013-09-01T00:42:35","guid":{"rendered":"http:\/\/www.24baires.com\/?p=31103"},"modified":"2013-08-31T21:42:35","modified_gmt":"2013-09-01T00:42:35","slug":"en-la-dulce-espera-del-fallo-de-la-corte","status":"publish","type":"post","link":"https:\/\/www.24baires.com\/?p=31103","title":{"rendered":"En la &#8216;dulce espera&#8217; del fallo de la Corte"},"content":{"rendered":"<p><img data-recalc-dims=\"1\" loading=\"lazy\" decoding=\"async\" class=\"aligncenter size-full wp-image-9793\" alt=\"corte suprema\" src=\"https:\/\/i0.wp.com\/www.24baires.com\/wp-content\/uploads\/2012\/12\/corte-suprema.jpg?resize=560%2C239\" width=\"560\" height=\"239\" srcset=\"https:\/\/i0.wp.com\/www.24baires.com\/wp-content\/uploads\/2012\/12\/corte-suprema.jpg?w=560&amp;ssl=1 560w, https:\/\/i0.wp.com\/www.24baires.com\/wp-content\/uploads\/2012\/12\/corte-suprema.jpg?resize=300%2C128&amp;ssl=1 300w\" sizes=\"auto, (max-width: 560px) 100vw, 560px\" \/><\/p>\n<p>Debatimos un proyecto de ley, durante meses, de muchas maneras distintas. Por eso se la llam\u00f3 la Ley del Pueblo, porque la gente pudo discutirla y aportar sus ideas en muchas jornadas a lo largo y ancho del pa\u00eds. Y as\u00ed se nutri\u00f3 el proyecto por una ley de Medios Audiovisuales de la democracia y as\u00ed lleg\u00f3 a las C\u00e1maras, donde tambi\u00e9n fue discutido por todo el arco pol\u00edtico y luego aprobado.<!--more--><\/p>\n<p>Pero ya sabemos que pas\u00f3: cautelar de Clar\u00edn y suspensi\u00f3n de varios art\u00edculos. En diciembre pasado, el juez Horacio Alfonso dict\u00f3 la primera sentencia de fondo en el caso y rechaz\u00f3 todos los planteos del Grupo declarando que ninguno de los art\u00edculos de la ley de Medios cuestionados viola la Constituci\u00f3n. Clar\u00edn apel\u00f3. Cuatro a\u00f1os despu\u00e9s, la Corte arma una audiencia, porque parece que todav\u00eda no se decide a fallar de una vez.<\/p>\n<p>Entonces, decimos que lo que quiere Clar\u00edn tiene mayor validez e importancia para la Corte que lo que debati\u00f3 y cre\u00f3 el pueblo, y parece que caemos en una subjetividad. Pero es algo que resulta obvio, inclusive con un an\u00e1lisis escaso, pues cuando el resto de los medios de comunicaci\u00f3n enmarcados en las generales de esta ley se han comenzado a adecuar a la misma, el Grupo monop\u00f3lico de niega de plano a desinvertir, entre otras cosas. S\u00f3lo de TV por cable, Clar\u00edn tiene 237 licencias.<\/p>\n<p>Y mientras se espera al fallo de la Corte luego de dos jornadas de audiencia donde Clar\u00edn expuso, as\u00ed como el Estado, y se les hicieron preguntas a ambos, el abogado del grupo, Dami\u00e1n Cassino, advirti\u00f3 que sus representados no respetar\u00e1n un fallo adverso de la Corte Suprema y anunci\u00f3 que si los art\u00edculos cuestionados son considerados constitucionales, apelar\u00e1n internacionalmente. As\u00ed, le ponen una presi\u00f3n m\u00e1s a la justicia argentina, crey\u00e9ndose por sobre ella, por sobre la democracia.<\/p>\n<p>En la segunda jornada, donde los abogados del Grupo (Mar\u00eda Gelli, Alejandro Carri\u00f3 y Dami\u00e1n Cassino) respondieron 17 preguntas formuladas por Lorenzetti, titubearon mucho, balbucearon y trataron de no responder con evasivas, incluso. Manifestaron persecuci\u00f3n desde el Estado, y dijeron varias veces que ellos eran los protectores de la libertad de expresi\u00f3n. El Estado respondi\u00f3 las 33 preguntas que le formul\u00f3 el Presidente de la Corte, donde se destac\u00f3 la asesora Graciana Pe\u00f1afort Colombi, una joven abogada que demostr\u00f3 una solidez de conocimientos may\u00fascula e, incluso, hizo sonre\u00edr al mismo Lorenzetti cuando \u00e9ste le avis\u00f3 que iba a la \u00faltima pregunta y Pe\u00f1afort la recibi\u00f3 con un suspiro de alivio: \u201cMenos mal\u201d, dijo, despu\u00e9s hablar horas. Tambi\u00e9n respondieron junto a ella Daniel Larrache, el constitucionalista y asesor externo de la Procuraci\u00f3n del Tesoro, Eduardo Barcesat, y el economista Horacio Seillant.<\/p>\n<p>\u00c9sta misma representante del Gobierno, el \u2018demandado\u2019 en la causa, corrigi\u00f3 a la Corte, cuando \u00e9sta pregunt\u00f3 \u201csi se desea reducir las licencias del Grupo Clar\u00edn, \u00bfpor qu\u00e9 no se hizo por decreto?\u201d. All\u00ed Pe\u00f1afort afirm\u00f3 que hab\u00eda un error en la pregunta en s\u00ed, puesto que el Gobierno no \u2018desea\u2019 reducir licencias, sino que el Grupo, al igual que todos, se adecue a una ley votada por la democracia: \u201cNo se desea reducir las licencias de Clar\u00edn, se desea desconcentrar el mercado argentino, no el Grupo Clar\u00edn\u201d, dijo la joven.<\/p>\n<p>Otras de las preguntas inquir\u00eda si la ley faculta al Estado a \u201cquitar licencias ya otorgadas a cualquiera de las empresas que ya trabajan en el sistema o las que otorgue en el futuro, sin derecho alguno\u201d. El Estado, una vez m\u00e1s en boca de Pe\u00f1afort, respondi\u00f3: \u201cSi bien no es materia de este litigio, basta decir que no es una facultad discrecional, hay determinadas condiciones regladas por ley, no son discrecionales estas condiciones\u201d.<br \/>\nAhora resta esperar, seguir esperando, mejor dicho, el fallo de la Corte Suprema sobre los cuatro art\u00edculos cuestionados y tachados de inconstitucionales por el Grupo Clar\u00edn, inclusive el que los insta a desinvertir.<\/p>\n<p>&nbsp;<\/p>\n<p>&nbsp;<\/p>\n<p>&nbsp;<\/p>\n<p>&nbsp;<\/p>\n<p>&nbsp;<\/p>\n","protected":false},"excerpt":{"rendered":"<p>Debatimos un proyecto de ley, durante meses, de muchas maneras distintas. Por eso se la llam\u00f3 la Ley del Pueblo, porque la gente pudo discutirla y aportar sus ideas en muchas jornadas a lo largo y ancho del pa\u00eds. Y as\u00ed se nutri\u00f3 el proyecto por una ley de Medios Audiovisuales de la democracia y as\u00ed lleg\u00f3 a las C\u00e1maras, [&#8230;]<\/p>\n","protected":false},"author":11,"featured_media":0,"comment_status":"open","ping_status":"open","sticky":false,"template":"","format":"standard","meta":{"_jetpack_newsletter_access":"","_jetpack_dont_email_post_to_subs":false,"_jetpack_newsletter_tier_id":0,"_jetpack_memberships_contains_paywalled_content":false,"_jetpack_memberships_contains_paid_content":false,"footnotes":""},"categories":[64],"tags":[],"class_list":["post-31103","post","type-post","status-publish","format-standard","hentry","category-opinion"],"jetpack_featured_media_url":"","jetpack_shortlink":"https:\/\/wp.me\/p2JWE0-85F","jetpack-related-posts":[{"id":36049,"url":"https:\/\/www.24baires.com\/?p=36049","url_meta":{"origin":31103,"position":0},"title":"Asesor de Clar\u00edn escribe libro sobre la Ley de Medios: \u201cNo tuvo bases cient\u00edficas\u201d dijo","author":"Grupo Sierra","date":"01\/12\/2013","format":false,"excerpt":"\u201cClar\u00edn y la Ley de Medios. Claves para comprender c\u00f3mo resolver\u00e1 el caso la Corte Suprema de la Naci\u00f3n\u201d se consigue desde hace dos semanas en las librer\u00edas. El t\u00edtulo del libro habla en futuro de un fallo de la Corte que hab\u00eda ocurrido d\u00edas antes de su impresi\u00f3n. El\u2026","rel":"","context":"En \u00abMedios\u00bb","block_context":{"text":"Medios","link":"https:\/\/www.24baires.com\/?cat=54"},"img":{"alt_text":"","src":"","width":0,"height":0},"classes":[]},{"id":21371,"url":"https:\/\/www.24baires.com\/?p=21371","url_meta":{"origin":31103,"position":1},"title":"Ni los Monopolios con esta Justicia son iguales ante la Ley","author":"Grupo Sierra","date":"18\/04\/2013","format":false,"excerpt":"Empecemos con una pregunta ineludible: \u00bfCu\u00e1l es la esencia de la Ley de Medios? Y no caigamos en la chicana corta de responder \u201cquerer voltear a Clar\u00edn\u201d, que seguramente es lo que moviliz\u00f3 la militancia de unos cuantos, m\u00e1s all\u00e1 del esp\u00edritu democr\u00e1tico del proyecto. Nos preguntamos cu\u00e1l es el\u2026","rel":"","context":"En \u00abOpini\u00f3n\u00bb","block_context":{"text":"Opini\u00f3n","link":"https:\/\/www.24baires.com\/?cat=64"},"img":{"alt_text":"tribunales","src":"https:\/\/i0.wp.com\/www.24baires.com\/wp-content\/uploads\/2012\/11\/tribunales.jpg?resize=350%2C200","width":350,"height":200,"srcset":"https:\/\/i0.wp.com\/www.24baires.com\/wp-content\/uploads\/2012\/11\/tribunales.jpg?resize=350%2C200 1x, https:\/\/i0.wp.com\/www.24baires.com\/wp-content\/uploads\/2012\/11\/tribunales.jpg?resize=525%2C300 1.5x"},"classes":[]},{"id":37222,"url":"https:\/\/www.24baires.com\/?p=37222","url_meta":{"origin":31103,"position":2},"title":"Sabbatella dijo sobre Clar\u00edn: \u00abno se puede cumplir con un pedacito de la ley\u00bb","author":"GB","date":"20\/12\/2013","format":false,"excerpt":"El titular de la Autoridad Federal de Servicios de Comunicaci\u00f3n Audiovisual (AFSCA), Mart\u00edn Sabbatella, dijo hoy que \u201cno se puede presentar un plan de adecuaci\u00f3n mostrando voluntad de cumplir la ley cuando no lo est\u00e1n haciendo en otros aspectos de esa misma norma\u201d, y grafic\u00f3 que \u201cno se puede cumplir\u2026","rel":"","context":"En \u00abMedios\u00bb","block_context":{"text":"Medios","link":"https:\/\/www.24baires.com\/?cat=54"},"img":{"alt_text":"sabbatella post fallo","src":"https:\/\/i0.wp.com\/www.24baires.com\/wp-content\/uploads\/2012\/12\/sabbatella-post-fallo-300x200.jpg?resize=350%2C200","width":350,"height":200},"classes":[]},{"id":7153,"url":"https:\/\/www.24baires.com\/?p=7153","url_meta":{"origin":31103,"position":3},"title":"\u00abEl 7 de diciembre es la fecha final\u00bb","author":"AF","date":"28\/11\/2012","format":false,"excerpt":"El ministro de Justicia y Derechos Humanos, Julio Alak, asegur\u00f3 que \"el 7 de diciembre es la fecha final para las cautelares de Clar\u00edn\", luego de que la Corte Suprema de Justicia dispusiera este martes no otorgar una nueva pr\u00f3rroga al grupo medi\u00e1tico respecto al cumplimiento pleno de la Ley\u2026","rel":"","context":"En \u00abMedios\u00bb","block_context":{"text":"Medios","link":"https:\/\/www.24baires.com\/?cat=54"},"img":{"alt_text":"","src":"","width":0,"height":0},"classes":[]},{"id":8627,"url":"https:\/\/www.24baires.com\/?p=8627","url_meta":{"origin":31103,"position":4},"title":"La Corte Suprema rechaz\u00f3 el per saltum","author":"Grupo Sierra","date":"10\/12\/2012","format":false,"excerpt":"El m\u00e1ximo tribunal resolvi\u00f3 no hacer uso de ese recurso, solicitado por el Gobierno para revisar el fallo de la C\u00e1mara que hab\u00eda extendido la cautelar del Grupo Clar\u00edn en contra de la aplicaci\u00f3n de la Ley de Medios. Se deber\u00e1 esperar el fallo del Juez Alfonso. AMPLIAREMOS La Corte\u2026","rel":"","context":"En \u00abMedios\u00bb","block_context":{"text":"Medios","link":"https:\/\/www.24baires.com\/?cat=54"},"img":{"alt_text":"","src":"","width":0,"height":0},"classes":[]},{"id":34332,"url":"https:\/\/www.24baires.com\/?p=34332","url_meta":{"origin":31103,"position":5},"title":"El Grupo Clar\u00edn se niega a aceptar el fallo y piensa apelar en tribunales internacionales","author":"GB","date":"29\/10\/2013","format":false,"excerpt":"El Grupo Clar\u00edn emiti\u00f3 esta tarde un comunicado en el que \"analiza las futuras derivaciones judiciales\" del fallo de la Corte Suprema que declar\u00f3 la constitucionalidad de la ley de medios, y adelanta que ya planea \"la apelaci\u00f3n ante tribunales internacionales\". El grupo econ\u00f3mico y medi\u00e1tico dirigido por H\u00e9ctor Magnetto\u2026","rel":"","context":"En \u00abMedios\u00bb","block_context":{"text":"Medios","link":"https:\/\/www.24baires.com\/?cat=54"},"img":{"alt_text":"","src":"","width":0,"height":0},"classes":[]}],"jetpack_sharing_enabled":true,"jetpack_likes_enabled":true,"_links":{"self":[{"href":"https:\/\/www.24baires.com\/index.php?rest_route=\/wp\/v2\/posts\/31103","targetHints":{"allow":["GET"]}}],"collection":[{"href":"https:\/\/www.24baires.com\/index.php?rest_route=\/wp\/v2\/posts"}],"about":[{"href":"https:\/\/www.24baires.com\/index.php?rest_route=\/wp\/v2\/types\/post"}],"author":[{"embeddable":true,"href":"https:\/\/www.24baires.com\/index.php?rest_route=\/wp\/v2\/users\/11"}],"replies":[{"embeddable":true,"href":"https:\/\/www.24baires.com\/index.php?rest_route=%2Fwp%2Fv2%2Fcomments&post=31103"}],"version-history":[{"count":3,"href":"https:\/\/www.24baires.com\/index.php?rest_route=\/wp\/v2\/posts\/31103\/revisions"}],"predecessor-version":[{"id":31106,"href":"https:\/\/www.24baires.com\/index.php?rest_route=\/wp\/v2\/posts\/31103\/revisions\/31106"}],"wp:attachment":[{"href":"https:\/\/www.24baires.com\/index.php?rest_route=%2Fwp%2Fv2%2Fmedia&parent=31103"}],"wp:term":[{"taxonomy":"category","embeddable":true,"href":"https:\/\/www.24baires.com\/index.php?rest_route=%2Fwp%2Fv2%2Fcategories&post=31103"},{"taxonomy":"post_tag","embeddable":true,"href":"https:\/\/www.24baires.com\/index.php?rest_route=%2Fwp%2Fv2%2Ftags&post=31103"}],"curies":[{"name":"wp","href":"https:\/\/api.w.org\/{rel}","templated":true}]}}