{"id":3103,"date":"2012-10-24T20:45:45","date_gmt":"2012-10-24T23:45:45","guid":{"rendered":"http:\/\/www.24baires.com\/?p=3103"},"modified":"2012-10-24T22:03:51","modified_gmt":"2012-10-25T01:03:51","slug":"presentaron-la-dos-la-agrupacion-politica-que-apoya-a-scioli","status":"publish","type":"post","link":"https:\/\/www.24baires.com\/?p=3103","title":{"rendered":"Presentaron &#8216;La DOS&#8217;, la agrupaci\u00f3n pol\u00edtica que apoya a Scioli"},"content":{"rendered":"<p><img data-recalc-dims=\"1\" loading=\"lazy\" decoding=\"async\" class=\"alignleft size-medium wp-image-3125\" title=\"la DOS\" src=\"https:\/\/i0.wp.com\/www.24baires.com\/wp-content\/uploads\/2012\/10\/la-DOS.jpg?resize=300%2C199\" alt=\"\" width=\"300\" height=\"199\" srcset=\"https:\/\/i0.wp.com\/www.24baires.com\/wp-content\/uploads\/2012\/10\/la-DOS.jpg?resize=300%2C199&amp;ssl=1 300w, https:\/\/i0.wp.com\/www.24baires.com\/wp-content\/uploads\/2012\/10\/la-DOS.jpg?w=560&amp;ssl=1 560w\" sizes=\"auto, (max-width: 300px) 100vw, 300px\" \/>La agrupaci\u00f3n sciolista conducida por Alberto P\u00e9rez realiz\u00f3 su lanzamiento en un hotel de La Plata. Se ley\u00f3 un documento y luego el jefe de Gabinete provincial dio un discurso, en el que dijo que \u201ces mucha la expectativa hacia futuro que tiene cada uno de los argentinos en Daniel Scioli\u201d.<!--more--><\/p>\n<p>Exactamente un a\u00f1o despu\u00e9s del triunfo del Frente para la Victoria en las elecciones, el sciolismo lanz\u00f3 otra agrupaci\u00f3n de las varias que contiene entre sus ministros y funcionarios, y que no ser\u00e1 la \u00faltima. El acto cont\u00f3 con la presencia de un gran n\u00famero de militantes, dirigentes y funcionarios provinciales, y la asistencia de Rub\u00e9n L\u00f3pez, hijo del desaparecido Julio L\u00f3pez.<\/p>\n<p>La DOS (Daniel Osvaldo Scioli) sali\u00f3 a la cancha en un hotel c\u00e9ntrico de La Plata, y la presentaci\u00f3n se hizo a trav\u00e9s de un documento, le\u00eddo por el ministro de Desarrollo Social, Mart\u00edn Ferr\u00e9. En el mismo se hizo hincapi\u00e9 varias veces en la voluntad de di\u00e1logo del espacio.<\/p>\n<p>\u201cSomos peronistas por convicci\u00f3n, por raz\u00f3n, por historia. Nuestros valores son los del humanismo trascendente y solidario. Contra el individualismo indiferente y el ego\u00edsmo creemos en la capacidad transformadora, constructiva y superadora de las personas y de los pueblos organizados\u201d, dice el primer p\u00e1rrafo del documento.<\/p>\n<p>En otro tramo del texto le\u00eddo por Ferr\u00e9 se expresa: \u201cDaniel Scioli, con su temple y experiencia, encarna el peronismo en el que creemos\u201d. El documento elogia a Alberto Balestrini, obvia a Gabriel Mariotto y habla de la lealtad del Gobernador \u201cal pueblo de la Provincia\u201d. Y dice que \u201cel modelo implementado a partir de 2003 encabezado por los compa\u00f1eros N\u00e9stor, Cristina y Scioli, reconoce, como ning\u00fan otro gobierno desde el regreso de la democracia en 1983, la continuidad hist\u00f3rica de la tradici\u00f3n peronista\u2026\u201d<\/p>\n<p>Con la frase \u201clo mejor est\u00e1 por venir\u201d, cerr\u00f3 la exposici\u00f3n de presentaci\u00f3n antes de dar lugar a las palabras de Alberto P\u00e9rez.<\/p>\n<p>En su discurso, el Jefe de Gabinete asegur\u00f3: \u201cTodos sabemos que 2009 fue un momento dif\u00edcil, donde muchos se borraron o estaban en otro lado. Muchos que hoy son campeones de acompa\u00f1ar a este proyecto estaban en otro lado y nosotros estuvimos donde ten\u00edamos que estar\u201d. Todos interpretaron que la cr\u00edtica iba dirigida a Mart\u00edn Sabbatella, aunque el ministro nunca lo mencion\u00f3.<\/p>\n<p>\u201cScioli me dijo que agradeciera a todos los compa\u00f1eros el apoyo que he sentido de ellos para afrontar las dificultades que hemos tenido\u201d, expres\u00f3 P\u00e9rez ante una sala llena que qued\u00f3 chica e hizo que muchos de los concurrentes (entre ellos varios senadores de La Juan Domingo) se quedaran en la vereda.<\/p>\n<p>Para el ministro, \u201cla pol\u00edtica es debatir, cambiar ideas, abrirse al di\u00e1logo\u201d, y La DOS \u201cse suma Peronismo Sin Fronteras, la agrupaci\u00f3n Descartes, la Juan Domingo\u201d.<\/p>\n<p>\u201cLa DOS tiene que ver con que a nuestras responsabilidades le sumamos siempre nuestra tarea y rol militante, para recorrer los territorios, para pensar un nuevo estado y nuevas pol\u00edticas\u201d, dijo P\u00e9rez.<\/p>\n<p>\u201cLa DOS va a aportar al debate de ideas, al crecimiento territorial, al peronismo, al proyecto nacional y que va a aportar a Daniel Scioli porque as\u00ed como es mucha la responsabilidad que ha depositado el pueblo de la provincia en Daniel Scioli, es mucha la expectativa hacia futuro que tiene cada uno de los argentinos en Daniel Scioli. Nosotros como militantes tenemos que nutrirlo constantemente a nuestro conductor de idea, de militancia de apertura\u201d, remarc\u00f3 en una de las frases m\u00e1s celebradas por el auditorio.<\/p>\n<p>Por \u00faltimo, P\u00e9rez sostuvo que \u201centendemos que la \u00fanica forma de transformar la argentina es a trav\u00e9s de la pol\u00edtica, y dentro de la pol\u00edtica en el peronismo y dentro del peronismo con hombres y mujeres que enarbolen los valores que enarbola Daniel Scioli\u201d<\/p>\n<p>Para cerrar, el Jefe de Gabinete solicit\u00f3 un minuto de silencio en la memoria de Sara Derotier de Cobacho, tras lo cual se enton\u00f3 la tradicional marcha peronista.<\/p>\n<p>Luego del acto, P\u00e9rez tuvo un encuentro con la prensa. \u201cQue Daniel Scioli sea el mejor gobernador en estos tres a\u00f1os y medio que quedan y despu\u00e9s va a ser todo m\u00e1s f\u00e1cil si hacemos eso bien, si pensamos al rev\u00e9s en lo que puede llegar a venir antes de la responsabilidad que tenemos, seguramente nos estaremos equivocando\u201d, fue la respuesta ante la consulta sobre las posibilidades presidenciales del Gobernador.<\/p>\n<p>Sobre La Dos dijo que \u201ces una agrupaci\u00f3n que convoca b\u00e1sicamente a sectores juveniles, somos hombres y mujeres de la pol\u00edtica que hemos iniciado nuestra militancia en la juventud universitaria peronista y desde ah\u00ed empezamos a trabajar con Daniel Scioli\u201d. Y sostuvo que desde la agrupaci\u00f3n se intentar\u00e1 \u201cpensar en el futuro, poner como piso lo que hemos hecho, intentar reflexionar, pensar, sumar gente, sumar ideas para responder a los millones de los habitantes que lo votaron y los que no lo votaron\u201d.<\/p>\n<p>Consultado acerca de la articulaci\u00f3n con las otras agrupaciones contenidas en el sciolismo y a la que pr\u00f3ximamente se sumar\u00e1 Proyectar (encabezada por el ministro Cristian Breitenstein), P\u00e9rez se asumi\u00f3 como el coordinador general y asever\u00f3 que \u201chay que sumar en pol\u00edtica, y nosotros aprendimos a sumar\u201d.<\/p>\n","protected":false},"excerpt":{"rendered":"<p>La agrupaci\u00f3n sciolista conducida por Alberto P\u00e9rez realiz\u00f3 su lanzamiento en un hotel de La Plata. Se ley\u00f3 un documento y luego el jefe de Gabinete provincial dio un discurso, en el que dijo que \u201ces mucha la expectativa hacia futuro que tiene cada uno de los argentinos en Daniel Scioli\u201d.<\/p>\n","protected":false},"author":4,"featured_media":0,"comment_status":"open","ping_status":"open","sticky":false,"template":"","format":"standard","meta":{"_jetpack_newsletter_access":"","_jetpack_dont_email_post_to_subs":false,"_jetpack_newsletter_tier_id":0,"_jetpack_memberships_contains_paywalled_content":false,"_jetpack_memberships_contains_paid_content":false,"footnotes":""},"categories":[51],"tags":[],"class_list":["post-3103","post","type-post","status-publish","format-standard","hentry","category-politica"],"jetpack_featured_media_url":"","jetpack_shortlink":"https:\/\/wp.me\/p2JWE0-O3","jetpack-related-posts":[{"id":108349,"url":"https:\/\/www.24baires.com\/?p=108349","url_meta":{"origin":3103,"position":0},"title":"Camino a la unidad: el PJ recibe quince agrupaciones opositoras","author":"AF","date":"23\/05\/2019","format":false,"excerpt":"El presidente del PJ, Jos\u00e9 Luis Gioja, recibe a dirigentes y referentes de unas quince fuerzas pol\u00edticas que se sumar\u00e1n a la coalici\u00f3n, con el objetivo de apoyar la candidatura de Alberto Fern\u00e1ndez y Cristina Kirchner. Gioja intenta llegar a fin de mes con el frente electoral opositor ya delineado.\u2026","rel":"","context":"En \u00abPol\u00edtica\u00bb","block_context":{"text":"Pol\u00edtica","link":"https:\/\/www.24baires.com\/?cat=51"},"img":{"alt_text":"","src":"https:\/\/i0.wp.com\/www.24baires.com\/wp-content\/uploads\/2019\/05\/cumbre-pj.jpeg?resize=350%2C200","width":350,"height":200,"srcset":"https:\/\/i0.wp.com\/www.24baires.com\/wp-content\/uploads\/2019\/05\/cumbre-pj.jpeg?resize=350%2C200 1x, https:\/\/i0.wp.com\/www.24baires.com\/wp-content\/uploads\/2019\/05\/cumbre-pj.jpeg?resize=525%2C300 1.5x"},"classes":[]},{"id":101122,"url":"https:\/\/www.24baires.com\/?p=101122","url_meta":{"origin":3103,"position":1},"title":"Indagar\u00e1n a Scioli por irregularidades en la construcci\u00f3n de las UPA 24","author":"AF","date":"17\/03\/2018","format":false,"excerpt":"El ex gobernador Daniel Scioli y quien fuera su ministro de Salud, Alejandro Collia, fueron imputados y citados a prestar declaraci\u00f3n indagatoria en el marco de una causa que investiga presuntas irregularidades en la adjudicaci\u00f3n de ocho Unidades de Pronta Atenci\u00f3n (UPA 24) para las que se destinaron m\u00e1s de\u2026","rel":"","context":"En \u00abJUDICIALES\u00bb","block_context":{"text":"JUDICIALES","link":"https:\/\/www.24baires.com\/?cat=68"},"img":{"alt_text":"","src":"https:\/\/i0.wp.com\/www.24baires.com\/wp-content\/uploads\/2014\/05\/Daniel-Scioli.jpg?resize=350%2C200","width":350,"height":200,"srcset":"https:\/\/i0.wp.com\/www.24baires.com\/wp-content\/uploads\/2014\/05\/Daniel-Scioli.jpg?resize=350%2C200 1x, https:\/\/i0.wp.com\/www.24baires.com\/wp-content\/uploads\/2014\/05\/Daniel-Scioli.jpg?resize=525%2C300 1.5x"},"classes":[]},{"id":102717,"url":"https:\/\/www.24baires.com\/?p=102717","url_meta":{"origin":3103,"position":2},"title":"Stolbizer: \u00abLa gesti\u00f3n de Vidal es tan mala como la de Scioli\u00bb","author":"GB","date":"13\/06\/2018","format":false,"excerpt":"La l\u00edder del GEN endureci\u00f3 su discurso contra la Gobernadora y afirm\u00f3 que \"no puede mostrar avances\" en educaci\u00f3n, salud y seguridad. Margarita Stolbizer abandon\u00f3 el discurso conciliador con Mar\u00eda Eugenia Vidal y afirm\u00f3 que su gesti\u00f3n \"es tan mala\" como la de su antecesor Daniel Scioli. Durante una visita\u2026","rel":"","context":"En \u00abPol\u00edtica\u00bb","block_context":{"text":"Pol\u00edtica","link":"https:\/\/www.24baires.com\/?cat=51"},"img":{"alt_text":"","src":"https:\/\/i0.wp.com\/www.24baires.com\/wp-content\/uploads\/2016\/08\/vidal-stolbizer.jpg?resize=350%2C200","width":350,"height":200,"srcset":"https:\/\/i0.wp.com\/www.24baires.com\/wp-content\/uploads\/2016\/08\/vidal-stolbizer.jpg?resize=350%2C200 1x, https:\/\/i0.wp.com\/www.24baires.com\/wp-content\/uploads\/2016\/08\/vidal-stolbizer.jpg?resize=525%2C300 1.5x"},"classes":[]},{"id":120226,"url":"https:\/\/www.24baires.com\/?p=120226","url_meta":{"origin":3103,"position":3},"title":"Cristina recibi\u00f3 a Scioli: \u201cA seguir trabajando, que es lo que hay que hacer\u201d","author":"AF","date":"28\/06\/2023","format":false,"excerpt":"\"Hablamos mucho, con sinceridad y con el respeto de siempre. Me transmiti\u00f3 que su vocaci\u00f3n es ayudar y colaborar como un compa\u00f1ero m\u00e1s\", asegur\u00f3 a trav\u00e9s de las redes sociales la Vicepresidenta sobre el encuentro. La Vicepresidenta Cristina Fern\u00e1ndez de Kirchner public\u00f3 en redes sociales una foto con el embajador\u2026","rel":"","context":"En \u00abPol\u00edtica\u00bb","block_context":{"text":"Pol\u00edtica","link":"https:\/\/www.24baires.com\/?cat=51"},"img":{"alt_text":"","src":"https:\/\/i0.wp.com\/www.24baires.com\/wp-content\/uploads\/2023\/06\/WhatsApp-Image-2023-06-28-at-23.30.42.jpeg?resize=350%2C200","width":350,"height":200,"srcset":"https:\/\/i0.wp.com\/www.24baires.com\/wp-content\/uploads\/2023\/06\/WhatsApp-Image-2023-06-28-at-23.30.42.jpeg?resize=350%2C200 1x, https:\/\/i0.wp.com\/www.24baires.com\/wp-content\/uploads\/2023\/06\/WhatsApp-Image-2023-06-28-at-23.30.42.jpeg?resize=525%2C300 1.5x, https:\/\/i0.wp.com\/www.24baires.com\/wp-content\/uploads\/2023\/06\/WhatsApp-Image-2023-06-28-at-23.30.42.jpeg?resize=700%2C400 2x"},"classes":[]},{"id":121553,"url":"https:\/\/www.24baires.com\/?p=121553","url_meta":{"origin":3103,"position":4},"title":"Peligra el encuentro de cierre de \u00abJ\u00f3venes y Memoria\u00bb en Chapadmalal","author":"GB","date":"16\/08\/2024","format":false,"excerpt":"La CPM hizo el pedido formal pero no obtuvo ninguna respuesta. Se realiza desde el 2002, de forma ininterrumpida. Luego de que el Gobierno Nacional anunciara el cierre de la Comisi\u00f3n Nacional por el Derecho a la Identidad (CONADI), abri\u00f3 ahora un nuevo cap\u00edtulo en su enfrentamiento abierto con los\u2026","rel":"","context":"En \u00abLocales\u00bb","block_context":{"text":"Locales","link":"https:\/\/www.24baires.com\/?cat=38"},"img":{"alt_text":"","src":"https:\/\/i0.wp.com\/www.24baires.com\/wp-content\/uploads\/2024\/08\/jovenes-y-memoria.jpeg?resize=350%2C200","width":350,"height":200,"srcset":"https:\/\/i0.wp.com\/www.24baires.com\/wp-content\/uploads\/2024\/08\/jovenes-y-memoria.jpeg?resize=350%2C200 1x, https:\/\/i0.wp.com\/www.24baires.com\/wp-content\/uploads\/2024\/08\/jovenes-y-memoria.jpeg?resize=525%2C300 1.5x, https:\/\/i0.wp.com\/www.24baires.com\/wp-content\/uploads\/2024\/08\/jovenes-y-memoria.jpeg?resize=700%2C400 2x"},"classes":[]},{"id":14320,"url":"https:\/\/www.24baires.com\/?p=14320","url_meta":{"origin":3103,"position":5},"title":"La Juan Domingo desembarca en tierras cordobesas","author":"Grupo Sierra","date":"01\/02\/2013","format":false,"excerpt":"Pese que el Gobernador Daniel Scioli evita pronunciarse en p\u00fablico sobre una eventual candidatura presidencial para el a\u00f1o 2015, desde sectores afines al mandatario provincial est\u00e1n moviendo fichas en varios frentes para empezar con el armado nacional del ex Vicepresidente de N\u00e9stor Kirchner. El acto ser\u00e1 en C\u00f3rdoba capital. No\u2026","rel":"","context":"En \u00abPol\u00edtica\u00bb","block_context":{"text":"Pol\u00edtica","link":"https:\/\/www.24baires.com\/?cat=51"},"img":{"alt_text":"","src":"","width":0,"height":0},"classes":[]}],"jetpack_sharing_enabled":true,"jetpack_likes_enabled":true,"_links":{"self":[{"href":"https:\/\/www.24baires.com\/index.php?rest_route=\/wp\/v2\/posts\/3103","targetHints":{"allow":["GET"]}}],"collection":[{"href":"https:\/\/www.24baires.com\/index.php?rest_route=\/wp\/v2\/posts"}],"about":[{"href":"https:\/\/www.24baires.com\/index.php?rest_route=\/wp\/v2\/types\/post"}],"author":[{"embeddable":true,"href":"https:\/\/www.24baires.com\/index.php?rest_route=\/wp\/v2\/users\/4"}],"replies":[{"embeddable":true,"href":"https:\/\/www.24baires.com\/index.php?rest_route=%2Fwp%2Fv2%2Fcomments&post=3103"}],"version-history":[{"count":3,"href":"https:\/\/www.24baires.com\/index.php?rest_route=\/wp\/v2\/posts\/3103\/revisions"}],"predecessor-version":[{"id":3129,"href":"https:\/\/www.24baires.com\/index.php?rest_route=\/wp\/v2\/posts\/3103\/revisions\/3129"}],"wp:attachment":[{"href":"https:\/\/www.24baires.com\/index.php?rest_route=%2Fwp%2Fv2%2Fmedia&parent=3103"}],"wp:term":[{"taxonomy":"category","embeddable":true,"href":"https:\/\/www.24baires.com\/index.php?rest_route=%2Fwp%2Fv2%2Fcategories&post=3103"},{"taxonomy":"post_tag","embeddable":true,"href":"https:\/\/www.24baires.com\/index.php?rest_route=%2Fwp%2Fv2%2Ftags&post=3103"}],"curies":[{"name":"wp","href":"https:\/\/api.w.org\/{rel}","templated":true}]}}