{"id":30890,"date":"2013-08-27T21:00:43","date_gmt":"2013-08-28T00:00:43","guid":{"rendered":"http:\/\/www.24baires.com\/?p=30890"},"modified":"2013-08-27T20:23:13","modified_gmt":"2013-08-27T23:23:13","slug":"argentina-y-uruguay-avanzan-de-la-mano-de-ypf","status":"publish","type":"post","link":"https:\/\/www.24baires.com\/?p=30890","title":{"rendered":"Argentina y Uruguay avanzan de la mano de YPF"},"content":{"rendered":"<p><img data-recalc-dims=\"1\" loading=\"lazy\" decoding=\"async\" class=\"aligncenter size-full wp-image-30891\" alt=\"Cristina-Mujica\" src=\"https:\/\/i0.wp.com\/www.24baires.com\/wp-content\/uploads\/2013\/08\/Cristina-Mujica.jpg?resize=560%2C415\" width=\"560\" height=\"415\" srcset=\"https:\/\/i0.wp.com\/www.24baires.com\/wp-content\/uploads\/2013\/08\/Cristina-Mujica.jpg?w=560&amp;ssl=1 560w, https:\/\/i0.wp.com\/www.24baires.com\/wp-content\/uploads\/2013\/08\/Cristina-Mujica.jpg?resize=300%2C222&amp;ssl=1 300w\" sizes=\"auto, (max-width: 560px) 100vw, 560px\" \/>Este martes, en Uruguay, tuvieron lugar, en consonancia, ciertas actividades y reuniones que derribaron algunos nuevos \u2018mitos\u2019 que los medios hegem\u00f3nicos de comunicaci\u00f3n en nuestro pa\u00eds se han esforzado por imponer y consolidar en los \u00faltimos tiempos. <!--more--><\/p>\n<p>Cristina Fern\u00e1ndez de Kirchner inaugur\u00f3 junto a su par uruguayo, Jos\u00e9 \u2018Pepe\u2019 Mujica, la planta desulfurizadora de la petrolera estatal uruguaya Ancap, construida con colaboraci\u00f3n de YPF. Entonces, en un solo d\u00eda, se han dado por tierra algunas de las construcciones m\u00e1s disparatadas que la prensa \u2018independiente\u2019 y casualmente opositora ha inculcado a fuerza de letras de molde y repeticiones medi\u00e1ticas en el p\u00fablico: la relaci\u00f3n de Cristina con Mujica y la situaci\u00f3n de YPF.<br \/>\nSe hab\u00eda dicho que el trato personal entre los dos mandatarios estaba deteriorado, que, incluso la relaci\u00f3n bilateral entre Argentina y Uruguay pasaba un muy mal momento. Pero este viaje de la Jefa del Estado argentino demuestra todo lo contrario. Esta no era la primera vez que desde cierto sector de la prensa se intent\u00f3 enemistar, por as\u00ed decirlo, al gobierno argentino con el de alg\u00fan otro pa\u00eds del Mercosur, tambi\u00e9n hicieron su fracasada intentona con Brasil. De hecho, nunca en 200 a\u00f1os de historia los pa\u00edses latinoamericanos y en especial los del cono sur, hemos mantenido mejores relaciones y hemos logrado una gesti\u00f3n tan solidaria y mancomunada que, por ejemplo, fren\u00f3 el golpe de estado en Ecuador, conden\u00f3 el golpe en Honduras y la destituci\u00f3n de Lugo en Paraguay, defendi\u00f3 a Venezuela de la zarpa yanqui y apoy\u00f3 a Argentina en el leg\u00edtimo reclamo ante la ONU por la soberan\u00eda de Malvinas, entre otros hitos.<br \/>\nEl otro mito truncado este martes fue el del estado real de YPF, que muchos gar\u00faes de la econom\u00eda neoliberal hab\u00edan afirmado endeble y peor al que ten\u00eda en su \u00e9poca privatizada. Con una inversi\u00f3n de 400 millones de d\u00f3lares y realizada por la compa\u00f1\u00eda argentina YPF, la planta desulfurizadora de la petrolera estatal uruguaya Ancap, permitir\u00e1 al pa\u00eds hermano Uruguay el desarrollo de una nueva generaci\u00f3n de combustibles limpios, reduciendo un 99,5% el azufre del gasoil y un 85% el de las naftas, permiti\u00e9ndoles, as\u00ed, cumplir con los nuevos est\u00e1ndares del Mercosur. Adem\u00e1s firmaron un acuerdo de entendimiento entre las petroleras de ambos pa\u00edses.<br \/>\nCristina, quien tambi\u00e9n recibi\u00f3 las llaves de la ciudad de Montevideo, destac\u00f3 que la nueva planta de la petrolera estatal uruguaya Ancap, es \u201cuna muestra cabal de la integraci\u00f3n\u201d entre ambos pa\u00edses, y elogi\u00f3 al \u201cvaliente y esclarecido pueblo uruguayo\u201d que se neg\u00f3 a privatizar sus empresas p\u00fablicas.<br \/>\nParece que eso de \u201cvieja terca\u201d, no tiene mucho que ver con las cuestiones que de verdad importan para ambos pa\u00edses y s\u00f3lo afectan a los comentaristas de la realidad que tienen una sesgada visi\u00f3n de las cosas, o que las ganas de que ciertas cuestiones vayan mal o fracasen lo hacen entusiasmarse de gusto y terminar diciendo o escribiendo sandeces.<\/p>\n<p>&nbsp;<\/p>\n<p>&nbsp;<\/p>\n<p>&nbsp;<\/p>\n<p>&nbsp;<\/p>\n<p>&nbsp;<\/p>\n<p>&nbsp;<\/p>\n<p>&nbsp;<\/p>\n<p>&nbsp;<\/p>\n<p>&nbsp;<\/p>\n<p>&nbsp;<\/p>\n<p>&nbsp;<\/p>\n<p>&nbsp;<\/p>\n","protected":false},"excerpt":{"rendered":"<p>Este martes, en Uruguay, tuvieron lugar, en consonancia, ciertas actividades y reuniones que derribaron algunos nuevos \u2018mitos\u2019 que los medios hegem\u00f3nicos de comunicaci\u00f3n en nuestro pa\u00eds se han esforzado por imponer y consolidar en los \u00faltimos tiempos.<\/p>\n","protected":false},"author":8,"featured_media":0,"comment_status":"open","ping_status":"open","sticky":false,"template":"","format":"standard","meta":{"_jetpack_newsletter_access":"","_jetpack_dont_email_post_to_subs":false,"_jetpack_newsletter_tier_id":0,"_jetpack_memberships_contains_paywalled_content":false,"_jetpack_memberships_contains_paid_content":false,"footnotes":""},"categories":[64],"tags":[],"class_list":["post-30890","post","type-post","status-publish","format-standard","hentry","category-opinion"],"jetpack_featured_media_url":"","jetpack_shortlink":"https:\/\/wp.me\/p2JWE0-82e","jetpack-related-posts":[{"id":30822,"url":"https:\/\/www.24baires.com\/?p=30822","url_meta":{"origin":30890,"position":0},"title":"Cristina recibir\u00e1 las llaves de Montevideo","author":"GB","date":"26\/08\/2013","format":false,"excerpt":"A pesar de las cr\u00edticas de la oposici\u00f3n uruguaya hacia la Presidenta, le otorgar\u00e1n a la misma las llaves de la ciudad de Montevideo, ya que las autoridades de ese pa\u00eds sostienen que la distinci\u00f3n es \"una tradici\u00f3n\". Adem\u00e1s, Cristina inaugurar\u00e1 las obras de la empresa petrolera uruguaya Ancap realizadas\u2026","rel":"","context":"En \u00abPol\u00edtica\u00bb","block_context":{"text":"Pol\u00edtica","link":"https:\/\/www.24baires.com\/?cat=51"},"img":{"alt_text":"Cristina y Mujica","src":"https:\/\/i0.wp.com\/www.24baires.com\/wp-content\/uploads\/2013\/08\/Cristina-y-Mujica-300x187.jpg?resize=350%2C200","width":350,"height":200},"classes":[]},{"id":30860,"url":"https:\/\/www.24baires.com\/?p=30860","url_meta":{"origin":30890,"position":1},"title":"Cristina en Uruguay recibe las llaves de Montevideo e inaugura obras de YPF","author":"AF","date":"27\/08\/2013","format":false,"excerpt":"La presidenta Cristina Fern\u00e1ndez de Kirchner arrib\u00f3 este mediod\u00eda a Montevideo donde recibir\u00e1 las llaves de la ciudad y encabezar\u00e1 la inauguraci\u00f3n de una planta de combustibles de la petrolera estatal uruguaya Ancap, construida por la argentina Aesa, del grupo YPF. Junto a la mandataria ser\u00e1 parte de la ceremonia\u2026","rel":"","context":"En \u00abPol\u00edtica\u00bb","block_context":{"text":"Pol\u00edtica","link":"https:\/\/www.24baires.com\/?cat=51"},"img":{"alt_text":"mujica cristina","src":"https:\/\/i0.wp.com\/www.24baires.com\/wp-content\/uploads\/2013\/04\/mujica-cristina.jpg?resize=350%2C200","width":350,"height":200,"srcset":"https:\/\/i0.wp.com\/www.24baires.com\/wp-content\/uploads\/2013\/04\/mujica-cristina.jpg?resize=350%2C200 1x, https:\/\/i0.wp.com\/www.24baires.com\/wp-content\/uploads\/2013\/04\/mujica-cristina.jpg?resize=525%2C300 1.5x"},"classes":[]},{"id":30877,"url":"https:\/\/www.24baires.com\/?p=30877","url_meta":{"origin":30890,"position":2},"title":"Montevideo: la Presidenta destac\u00f3 la \u00abintegraci\u00f3n\u00bb regional","author":"GB","date":"27\/08\/2013","format":false,"excerpt":"Al inaugurar, junto a su par Jos\u00e9 Mujica, una planta construida con la colaboraci\u00f3n de YPF, la Presidenta destac\u00f3 la \u201cintegraci\u00f3n\u201d entre ambos pa\u00edses y destac\u00f3 la \u201csoberan\u00eda\u201d lograda con la reestatizaci\u00f3n de la petrolera. \u201cDesde determinados sectores quieren colocarnos una cabeza que no sea nuestra, pero no le vamos\u2026","rel":"","context":"En \u00abPol\u00edtica\u00bb","block_context":{"text":"Pol\u00edtica","link":"https:\/\/www.24baires.com\/?cat=51"},"img":{"alt_text":"Cristina-Montevideo","src":"https:\/\/i0.wp.com\/www.24baires.com\/wp-content\/uploads\/2013\/08\/Cristina-Montevideo.jpg?resize=350%2C200","width":350,"height":200},"classes":[]},{"id":20280,"url":"https:\/\/www.24baires.com\/?p=20280","url_meta":{"origin":30890,"position":3},"title":"\u00abNada ni nadie puede descuajar nuestra historia\u00bb, asegur\u00f3 Mujica","author":"AF","date":"05\/04\/2013","format":false,"excerpt":"Luego del esc\u00e1ndalo, el presidente uruguayo se refiri\u00f3 a los pol\u00e9micos dichos adjudicados a Cristina y a N\u00e9stor Kirchner que trascendieron en un audio. El presidente de Uruguay, Jos\u00e9 Mujica, afirm\u00f3 hoy que \"nada ni nadie\" podr\u00e1 separarlos en alusi\u00f3n a la relaci\u00f3n con nuestro pa\u00eds, tras el incidente por\u2026","rel":"","context":"En \u00abPol\u00edtica\u00bb","block_context":{"text":"Pol\u00edtica","link":"https:\/\/www.24baires.com\/?cat=51"},"img":{"alt_text":"mujica cristina","src":"https:\/\/i0.wp.com\/www.24baires.com\/wp-content\/uploads\/2013\/04\/mujica-cristina.jpg?resize=350%2C200","width":350,"height":200,"srcset":"https:\/\/i0.wp.com\/www.24baires.com\/wp-content\/uploads\/2013\/04\/mujica-cristina.jpg?resize=350%2C200 1x, https:\/\/i0.wp.com\/www.24baires.com\/wp-content\/uploads\/2013\/04\/mujica-cristina.jpg?resize=525%2C300 1.5x"},"classes":[]},{"id":32788,"url":"https:\/\/www.24baires.com\/?p=32788","url_meta":{"origin":30890,"position":4},"title":"Cristina y Mujica bautizaron el nuevo buque que unir\u00e1 a los dos pa\u00edses","author":"GB","date":"30\/09\/2013","format":false,"excerpt":"Cristina exhort\u00f3 a los presidentes latinoamericanos a comprender que \"la unidad es el \u00fanico camino para la paz\", m\u00e1s all\u00e1 de cualquier diferencia. Fue al bautizar un buque junto a su par de Uruguay. \"Tenemos diferencias, podemos tener discrepancias, pero en definitiva todos los presidentes de la regi\u00f3n tenemos que\u2026","rel":"","context":"En \u00abPol\u00edtica\u00bb","block_context":{"text":"Pol\u00edtica","link":"https:\/\/www.24baires.com\/?cat=51"},"img":{"alt_text":"cristina buquebus","src":"https:\/\/i0.wp.com\/www.24baires.com\/wp-content\/uploads\/2013\/09\/cristina-buquebus.jpg?resize=350%2C200","width":350,"height":200,"srcset":"https:\/\/i0.wp.com\/www.24baires.com\/wp-content\/uploads\/2013\/09\/cristina-buquebus.jpg?resize=350%2C200 1x, https:\/\/i0.wp.com\/www.24baires.com\/wp-content\/uploads\/2013\/09\/cristina-buquebus.jpg?resize=525%2C300 1.5x"},"classes":[]},{"id":20738,"url":"https:\/\/www.24baires.com\/?p=20738","url_meta":{"origin":30890,"position":5},"title":"Mujica le pidi\u00f3 \u00absentidas disculpas\u00bb a la Presidenta por sus declaraciones","author":"AF","date":"11\/04\/2013","format":false,"excerpt":"El presidente uruguayo se refiri\u00f3 a sus dichos y pidi\u00f3 \"sentidas disculpas a quienes pude lastimar en estos d\u00edas por mis dichos, y sobre todo que son como nosotros integrantes del sue\u00f1o de patria grande y federal\". \"Cuando se violenta la intimidad por el juego del mercado, no tengo otro\u2026","rel":"","context":"En \u00abPol\u00edtica\u00bb","block_context":{"text":"Pol\u00edtica","link":"https:\/\/www.24baires.com\/?cat=51"},"img":{"alt_text":"mujica cristina","src":"https:\/\/i0.wp.com\/www.24baires.com\/wp-content\/uploads\/2013\/04\/mujica-cristina.jpg?resize=350%2C200","width":350,"height":200,"srcset":"https:\/\/i0.wp.com\/www.24baires.com\/wp-content\/uploads\/2013\/04\/mujica-cristina.jpg?resize=350%2C200 1x, https:\/\/i0.wp.com\/www.24baires.com\/wp-content\/uploads\/2013\/04\/mujica-cristina.jpg?resize=525%2C300 1.5x"},"classes":[]}],"jetpack_sharing_enabled":true,"jetpack_likes_enabled":true,"_links":{"self":[{"href":"https:\/\/www.24baires.com\/index.php?rest_route=\/wp\/v2\/posts\/30890","targetHints":{"allow":["GET"]}}],"collection":[{"href":"https:\/\/www.24baires.com\/index.php?rest_route=\/wp\/v2\/posts"}],"about":[{"href":"https:\/\/www.24baires.com\/index.php?rest_route=\/wp\/v2\/types\/post"}],"author":[{"embeddable":true,"href":"https:\/\/www.24baires.com\/index.php?rest_route=\/wp\/v2\/users\/8"}],"replies":[{"embeddable":true,"href":"https:\/\/www.24baires.com\/index.php?rest_route=%2Fwp%2Fv2%2Fcomments&post=30890"}],"version-history":[{"count":1,"href":"https:\/\/www.24baires.com\/index.php?rest_route=\/wp\/v2\/posts\/30890\/revisions"}],"predecessor-version":[{"id":30892,"href":"https:\/\/www.24baires.com\/index.php?rest_route=\/wp\/v2\/posts\/30890\/revisions\/30892"}],"wp:attachment":[{"href":"https:\/\/www.24baires.com\/index.php?rest_route=%2Fwp%2Fv2%2Fmedia&parent=30890"}],"wp:term":[{"taxonomy":"category","embeddable":true,"href":"https:\/\/www.24baires.com\/index.php?rest_route=%2Fwp%2Fv2%2Fcategories&post=30890"},{"taxonomy":"post_tag","embeddable":true,"href":"https:\/\/www.24baires.com\/index.php?rest_route=%2Fwp%2Fv2%2Ftags&post=30890"}],"curies":[{"name":"wp","href":"https:\/\/api.w.org\/{rel}","templated":true}]}}