{"id":30722,"date":"2013-08-24T19:00:36","date_gmt":"2013-08-24T22:00:36","guid":{"rendered":"http:\/\/www.24baires.com\/?p=30722"},"modified":"2013-08-24T17:59:57","modified_gmt":"2013-08-24T20:59:57","slug":"el-defensor-del-pueblo-de-la-provincia-afirmo-que-cablevision-presiona-a-la-justicia","status":"publish","type":"post","link":"https:\/\/www.24baires.com\/?p=30722","title":{"rendered":"El Defensor del Pueblo de la Provincia afirm\u00f3 que \u00abCablevisi\u00f3n presiona a la Justicia\u00bb"},"content":{"rendered":"<p>Carlos Bonicatto acus\u00f3 a la empresa Cablevisi\u00f3n, del Grupo Clar\u00edn, de \u201cagraviar a las instituciones y presionar a la Justicia\u201d para que ese organismo sea apartado de la causa por sobrefacturaci\u00f3n en la tarifa de televisi\u00f3n por cable a los usuarios.<!--more--><\/p>\n<p>El Defensor del Pueblo bonaerense Carlos Bonicatto, acus\u00f3 hoy a la empresa Cablevisi\u00f3n del Grupo Clar\u00edn, de \u201cagraviar a las instituciones y presionar a la Justicia\u201d para que ese organismo sea apartado de la causa por sobrefacturaci\u00f3n en la tarifa de televisi\u00f3n por cable a los usuarios de la empresa en el \u00e1mbito provincial.<\/p>\n<p>\u201cNo s\u00f3lo (Cablevisi\u00f3n) incumple las resoluciones de la Justicia y del Estado nacional, sino que, adem\u00e1s, ofenden a una instituci\u00f3n como la Defensor\u00eda del Pueblo, al negar la representatividad del organismo en la protecci\u00f3n de los intereses de los usuarios\u201d, dijo Bonicatto.<\/p>\n<p>El funcionario aludi\u00f3, as\u00ed, a una nota remitida por el presidente de la C\u00e1mara Federal de Apelaciones de Mar del Plata, Jorge Ferro, al juez federal de La Plata, Adolfo Ziulu, quien atiende la causa de la Defensor\u00eda contra Cablevisi\u00f3n.<\/p>\n<p>\u201cA pedido de la empresa, envi\u00f3 un escrito en el que le indica al juez Ziulu que rectifique su postura, en funci\u00f3n de que fue inducido a error a partir de los argumentos presentados por la Defensor\u00eda\u201d, sostuvo Bonicatto.<\/p>\n<p>El Juzgado Federal N\u00b0 2 de La Plata, a cargo de Ziulu, fue el que resolvi\u00f3 en diciembre del a\u00f1o pasado que Cablevisi\u00f3n deb\u00eda ajustar su abono b\u00e1sico al monto que indica la Secretar\u00eda de Comercio Interior de la Naci\u00f3n, que actualmente es de 138 pesos.<\/p>\n<p>\u201cUn juez no debe prestarse a este tipo de maniobras impulsadas por una empresa, y menos indicarle a un magistrado de otra jurisdicci\u00f3n lo que debe hacer\u201d, dijo Bonicatto, quien tambi\u00e9n inform\u00f3 que esta acci\u00f3n motiv\u00f3 una presentaci\u00f3n de la Defensor\u00eda ante el Consejo de la Magistratura de la Naci\u00f3n.<\/p>\n<p>Bonicatto inform\u00f3 que \u00abla estrategia de la empresa para apartar a la Defensor\u00eda de la causa no termin\u00f3 all\u00ed, ya que recientemente, un grupo de treinta usuarios de TV por cable se present\u00f3 ante la Justicia para cuestionar la legitimidad del Defensor, aduciendo que no se sienten representados por la instituci\u00f3n\u00bb.<\/p>\n<p>\u201cCuriosamente los argumentos que exponen son los mismos que los de Cablevisi\u00f3n, lo que resulta indignante. No vamos a tolerar que la empresa, ampar\u00e1ndose en presuntos usuarios, intente preservar intereses econ\u00f3micos minoritarios, y menos a\u00fan que trate de socavar la legitimidad de una instituci\u00f3n democr\u00e1tica\u201d, agreg\u00f3.<\/p>\n<p>Destac\u00f3 que \u00abestos episodios se suman a las presiones de Cablevisi\u00f3n al propio Defensor\u00bb.<\/p>\n<p>Record\u00f3 \u00abhaber recibido una carta documento de la empresa en marzo pasado donde se lo amenazaba con una demanda penal por da\u00f1os y perjuicios, y por incumplimientos de los deberes de funcionario p\u00fablico\u00bb.<\/p>\n<p>Bonicatto remarc\u00f3 que la acci\u00f3n interpuesta por la Defensor\u00eda del Pueblo responde al pedido de usuarios de distintas localidades de la Provincia para que el organismo intervenga.<\/p>\n<p>\u00abTratamos de equilibrar la situaci\u00f3n de desigualdad entre el poder de una persona y el poder de las empresas\u201d, manifest\u00f3.<br \/>\nPor \u00faltimo asegur\u00f3 que \u00abcreemos en las instituciones, y vamos a seguir batallando para que los actores institucionales nos ayuden en esta tarea\u201d.<\/p>\n","protected":false},"excerpt":{"rendered":"<p>Carlos Bonicatto acus\u00f3 a la empresa Cablevisi\u00f3n, del Grupo Clar\u00edn, de \u201cagraviar a las instituciones y presionar a la Justicia\u201d para que ese organismo sea apartado de la causa por sobrefacturaci\u00f3n en la tarifa de televisi\u00f3n por cable a los usuarios.<\/p>\n","protected":false},"author":11,"featured_media":0,"comment_status":"open","ping_status":"open","sticky":false,"template":"","format":"standard","meta":{"_jetpack_newsletter_access":"","_jetpack_dont_email_post_to_subs":false,"_jetpack_newsletter_tier_id":0,"_jetpack_memberships_contains_paywalled_content":false,"_jetpack_memberships_contains_paid_content":false,"footnotes":""},"categories":[54],"tags":[],"class_list":["post-30722","post","type-post","status-publish","format-standard","hentry","category-medios"],"jetpack_featured_media_url":"","jetpack_shortlink":"https:\/\/wp.me\/p2JWE0-7Zw","jetpack-related-posts":[{"id":20564,"url":"https:\/\/www.24baires.com\/?p=20564","url_meta":{"origin":30722,"position":0},"title":"Cablevisi\u00f3n \u201cNo quiere cumplir con lo que se le ordena\u00bb advirti\u00f3 Bonicatto","author":"AF","date":"09\/04\/2013","format":false,"excerpt":"El Defensor del Pueblo bonaerense, Carlos Bonicatto, dialog\u00f3 sobre la causa contra la empresa del Grupo Clar\u00edn por el cobro indebido de sus servicio en la Provincia. Adelant\u00f3 que en los pr\u00f3ximos d\u00edas podr\u00eda haber novedades de la Justicia, ya que eval\u00faa un nuevo pedido para que la cableoperadora se\u2026","rel":"","context":"En \u00abMedios\u00bb","block_context":{"text":"Medios","link":"https:\/\/www.24baires.com\/?cat=54"},"img":{"alt_text":"bonicatto","src":"https:\/\/i0.wp.com\/www.24baires.com\/wp-content\/uploads\/2013\/04\/bonicatto.jpg?resize=350%2C200","width":350,"height":200,"srcset":"https:\/\/i0.wp.com\/www.24baires.com\/wp-content\/uploads\/2013\/04\/bonicatto.jpg?resize=350%2C200 1x, https:\/\/i0.wp.com\/www.24baires.com\/wp-content\/uploads\/2013\/04\/bonicatto.jpg?resize=525%2C300 1.5x"},"classes":[]},{"id":13638,"url":"https:\/\/www.24baires.com\/?p=13638","url_meta":{"origin":30722,"position":1},"title":"Cablevisi\u00f3n deber\u00e1 bajar la tarifa b\u00e1sica por una medida cautelar","author":"AF","date":"26\/01\/2013","format":false,"excerpt":"La justicia convalid\u00f3 la medida cautelar contra Cablevisi\u00f3n que present\u00f3 la Defensor\u00eda del Pueblo bonaerense y confirm\u00f3 que la empresa debe cobrar su abono de TV por cable a 130 pesos. El tratamiento de este caso en feria judicial surge del pedido del Defensor del Pueblo, Carlos Bonicatto, quien solicit\u00f3\u2026","rel":"","context":"En \u00abMedios\u00bb","block_context":{"text":"Medios","link":"https:\/\/www.24baires.com\/?cat=54"},"img":{"alt_text":"cablevisi\u00f3n","src":"https:\/\/i0.wp.com\/www.24baires.com\/wp-content\/uploads\/2013\/01\/cablevisi%C3%B3n-300x199.jpg?resize=350%2C200","width":350,"height":200},"classes":[]},{"id":18766,"url":"https:\/\/www.24baires.com\/?p=18766","url_meta":{"origin":30722,"position":2},"title":"Senadores bonaerenses apoyan las acciones judiciales contra Cablevisi\u00f3n","author":"AF","date":"18\/03\/2013","format":false,"excerpt":"Un proyecto impulsado en la C\u00e1mara alta respalda la presentaci\u00f3n judicial de la Defensor\u00eda del Pueblo provincial contra la empresa del Grupo Clar\u00edn por el cobro indebido de su servicio y solicita que la firma adecue el costo del abono b\u00e1sico del cable. \u201cEsta acci\u00f3n judicial logr\u00f3 ponerle un l\u00edmite\u2026","rel":"","context":"En \u00abMedios\u00bb","block_context":{"text":"Medios","link":"https:\/\/www.24baires.com\/?cat=54"},"img":{"alt_text":"","src":"","width":0,"height":0},"classes":[]},{"id":16766,"url":"https:\/\/www.24baires.com\/?p=16766","url_meta":{"origin":30722,"position":3},"title":"Investigan el incumplimiento de la tarifa de Cablevisi\u00f3n","author":"AF","date":"25\/02\/2013","format":false,"excerpt":"La justicia federal de La Plata pidi\u00f3 al juzgado federal penal que investigue la posible comisi\u00f3n de delitos por parte de los directivos de Cablevisi\u00f3n S.A. ante el incumplimiento de una medida cautelar que le exige ajustar la tarifa del abono a 130 pesos. \u00a0 La medida la adopt\u00f3 este\u2026","rel":"","context":"En \u00abMedios\u00bb","block_context":{"text":"Medios","link":"https:\/\/www.24baires.com\/?cat=54"},"img":{"alt_text":"cablevisi\u00f3n","src":"https:\/\/i0.wp.com\/www.24baires.com\/wp-content\/uploads\/2013\/01\/cablevisi%C3%B3n-300x199.jpg?resize=350%2C200","width":350,"height":200},"classes":[]},{"id":32435,"url":"https:\/\/www.24baires.com\/?p=32435","url_meta":{"origin":30722,"position":4},"title":"Avanza causa penal contra Cablevisi\u00f3n iniciada por la Defensor\u00eda del Pueblo","author":"AF","date":"25\/09\/2013","format":false,"excerpt":"La C\u00e1mara Federal de Apelaciones de la capital de la provincia de Buenos Aires orden\u00f3 desarchivar y dar curso a la causa penal iniciada por la Defensoria del Pueblo. Carlos Bonicatto, que ser\u00e1 querellante, dispuso que el expediente siga delante para determinar el incumplimiento de la empresa. La C\u00e1mara Federal\u2026","rel":"","context":"En \u00abMedios\u00bb","block_context":{"text":"Medios","link":"https:\/\/www.24baires.com\/?cat=54"},"img":{"alt_text":"cablevision","src":"https:\/\/i0.wp.com\/www.24baires.com\/wp-content\/uploads\/2012\/12\/cablevision.jpg?resize=350%2C200","width":350,"height":200,"srcset":"https:\/\/i0.wp.com\/www.24baires.com\/wp-content\/uploads\/2012\/12\/cablevision.jpg?resize=350%2C200 1x, https:\/\/i0.wp.com\/www.24baires.com\/wp-content\/uploads\/2012\/12\/cablevision.jpg?resize=525%2C300 1.5x"},"classes":[]},{"id":7260,"url":"https:\/\/www.24baires.com\/?p=7260","url_meta":{"origin":30722,"position":5},"title":"La Defensor\u00eda Bonaerense present\u00f3 una acci\u00f3n judicial para adecuar las tarifas de Cablevisi\u00f3n","author":"Grupo Sierra","date":"29\/11\/2012","format":false,"excerpt":"La Defensor\u00eda del Pueblo de la Provincia de Buenos Aires present\u00f3 un amparo para exigir la nulidad del aumento del servicio que aplic\u00f3 Cablevisi\u00f3n en enero de 2011 y la devoluci\u00f3n de los montos cobrados en exceso desde entonces. En el marco de una conferencia de prensa, el onmbusman bonaerense,\u2026","rel":"","context":"En \u00abEconom\u00eda\u00bb","block_context":{"text":"Econom\u00eda","link":"https:\/\/www.24baires.com\/?cat=45"},"img":{"alt_text":"","src":"","width":0,"height":0},"classes":[]}],"jetpack_sharing_enabled":true,"jetpack_likes_enabled":true,"_links":{"self":[{"href":"https:\/\/www.24baires.com\/index.php?rest_route=\/wp\/v2\/posts\/30722","targetHints":{"allow":["GET"]}}],"collection":[{"href":"https:\/\/www.24baires.com\/index.php?rest_route=\/wp\/v2\/posts"}],"about":[{"href":"https:\/\/www.24baires.com\/index.php?rest_route=\/wp\/v2\/types\/post"}],"author":[{"embeddable":true,"href":"https:\/\/www.24baires.com\/index.php?rest_route=\/wp\/v2\/users\/11"}],"replies":[{"embeddable":true,"href":"https:\/\/www.24baires.com\/index.php?rest_route=%2Fwp%2Fv2%2Fcomments&post=30722"}],"version-history":[{"count":1,"href":"https:\/\/www.24baires.com\/index.php?rest_route=\/wp\/v2\/posts\/30722\/revisions"}],"predecessor-version":[{"id":30728,"href":"https:\/\/www.24baires.com\/index.php?rest_route=\/wp\/v2\/posts\/30722\/revisions\/30728"}],"wp:attachment":[{"href":"https:\/\/www.24baires.com\/index.php?rest_route=%2Fwp%2Fv2%2Fmedia&parent=30722"}],"wp:term":[{"taxonomy":"category","embeddable":true,"href":"https:\/\/www.24baires.com\/index.php?rest_route=%2Fwp%2Fv2%2Fcategories&post=30722"},{"taxonomy":"post_tag","embeddable":true,"href":"https:\/\/www.24baires.com\/index.php?rest_route=%2Fwp%2Fv2%2Ftags&post=30722"}],"curies":[{"name":"wp","href":"https:\/\/api.w.org\/{rel}","templated":true}]}}