{"id":30720,"date":"2013-08-24T18:00:23","date_gmt":"2013-08-24T21:00:23","guid":{"rendered":"http:\/\/www.24baires.com\/?p=30720"},"modified":"2013-08-25T13:27:06","modified_gmt":"2013-08-25T16:27:06","slug":"oscar-parrilli-el-grupo-magnetto-clarin-pretende-gobernar-el-pais","status":"publish","type":"post","link":"https:\/\/www.24baires.com\/?p=30720","title":{"rendered":"Oscar Parrilli: \u00abEl grupo Magnetto-Clar\u00edn pretende gobernar el pa\u00eds\u00bb"},"content":{"rendered":"<p><img data-recalc-dims=\"1\" loading=\"lazy\" decoding=\"async\" class=\"alignleft size-full wp-image-30723\" alt=\"parrilli\" src=\"https:\/\/i0.wp.com\/www.24baires.com\/wp-content\/uploads\/2013\/08\/parrilli.jpg?resize=320%2C214\" width=\"320\" height=\"214\" srcset=\"https:\/\/i0.wp.com\/www.24baires.com\/wp-content\/uploads\/2013\/08\/parrilli.jpg?w=320&amp;ssl=1 320w, https:\/\/i0.wp.com\/www.24baires.com\/wp-content\/uploads\/2013\/08\/parrilli.jpg?resize=300%2C200&amp;ssl=1 300w\" sizes=\"auto, (max-width: 320px) 100vw, 320px\" \/>El secretario General de la Presidencia no descart\u00f3 nuevos ataques al gobierno nacional de parte del \u00abGrupo Magnetto-Clarin\u00bb al se\u00f1alar que \u00bb sin duda va a seguir haciendo acciones como las que realizaron el mismo 11 de agosto y con posterioridad\u00bb.<!--more--><\/p>\n<p>&nbsp;<\/p>\n<p>&nbsp;<\/p>\n<p>&nbsp;<\/p>\n<p>En declaraciones a la prensa formuladas este mediod\u00eda en Neuqu\u00e9n, Oscar Parrilli afirm\u00f3 que \u00abel grupo Magnetto-Clarin va a seguir haciendo acciones contra el gobierno nacional porque pretende gobernar el pa\u00eds\u00bb.<\/p>\n<p>\u00abEllos son en realidad los verdaderos condicionantes o extorsionadores de la pol\u00edtica argentina; se lo hicieron a Alfons\u00edn, a Menem, a De la R\u00faa y ahora lo intentaron varias veces sin \u00e9xito con este Gobierno, primero con N\u00e9stor Kirchner y despu\u00e9s con Cristina\u00bb, asegur\u00f3.<\/p>\n<p>Dijo que \u00abnosotros estamos convencidos del rumbo que tenemos que seguir, de las pol\u00edticas de la Presidenta, que est\u00e1 absolutamente firme, convencida, segura de las acciones que tiene que llevar adelante, m\u00e1s all\u00e1 de algunas mentiras, agravios, insultos y de intentos de confundir a la gente\u00bb.<\/p>\n<p>Se\u00f1al\u00f3 que \u00ablo m\u00e1s preocupante de todo esto no es lo que ellos hacen sino el intento de enga\u00f1ar a la sociedad.<br \/>\nLamentablemente a lo mejor hay argentinos que les creen y nosotros los respetamos porque tienen todo su derecho a creerle a quien quieran, de opinar lo que quieran sobre nuestro Gobierno, pero lamentamos profundamente que a veces se dejen usar de la manera que los usan\u00bb.<\/p>\n<p>\u00abA ellos no les importa ni la pobreza, ni la desigualdad, ni la \u00e9tica en la funci\u00f3n p\u00fablica, ni el pa\u00eds, ni mucho menos; a ellos lo \u00fanico que les interesa es tratar de debilitar a los gobiernos para imponer sus condiciones, condicionamientos y para mantener sus privilegios\u00bb, afirm\u00f3.<\/p>\n<p>Parrilli encabeza hoy en Neuqu\u00e9n un encuentro provincial del Frente para la Victoria para delinear los ejes de campa\u00f1a junto con los candidatos a senador, Marcelo Fuentes, y a diputada nacional, Nanci Parrilli, consagrados en las primarias del 11 de agosto pasado.<\/p>\n<p>Explic\u00f3 que \u00ablos candidatos del Frente para la Victoria son los que expresan las pol\u00edticas nacionales en la provincia de Neuqu\u00e9n y venimos a trabajar en funci\u00f3n de analizar, conversar y diagramar la etapa de esta campa\u00f1a electoral hasta el 27 de octubre\u00bb.<\/p>\n<p>\u00abLo que aspiramos es que el 27 de octubre Neuqu\u00e9n ratifique el rumbo pol\u00edtico, econ\u00f3mico y social que lleva adelante la presidenta Cristina Fern\u00e1ndez de Kirchner en esta transformaci\u00f3n in\u00e9dita que ha habido en la Argentina\u00bb.<\/p>\n<p>&nbsp;<\/p>\n<p>&nbsp;<\/p>\n<p>&nbsp;<\/p>\n<p>&nbsp;<\/p>\n<p>&nbsp;<\/p>\n<p>&nbsp;<\/p>\n<p>&nbsp;<\/p>\n<p>&nbsp;<\/p>\n<p>&nbsp;<\/p>\n<p>&nbsp;<\/p>\n<p>&nbsp;<\/p>\n<p>&nbsp;<\/p>\n<p>&nbsp;<\/p>\n<p>&nbsp;<\/p>\n<p>&nbsp;<\/p>\n<p>&nbsp;<\/p>\n","protected":false},"excerpt":{"rendered":"<p>El secretario General de la Presidencia no descart\u00f3 nuevos ataques al gobierno nacional de parte del \u00abGrupo Magnetto-Clarin\u00bb al se\u00f1alar que \u00bb sin duda va a seguir haciendo acciones como las que realizaron el mismo 11 de agosto y con posterioridad\u00bb.<\/p>\n","protected":false},"author":4,"featured_media":0,"comment_status":"open","ping_status":"open","sticky":false,"template":"","format":"standard","meta":{"_jetpack_newsletter_access":"","_jetpack_dont_email_post_to_subs":false,"_jetpack_newsletter_tier_id":0,"_jetpack_memberships_contains_paywalled_content":false,"_jetpack_memberships_contains_paid_content":false,"footnotes":""},"categories":[54],"tags":[],"class_list":["post-30720","post","type-post","status-publish","format-standard","hentry","category-medios"],"jetpack_featured_media_url":"","jetpack_shortlink":"https:\/\/wp.me\/p2JWE0-7Zu","jetpack-related-posts":[{"id":105400,"url":"https:\/\/www.24baires.com\/?p=105400","url_meta":{"origin":30720,"position":0},"title":"\u00abEl Gobierno tiene pr\u00e1cticas similares a las que us\u00f3 la \u00faltima dictadura militar\u00bb","author":"AF","date":"12\/11\/2018","format":false,"excerpt":"As\u00ed lo denunci\u00f3 el ex titular de la AFI, Oscar Parrilli. En este sentido sostuvo que \"estamos como en la dictadura, solo que ahora no te matan, te meten preso preventivamente\". El ex titular de la AFI durante el gobierno de Cristina Kirchner, Oscar Parrilli, se refiri\u00f3 al fallo del\u2026","rel":"","context":"En \u00abPol\u00edtica\u00bb","block_context":{"text":"Pol\u00edtica","link":"https:\/\/www.24baires.com\/?cat=51"},"img":{"alt_text":"","src":"https:\/\/i0.wp.com\/www.24baires.com\/wp-content\/uploads\/2018\/07\/militar.jpg?resize=350%2C200","width":350,"height":200,"srcset":"https:\/\/i0.wp.com\/www.24baires.com\/wp-content\/uploads\/2018\/07\/militar.jpg?resize=350%2C200 1x, https:\/\/i0.wp.com\/www.24baires.com\/wp-content\/uploads\/2018\/07\/militar.jpg?resize=525%2C300 1.5x"},"classes":[]},{"id":103076,"url":"https:\/\/www.24baires.com\/?p=103076","url_meta":{"origin":30720,"position":1},"title":"Aprobaron la megafusi\u00f3n entre Cablevisi\u00f3n y Telecom","author":"AF","date":"29\/06\/2018","format":false,"excerpt":"El visto bueno lleg\u00f3 a trav\u00e9s de la \"Comisi\u00f3n Nacional de Defensa de la Competencia\". El negocio de las telecomunicaciones -virtualmente- pasa a manos del Grupo hegem\u00f3nico de H\u00e9ctor Magnetto. El nuevo gigante vale cerca de u$s11 mil millones. Finalmente, el Gobierno de Mauricio Macri aprob\u00f3 la fusi\u00f3n entre Cablevisi\u00f3n,\u2026","rel":"","context":"En \u00abSociedad\u00bb","block_context":{"text":"Sociedad","link":"https:\/\/www.24baires.com\/?cat=1"},"img":{"alt_text":"","src":"https:\/\/i0.wp.com\/www.24baires.com\/wp-content\/uploads\/2012\/12\/cablevisi%C3%B3n1.jpg?resize=350%2C200","width":350,"height":200,"srcset":"https:\/\/i0.wp.com\/www.24baires.com\/wp-content\/uploads\/2012\/12\/cablevisi%C3%B3n1.jpg?resize=350%2C200 1x, https:\/\/i0.wp.com\/www.24baires.com\/wp-content\/uploads\/2012\/12\/cablevisi%C3%B3n1.jpg?resize=525%2C300 1.5x"},"classes":[]},{"id":72225,"url":"https:\/\/www.24baires.com\/?p=72225","url_meta":{"origin":30720,"position":2},"title":"Compra de Nextel: \u201cMagnetto se quiere asociar a los buitres que litigan contra Argentina\u201d","author":"GB","date":"16\/09\/2015","format":false,"excerpt":"El presidente de la AFSCA asegur\u00f3, adem\u00e1s, que \u201cla compra de Nextel por parte de Clar\u00edn no es legal\". \u201cEl Estado no puede permitir que se ampl\u00ede una empresa que, por ley, debe reducirse\u201d, explic\u00f3. El presidente de la Autoridad Federal de Servicios de Comunicaci\u00f3n Audiovisual (AFSCA), Mart\u00edn Sabbatella, asegur\u00f3\u2026","rel":"","context":"En \u00abMedios\u00bb","block_context":{"text":"Medios","link":"https:\/\/www.24baires.com\/?cat=54"},"img":{"alt_text":"sabbatella post fallo","src":"https:\/\/i0.wp.com\/www.24baires.com\/wp-content\/uploads\/2012\/12\/sabbatella-post-fallo.jpg?resize=350%2C200","width":350,"height":200,"srcset":"https:\/\/i0.wp.com\/www.24baires.com\/wp-content\/uploads\/2012\/12\/sabbatella-post-fallo.jpg?resize=350%2C200 1x, https:\/\/i0.wp.com\/www.24baires.com\/wp-content\/uploads\/2012\/12\/sabbatella-post-fallo.jpg?resize=525%2C300 1.5x"},"classes":[]},{"id":47821,"url":"https:\/\/www.24baires.com\/?p=47821","url_meta":{"origin":30720,"position":3},"title":"Capitanich: \u00abDime con qui\u00e9n andas y te dir\u00e9 qui\u00e9n eres\u00bb","author":"AF","date":"11\/06\/2014","format":false,"excerpt":"El jefe de Gabinete cit\u00f3 hoy esa frase para referirse al saludo entre el gobernador de la provincia de Buenos Aires, Daniel Scioli, y el CEO de Clar\u00edn, H\u00e9ctor Magnetto, que tuvo lugar ayer en el marco del ciclo sobre Democracia y Desarrollo, organizado por Clar\u00edn. \"Dime con quien andas\u2026","rel":"","context":"En \u00abPol\u00edtica\u00bb","block_context":{"text":"Pol\u00edtica","link":"https:\/\/www.24baires.com\/?cat=51"},"img":{"alt_text":"magnetto scioli","src":"https:\/\/i0.wp.com\/www.24baires.com\/wp-content\/uploads\/2014\/06\/magnetto-scioli.png?resize=350%2C200","width":350,"height":200,"srcset":"https:\/\/i0.wp.com\/www.24baires.com\/wp-content\/uploads\/2014\/06\/magnetto-scioli.png?resize=350%2C200 1x, https:\/\/i0.wp.com\/www.24baires.com\/wp-content\/uploads\/2014\/06\/magnetto-scioli.png?resize=525%2C300 1.5x"},"classes":[]},{"id":65617,"url":"https:\/\/www.24baires.com\/?p=65617","url_meta":{"origin":30720,"position":4},"title":"\u00abEl Grupo Clar\u00edn sue\u00f1a con un escenario favorable a sus intereses\u00bb","author":"GB","date":"09\/05\/2015","format":false,"excerpt":"El titular de la Autoridad Federal de Servicios de Comunicaci\u00f3n Audiovisual (Afsca), Mart\u00edn Sabbatella, manifest\u00f3 en C\u00f3rdoba que \u201cel Grupo Clar\u00edn sue\u00f1a con un escenario pol\u00edtico favorable a sus intereses para evitar la adecuaci\u00f3n\u201d que exige la Ley de Servicios de Comunicaci\u00f3n Audiovisual, sancionada en 2008 por el Congreso Nacional.\u2026","rel":"","context":"En \u00abMedios\u00bb","block_context":{"text":"Medios","link":"https:\/\/www.24baires.com\/?cat=54"},"img":{"alt_text":"clar\u00edn","src":"https:\/\/i0.wp.com\/www.24baires.com\/wp-content\/uploads\/2014\/10\/clar%C3%ADn.jpg?resize=350%2C200","width":350,"height":200,"srcset":"https:\/\/i0.wp.com\/www.24baires.com\/wp-content\/uploads\/2014\/10\/clar%C3%ADn.jpg?resize=350%2C200 1x, https:\/\/i0.wp.com\/www.24baires.com\/wp-content\/uploads\/2014\/10\/clar%C3%ADn.jpg?resize=525%2C300 1.5x"},"classes":[]},{"id":46138,"url":"https:\/\/www.24baires.com\/?p=46138","url_meta":{"origin":30720,"position":5},"title":"Y lleg\u00f3 el d\u00eda: Magnetto y Herrera de Noble abandonan TN y Canal 13","author":"Grupo Sierra","date":"16\/05\/2014","format":false,"excerpt":"La medida ser\u00e1 adoptada a ra\u00edz de una propuesta presentada por el Grupo Clar\u00edn para la adecuaci\u00f3n a la Ley de Medios. Ambos quedar\u00edan con el control de Cablevisi\u00f3n, Fibertel, Canal Metro, entre otros y el resto de los medios pasar\u00edan a Jos\u00e9 Aranda y Lucio Pagliaro. Fuentes de la\u2026","rel":"","context":"En \u00abMedios\u00bb","block_context":{"text":"Medios","link":"https:\/\/www.24baires.com\/?cat=54"},"img":{"alt_text":"magnetto ernestina","src":"https:\/\/i0.wp.com\/www.24baires.com\/wp-content\/uploads\/2014\/05\/magnetto-ernestina.jpg?resize=350%2C200","width":350,"height":200,"srcset":"https:\/\/i0.wp.com\/www.24baires.com\/wp-content\/uploads\/2014\/05\/magnetto-ernestina.jpg?resize=350%2C200 1x, https:\/\/i0.wp.com\/www.24baires.com\/wp-content\/uploads\/2014\/05\/magnetto-ernestina.jpg?resize=525%2C300 1.5x"},"classes":[]}],"jetpack_sharing_enabled":true,"jetpack_likes_enabled":true,"_links":{"self":[{"href":"https:\/\/www.24baires.com\/index.php?rest_route=\/wp\/v2\/posts\/30720","targetHints":{"allow":["GET"]}}],"collection":[{"href":"https:\/\/www.24baires.com\/index.php?rest_route=\/wp\/v2\/posts"}],"about":[{"href":"https:\/\/www.24baires.com\/index.php?rest_route=\/wp\/v2\/types\/post"}],"author":[{"embeddable":true,"href":"https:\/\/www.24baires.com\/index.php?rest_route=\/wp\/v2\/users\/4"}],"replies":[{"embeddable":true,"href":"https:\/\/www.24baires.com\/index.php?rest_route=%2Fwp%2Fv2%2Fcomments&post=30720"}],"version-history":[{"count":3,"href":"https:\/\/www.24baires.com\/index.php?rest_route=\/wp\/v2\/posts\/30720\/revisions"}],"predecessor-version":[{"id":30727,"href":"https:\/\/www.24baires.com\/index.php?rest_route=\/wp\/v2\/posts\/30720\/revisions\/30727"}],"wp:attachment":[{"href":"https:\/\/www.24baires.com\/index.php?rest_route=%2Fwp%2Fv2%2Fmedia&parent=30720"}],"wp:term":[{"taxonomy":"category","embeddable":true,"href":"https:\/\/www.24baires.com\/index.php?rest_route=%2Fwp%2Fv2%2Fcategories&post=30720"},{"taxonomy":"post_tag","embeddable":true,"href":"https:\/\/www.24baires.com\/index.php?rest_route=%2Fwp%2Fv2%2Ftags&post=30720"}],"curies":[{"name":"wp","href":"https:\/\/api.w.org\/{rel}","templated":true}]}}