{"id":30659,"date":"2013-08-23T17:00:44","date_gmt":"2013-08-23T20:00:44","guid":{"rendered":"http:\/\/www.24baires.com\/?p=30659"},"modified":"2013-08-23T14:26:13","modified_gmt":"2013-08-23T17:26:13","slug":"de-dialogos-y-contradicciones","status":"publish","type":"post","link":"https:\/\/www.24baires.com\/?p=30659","title":{"rendered":"De di\u00e1logos y contradicciones"},"content":{"rendered":"<p style=\"text-align: left;\"><img data-recalc-dims=\"1\" loading=\"lazy\" decoding=\"async\" class=\"aligncenter  wp-image-30661\" alt=\"ella o vos\" src=\"https:\/\/i0.wp.com\/www.24baires.com\/wp-content\/uploads\/2013\/08\/ella-o-vos.jpg?resize=560%2C320\" width=\"560\" height=\"320\" \/>Las diferentes formas de di\u00e1logo, en pol\u00edtica, se manifiestan de diversas maneras. No s\u00f3lo las cl\u00e1sicas reuniones bilaterales o grupales se inscriben dentro de las maneras en que los pol\u00edticos pueden dialogar en una democracia participativa. De hecho, las sesiones en las C\u00e1maras de Diputados y Senadores son una de las formas de di\u00e1logo m\u00e1s ricas y que m\u00e1s deben aprovecharse y darse a conocer, cosa que puede hacerse sin problemas porque son p\u00fablicas y transmitidas por los medios de comunicaci\u00f3n e internet.<!--more--><\/p>\n<p>Lo raro es que muchos pol\u00edticos opositores argentinos reh\u00fayen a este tipo de comunicaci\u00f3n expuesta y clara que puede darse en las sesiones, aunque permanentemente reclaman di\u00e1logo al gobierno. Claro, ellos saben lo mismo que nosotros, el gobierno est\u00e1 ah\u00ed porque la mayor\u00eda de los ciudadanos as\u00ed lo quiso y los eligi\u00f3 con su voto. Entonces el reclamo se vuelve confuso cuando estos mismos pol\u00edticos, que han llegado a sus bancas tambi\u00e9n por el voto popular, faltan a las sesiones mucho m\u00e1s de lo que asisten, perdi\u00e9ndose, as\u00ed, oportunidades de exponer ideas, confrontar, acordar, dialogar con sus pares.<br \/>\nM\u00e1s extra\u00f1o resulta aun que uno de los que m\u00e1s ha exigido que la Presidenta abra el di\u00e1logo con la oposici\u00f3n sea Francisco De Narv\u00e1ez, uno de los m\u00e1s faltadores en el Congreso. Y, adem\u00e1s, rostro y figura de una campa\u00f1a electoral que mucho ha hecho contra la posibilidad de consensos como el \u201cElla o vos\u201d, apuntando a dividir y chocar, lejos, lej\u00edsimos de la idea componedora de charlas y consensos que declama con tanta insistencia. Una gran contradicci\u00f3n se observa a simple vista.<br \/>\nAhora, Cristina Fern\u00e1ndez de Kirchner se reuni\u00f3 con empresarios y sindicalistas, luego de manifestar que no quiere dialogar con el banco de suplentes de la pol\u00edtica y la econom\u00eda argentina, sino con sus titulares. En encuentro fue calificado como muy bueno por todas las partes participantes. \u201cFue una reuni\u00f3n muy productiva que vamos a repetir m\u00e1s seguido, pero vamos a conformar mesas sectoriales\u201d, fue la promesa de la Jefa de Estado.<br \/>\nComo nota de color resulta casi imposible no agregar lo sucedido con el paro de los Metrodelegados de la L\u00ednea B y la reacci\u00f3n de los funcionarios y legisladores de Macri, otro que pide di\u00e1logo como agua pide el sediento en el desierto. La Diputada Nacional del PRO, Laura Alonso, utiliz\u00f3 su cuenta de Twitter para decir: \u201cSres. Metrodelegados: los usuarios del L\u00ednea B los detestamos. Laburen y dejen de hacer pol\u00edtica. Gracias\u201d. Textual. Parece que la \u2018confrontaci\u00f3n\u2019 y la \u2018agresi\u00f3n\u2019 que permanentemente le achacan al gobierno nacional es algo as\u00ed como ver la paja en el ojo ajeno y no la viga en el propio, ya que la intolerancia manifiesta en esta declaraci\u00f3n de Alonso los aleja mucho de la imagen componedora que Macri quiere transmitir siempre que puede, y los acerca m\u00e1s a un patetismo demag\u00f3gico que s\u00f3lo logra (y quiz\u00e1 sea ese el prop\u00f3sito) poner a los usuarios contra los trabajadores que piden mejoras edilicias para quienes utilizan eses transporte que, claro, tambi\u00e9n son trabajadores.<\/p>\n","protected":false},"excerpt":{"rendered":"<p>Las diferentes formas de di\u00e1logo, en pol\u00edtica, se manifiestan de diversas maneras. No s\u00f3lo las cl\u00e1sicas reuniones bilaterales o grupales se inscriben dentro de las maneras en que los pol\u00edticos pueden dialogar en una democracia participativa. De hecho, las sesiones en las C\u00e1maras de Diputados y Senadores son una de las formas de di\u00e1logo m\u00e1s ricas y que m\u00e1s deben [&#8230;]<\/p>\n","protected":false},"author":4,"featured_media":0,"comment_status":"open","ping_status":"open","sticky":false,"template":"","format":"standard","meta":{"_jetpack_newsletter_access":"","_jetpack_dont_email_post_to_subs":false,"_jetpack_newsletter_tier_id":0,"_jetpack_memberships_contains_paywalled_content":false,"_jetpack_memberships_contains_paid_content":false,"footnotes":""},"categories":[64],"tags":[],"class_list":["post-30659","post","type-post","status-publish","format-standard","hentry","category-opinion"],"jetpack_featured_media_url":"","jetpack_shortlink":"https:\/\/wp.me\/p2JWE0-7Yv","jetpack-related-posts":[{"id":116204,"url":"https:\/\/www.24baires.com\/?p=116204","url_meta":{"origin":30659,"position":0},"title":"De Pedro: \u00abSe recuperaron fondos que Macri transfiri\u00f3 de manera ileg\u00edtima\u00bb","author":"AF","date":"11\/09\/2020","format":false,"excerpt":"El ministro del Interior asegur\u00f3 que \"no se le sacaron fondos al Gobierno de la ciudad\", al brindar un mensaje grabado que se difundi\u00f3 desde Casa Rosada. El ministro del Interior, Eduardo \"Wado\" de Pedro, asegur\u00f3 esta noche que \"no se le sacaron fondos\" al Gobierno de la Ciudad, sino\u2026","rel":"","context":"En \u00abPol\u00edtica\u00bb","block_context":{"text":"Pol\u00edtica","link":"https:\/\/www.24baires.com\/?cat=51"},"img":{"alt_text":"","src":"https:\/\/i0.wp.com\/www.24baires.com\/wp-content\/uploads\/2015\/04\/WADO-DE-PEDRO.jpg?resize=350%2C200","width":350,"height":200,"srcset":"https:\/\/i0.wp.com\/www.24baires.com\/wp-content\/uploads\/2015\/04\/WADO-DE-PEDRO.jpg?resize=350%2C200 1x, https:\/\/i0.wp.com\/www.24baires.com\/wp-content\/uploads\/2015\/04\/WADO-DE-PEDRO.jpg?resize=525%2C300 1.5x"},"classes":[]},{"id":114818,"url":"https:\/\/www.24baires.com\/?p=114818","url_meta":{"origin":30659,"position":1},"title":"Massa: \u201cEl lunes voy a citar a todos los diputados, se acabaron las chicanas\u201d","author":"GB","date":"24\/04\/2020","format":false,"excerpt":"El presidente de la C\u00e1mara de Diputados lanz\u00f3 duras cr\u00edticas hacia algunos miembros de la oposici\u00f3n, luego de que sorpresivamente cambiaran su postura respecto al formato de sesi\u00f3n. \"Algunos dirigentes de la oposici\u00f3n est\u00e1n agazapados a la espera del error \", que ya avis\u00f3 que el lunes los citar\u00e1 para\u2026","rel":"","context":"En \u00abPol\u00edtica\u00bb","block_context":{"text":"Pol\u00edtica","link":"https:\/\/www.24baires.com\/?cat=51"},"img":{"alt_text":"","src":"https:\/\/i0.wp.com\/www.24baires.com\/wp-content\/uploads\/2020\/04\/massa.jpg?resize=350%2C200","width":350,"height":200,"srcset":"https:\/\/i0.wp.com\/www.24baires.com\/wp-content\/uploads\/2020\/04\/massa.jpg?resize=350%2C200 1x, https:\/\/i0.wp.com\/www.24baires.com\/wp-content\/uploads\/2020\/04\/massa.jpg?resize=525%2C300 1.5x"},"classes":[]},{"id":116191,"url":"https:\/\/www.24baires.com\/?p=116191","url_meta":{"origin":30659,"position":2},"title":"Larreta llevar\u00e1 a la Justicia el reclamo por la quita de la coparticipaci\u00f3n","author":"AF","date":"10\/09\/2020","format":false,"excerpt":"\"Vamos a avanzar por los caminos institucionales que corresponden\", sostuvo el jefe de Gobierno de la Ciudad, Horacio Rodr\u00edguez Larreta. La decisi\u00f3n del Gobierno de quitarle un punto porcentual en el reparto de la coparticipaci\u00f3n de impuestos a la Ciudad de Buenos Aires para otorg\u00e1rselo a la Provincia volvi\u00f3 a\u2026","rel":"","context":"En \u00abPol\u00edtica\u00bb","block_context":{"text":"Pol\u00edtica","link":"https:\/\/www.24baires.com\/?cat=51"},"img":{"alt_text":"","src":"https:\/\/i0.wp.com\/www.24baires.com\/wp-content\/uploads\/2020\/09\/Larreta.jpg?resize=350%2C200","width":350,"height":200,"srcset":"https:\/\/i0.wp.com\/www.24baires.com\/wp-content\/uploads\/2020\/09\/Larreta.jpg?resize=350%2C200 1x, https:\/\/i0.wp.com\/www.24baires.com\/wp-content\/uploads\/2020\/09\/Larreta.jpg?resize=525%2C300 1.5x"},"classes":[]},{"id":100902,"url":"https:\/\/www.24baires.com\/?p=100902","url_meta":{"origin":30659,"position":3},"title":"Trabajadores buscan ser atendidos por Dujovne tras despedir a m\u00e1s de 100 personas","author":"AF","date":"06\/03\/2018","format":false,"excerpt":"El secretario general de UPCN en el Ministerio de Hacienda advirti\u00f3 que debe analizarse caso por caso y que de no abrirse el di\u00e1logo convocar\u00e1n a una medida de fuerza. Los trabajadores del Ministerio de Hacienda de la Naci\u00f3n reclamaron este martes una mesa de di\u00e1logo al ministro Nicol\u00e1s Dujovne\u2026","rel":"","context":"En \u00abSociedad\u00bb","block_context":{"text":"Sociedad","link":"https:\/\/www.24baires.com\/?cat=1"},"img":{"alt_text":"","src":"https:\/\/i0.wp.com\/www.24baires.com\/wp-content\/uploads\/2016\/12\/dujovne.jpg?resize=350%2C200","width":350,"height":200,"srcset":"https:\/\/i0.wp.com\/www.24baires.com\/wp-content\/uploads\/2016\/12\/dujovne.jpg?resize=350%2C200 1x, https:\/\/i0.wp.com\/www.24baires.com\/wp-content\/uploads\/2016\/12\/dujovne.jpg?resize=525%2C300 1.5x"},"classes":[]},{"id":107983,"url":"https:\/\/www.24baires.com\/?p=107983","url_meta":{"origin":30659,"position":4},"title":"Moreau tild\u00f3 de \u201cfantochada marketinera\u201d la convocatoria del Gobierno a Cristina","author":"GB","date":"06\/05\/2019","format":false,"excerpt":"El diputado nacional de Unidad Ciudadana sostuvo que la ex presidenta \u201cdialoga con la sociedad y eso es m\u00e1s que suficiente\u201d. De esta manera, dejo entrever sus inquietudes respecto de la iniciativa del oficialismo. \u201cEl Gobierno est\u00e1 finalizando su mandato y ahora quiere que la oposici\u00f3n le firme una auto-amnist\u00eda\u201d,\u2026","rel":"","context":"En \u00abPol\u00edtica\u00bb","block_context":{"text":"Pol\u00edtica","link":"https:\/\/www.24baires.com\/?cat=51"},"img":{"alt_text":"","src":"https:\/\/i0.wp.com\/www.24baires.com\/wp-content\/uploads\/2015\/10\/Moreau.jpg?resize=350%2C200","width":350,"height":200,"srcset":"https:\/\/i0.wp.com\/www.24baires.com\/wp-content\/uploads\/2015\/10\/Moreau.jpg?resize=350%2C200 1x, https:\/\/i0.wp.com\/www.24baires.com\/wp-content\/uploads\/2015\/10\/Moreau.jpg?resize=525%2C300 1.5x"},"classes":[]},{"id":119118,"url":"https:\/\/www.24baires.com\/?p=119118","url_meta":{"origin":30659,"position":5},"title":"El oficialismo convoca a la oposici\u00f3n al di\u00e1logo","author":"AF","date":"20\/07\/2022","format":false,"excerpt":"Las palabras del gobernador bonaerense se suman al llamado que realiz\u00f3 la vicepresidenta Cristina Kirchner en sus \u00faltimas apariciones p\u00fablicas y las expresiones de principio de mes del ministro \"Wado\" de Pedro. Desde el massismo tambi\u00e9n piden lograr consenso b\u00e1sicos. En un contexto econ\u00f3mico complejo, mientras avanzan las reuniones de\u2026","rel":"","context":"En \u00abPol\u00edtica\u00bb","block_context":{"text":"Pol\u00edtica","link":"https:\/\/www.24baires.com\/?cat=51"},"img":{"alt_text":"","src":"https:\/\/i0.wp.com\/www.24baires.com\/wp-content\/uploads\/2021\/12\/axel-kicillof-1jpg.jpg?resize=350%2C200","width":350,"height":200,"srcset":"https:\/\/i0.wp.com\/www.24baires.com\/wp-content\/uploads\/2021\/12\/axel-kicillof-1jpg.jpg?resize=350%2C200 1x, https:\/\/i0.wp.com\/www.24baires.com\/wp-content\/uploads\/2021\/12\/axel-kicillof-1jpg.jpg?resize=525%2C300 1.5x, https:\/\/i0.wp.com\/www.24baires.com\/wp-content\/uploads\/2021\/12\/axel-kicillof-1jpg.jpg?resize=700%2C400 2x"},"classes":[]}],"jetpack_sharing_enabled":true,"jetpack_likes_enabled":true,"_links":{"self":[{"href":"https:\/\/www.24baires.com\/index.php?rest_route=\/wp\/v2\/posts\/30659","targetHints":{"allow":["GET"]}}],"collection":[{"href":"https:\/\/www.24baires.com\/index.php?rest_route=\/wp\/v2\/posts"}],"about":[{"href":"https:\/\/www.24baires.com\/index.php?rest_route=\/wp\/v2\/types\/post"}],"author":[{"embeddable":true,"href":"https:\/\/www.24baires.com\/index.php?rest_route=\/wp\/v2\/users\/4"}],"replies":[{"embeddable":true,"href":"https:\/\/www.24baires.com\/index.php?rest_route=%2Fwp%2Fv2%2Fcomments&post=30659"}],"version-history":[{"count":2,"href":"https:\/\/www.24baires.com\/index.php?rest_route=\/wp\/v2\/posts\/30659\/revisions"}],"predecessor-version":[{"id":30662,"href":"https:\/\/www.24baires.com\/index.php?rest_route=\/wp\/v2\/posts\/30659\/revisions\/30662"}],"wp:attachment":[{"href":"https:\/\/www.24baires.com\/index.php?rest_route=%2Fwp%2Fv2%2Fmedia&parent=30659"}],"wp:term":[{"taxonomy":"category","embeddable":true,"href":"https:\/\/www.24baires.com\/index.php?rest_route=%2Fwp%2Fv2%2Fcategories&post=30659"},{"taxonomy":"post_tag","embeddable":true,"href":"https:\/\/www.24baires.com\/index.php?rest_route=%2Fwp%2Fv2%2Ftags&post=30659"}],"curies":[{"name":"wp","href":"https:\/\/api.w.org\/{rel}","templated":true}]}}