{"id":3063,"date":"2012-10-24T10:15:07","date_gmt":"2012-10-24T13:15:07","guid":{"rendered":"http:\/\/www.24baires.com\/?p=3063"},"modified":"2012-10-24T10:29:14","modified_gmt":"2012-10-24T13:29:14","slug":"voto-electronico-para-bonaerenses","status":"publish","type":"post","link":"https:\/\/www.24baires.com\/?p=3063","title":{"rendered":"\u00bfVoto electr\u00f3nico para bonaerenses?"},"content":{"rendered":"<p><img data-recalc-dims=\"1\" loading=\"lazy\" decoding=\"async\" class=\"alignleft size-full wp-image-3064\" title=\"voto electr\u00f3nico\" src=\"https:\/\/i0.wp.com\/www.24baires.com\/wp-content\/uploads\/2012\/10\/voto-electr%C3%B3nico.jpg?resize=300%2C200\" alt=\"\" width=\"300\" height=\"200\" \/>El senador Osvaldo Goicoechea present\u00f3 un proyecto al considerar que hoy la ciudadan\u00eda tiene la suficiente experiencia en el uso de la tecnolog\u00eda como para aplicarla en las elecciones.<!--more--><\/p>\n<p>El senador del Frente para la Victoria Osvaldo Goicoechea impulsa un proyecto de ley para que se aplique el voto electr\u00f3nico en la provincia de Buenos Aires.<\/p>\n<p>En di\u00e1logo con Radio Provincia consider\u00f3 que \u201c\u00e9ste es el momento\u201d de avanzar con esa iniciativa sobre la que se viene trabajando hace a\u00f1os. Destac\u00f3 que \u201cuno de los que m\u00e1s trabaj\u00f3 en su tiempo en la provincia fue Florencio Randazzo\u201d e insisti\u00f3 en que \u201ces tiempo de que la tecnolog\u00eda\u201d se pueda implementar tambi\u00e9n en la cuesti\u00f3n.<\/p>\n<p>\u201cSer\u00eda muy bueno que la provincia y el pa\u00eds implementaran este sistema seguro, transparente y de r\u00e1pida resoluci\u00f3n\u201d, se\u00f1al\u00f3 el senador.<\/p>\n<p>En otro orden, aclar\u00f3 que el PJ bonaerense todav\u00eda no decidi\u00f3 si la elecci\u00f3n de sus autoridades se har\u00e1 en marzo, junto con las del partido a nivel nacional, como en su momento anticip\u00f3 el diputado nacional Jorge Landau.<\/p>\n<p>Al respecto, afirm\u00f3 que \u201cel congreso provincial y el PJ debe determinar en una reuni\u00f3n en estas cuestiones\u201d, por lo que \u201ctodav\u00eda no hay confirmaci\u00f3n alguna\u201d.<\/p>\n","protected":false},"excerpt":{"rendered":"<p>El senador Osvaldo Goicoechea present\u00f3 un proyecto al considerar que hoy la ciudadan\u00eda tiene la suficiente experiencia en el uso de la tecnolog\u00eda como para aplicarla en las elecciones.<\/p>\n","protected":false},"author":4,"featured_media":0,"comment_status":"open","ping_status":"open","sticky":false,"template":"","format":"standard","meta":{"_jetpack_newsletter_access":"","_jetpack_dont_email_post_to_subs":false,"_jetpack_newsletter_tier_id":0,"_jetpack_memberships_contains_paywalled_content":false,"_jetpack_memberships_contains_paid_content":false,"footnotes":""},"categories":[40],"tags":[],"class_list":["post-3063","post","type-post","status-publish","format-standard","hentry","category-provincia"],"jetpack_featured_media_url":"","jetpack_shortlink":"https:\/\/wp.me\/p2JWE0-Np","jetpack-related-posts":[{"id":5788,"url":"https:\/\/www.24baires.com\/?p=5788","url_meta":{"origin":3063,"position":0},"title":"Massa formaliz\u00f3 el pedido de voto electr\u00f3nico","author":"AF","date":"17\/11\/2012","format":false,"excerpt":"Sergio Massa, secundado por importante cantidad de dirigentes, encabez\u00f3 una jornada especial de \u201cVoto Electr\u00f3nico en Argentina\u201d, a la misma hora que en La Plata se debat\u00eda sobre el voto a los 16. Horas m\u00e1s tarde, el diputado de Tercera Posici\u00f3n, Rub\u00e9n Eslaiman, daba rienda a un nuevo proyecto para\u2026","rel":"","context":"En \u00abPol\u00edtica\u00bb","block_context":{"text":"Pol\u00edtica","link":"https:\/\/www.24baires.com\/?cat=51"},"img":{"alt_text":"","src":"https:\/\/i0.wp.com\/www.24baires.com\/wp-content\/uploads\/2012\/11\/massa-voto-electr%C3%B3nico.jpg?resize=350%2C200","width":350,"height":200,"srcset":"https:\/\/i0.wp.com\/www.24baires.com\/wp-content\/uploads\/2012\/11\/massa-voto-electr%C3%B3nico.jpg?resize=350%2C200 1x, https:\/\/i0.wp.com\/www.24baires.com\/wp-content\/uploads\/2012\/11\/massa-voto-electr%C3%B3nico.jpg?resize=525%2C300 1.5x"},"classes":[]},{"id":23879,"url":"https:\/\/www.24baires.com\/?p=23879","url_meta":{"origin":3063,"position":1},"title":"El portazo de la &#8216;Juan Domingo&#8217; y la dura respuesta de la Senadora Fioramonti","author":"Grupo Sierra","date":"19\/05\/2013","format":false,"excerpt":"La agrupaci\u00f3n que lideran los senadores Baldomero \u201cCacho\u201d Alvarez y Osvaldo Goicoechea decidieron abandonar el Frente para la Victoria y desembarcar en las filas del arco opositor que conforman Hugo Moyano, Jos\u00e9 Manuel De la Sota y Francisco de Narv\u00e1ez. \u201cPuede ser que no sean peronistas y se sientan mejor\u2026","rel":"","context":"En \u00abPol\u00edtica\u00bb","block_context":{"text":"Pol\u00edtica","link":"https:\/\/www.24baires.com\/?cat=51"},"img":{"alt_text":"","src":"","width":0,"height":0},"classes":[]},{"id":7513,"url":"https:\/\/www.24baires.com\/?p=7513","url_meta":{"origin":3063,"position":2},"title":"\u00abLa Juan Domingo\u00bb reuni\u00f3 representantes de toda la Provincia en Mar del Plata","author":"AF","date":"01\/12\/2012","format":false,"excerpt":"Ante la presencia de m\u00e1s de mil peronistas representando a todos los municipios de la Provincia de Buenos Aires, se llev\u00f3 adelante el 1\u00ba Encuentro de dirigentes militantes de \u201cLa Juan Domingo\u201d, en el Hotel Hermitage de la ciudad de Mar del Plata. El encargado de dar la bienvenida a\u2026","rel":"","context":"En \u00abPol\u00edtica\u00bb","block_context":{"text":"Pol\u00edtica","link":"https:\/\/www.24baires.com\/?cat=51"},"img":{"alt_text":"","src":"","width":0,"height":0},"classes":[]},{"id":3653,"url":"https:\/\/www.24baires.com\/?p=3653","url_meta":{"origin":3063,"position":3},"title":"El sciolismo no aprobar\u00e1 la Ley de Tierras","author":"Grupo Sierra","date":"29\/10\/2012","format":false,"excerpt":"Senadores sciolistas confirmaron que no acompa\u00f1ar\u00e1n el proyecto de Ley de Tierras impulsado por el kirchnerismo. La iniciativa tiene media sanci\u00f3n en Diputados y exige a los grandes desarrollos inmobiliarios ceder terrenos para emprendimientos de acceso a la vivienda. Legisladores provinciales del sciolismo ratificaron ayer que no acompa\u00f1ar\u00e1n en el\u2026","rel":"","context":"En \u00abProvincia\u00bb","block_context":{"text":"Provincia","link":"https:\/\/www.24baires.com\/?cat=40"},"img":{"alt_text":"","src":"","width":0,"height":0},"classes":[]},{"id":121834,"url":"https:\/\/www.24baires.com\/?p=121834","url_meta":{"origin":3063,"position":4},"title":"El Senado aprob\u00f3 el RIGI bonaerense y modific\u00f3 la ley de jubilatoria de los trabajadores del BAPRO","author":"GB","date":"15\/11\/2024","format":false,"excerpt":"El Senado bonaerense aprob\u00f3 dos proyectos clave de Kicillof, con el apoyo de los libertarios dialoguistas: La reforma jubilatoria y el r\u00e9gimen de fomento a inversiones estrat\u00e9gicas. Este martes, el Senado de la Provincia de Buenos Aires aprob\u00f3 en sesi\u00f3n especial dos importantes proyectos impulsados por el gobernador Axel Kicillof:\u2026","rel":"","context":"En \u00abProvincia\u00bb","block_context":{"text":"Provincia","link":"https:\/\/www.24baires.com\/?cat=40"},"img":{"alt_text":"","src":"https:\/\/i0.wp.com\/www.24baires.com\/wp-content\/uploads\/2014\/08\/senado-bonaerense.jpg?resize=350%2C200","width":350,"height":200,"srcset":"https:\/\/i0.wp.com\/www.24baires.com\/wp-content\/uploads\/2014\/08\/senado-bonaerense.jpg?resize=350%2C200 1x, https:\/\/i0.wp.com\/www.24baires.com\/wp-content\/uploads\/2014\/08\/senado-bonaerense.jpg?resize=525%2C300 1.5x, https:\/\/i0.wp.com\/www.24baires.com\/wp-content\/uploads\/2014\/08\/senado-bonaerense.jpg?resize=700%2C400 2x"},"classes":[]},{"id":23980,"url":"https:\/\/www.24baires.com\/?p=23980","url_meta":{"origin":3063,"position":5},"title":"Se tensa la interna en el Senado bonaerense","author":"Grupo Sierra","date":"20\/05\/2013","format":false,"excerpt":"La decisi\u00f3n de un grupo de senadores integrantes de la agrupaci\u00f3n La Juan Domingo de oficializar su desembarco en el espacio del peronismo disidente agudiz\u00f3 la crisis de convivencia en el bloque del Frente para la Victoria de la C\u00e1mara Alta, donde la permanencia de los \u201crebeldes\u201d parece tener los\u2026","rel":"","context":"En \u00abPol\u00edtica\u00bb","block_context":{"text":"Pol\u00edtica","link":"https:\/\/www.24baires.com\/?cat=51"},"img":{"alt_text":"senadobonaerense2-679x350","src":"https:\/\/i0.wp.com\/www.24baires.com\/wp-content\/uploads\/2013\/05\/senadobonaerense2-679x350.jpg?resize=350%2C200","width":350,"height":200,"srcset":"https:\/\/i0.wp.com\/www.24baires.com\/wp-content\/uploads\/2013\/05\/senadobonaerense2-679x350.jpg?resize=350%2C200 1x, https:\/\/i0.wp.com\/www.24baires.com\/wp-content\/uploads\/2013\/05\/senadobonaerense2-679x350.jpg?resize=525%2C300 1.5x"},"classes":[]}],"jetpack_sharing_enabled":true,"jetpack_likes_enabled":true,"_links":{"self":[{"href":"https:\/\/www.24baires.com\/index.php?rest_route=\/wp\/v2\/posts\/3063","targetHints":{"allow":["GET"]}}],"collection":[{"href":"https:\/\/www.24baires.com\/index.php?rest_route=\/wp\/v2\/posts"}],"about":[{"href":"https:\/\/www.24baires.com\/index.php?rest_route=\/wp\/v2\/types\/post"}],"author":[{"embeddable":true,"href":"https:\/\/www.24baires.com\/index.php?rest_route=\/wp\/v2\/users\/4"}],"replies":[{"embeddable":true,"href":"https:\/\/www.24baires.com\/index.php?rest_route=%2Fwp%2Fv2%2Fcomments&post=3063"}],"version-history":[{"count":2,"href":"https:\/\/www.24baires.com\/index.php?rest_route=\/wp\/v2\/posts\/3063\/revisions"}],"predecessor-version":[{"id":3066,"href":"https:\/\/www.24baires.com\/index.php?rest_route=\/wp\/v2\/posts\/3063\/revisions\/3066"}],"wp:attachment":[{"href":"https:\/\/www.24baires.com\/index.php?rest_route=%2Fwp%2Fv2%2Fmedia&parent=3063"}],"wp:term":[{"taxonomy":"category","embeddable":true,"href":"https:\/\/www.24baires.com\/index.php?rest_route=%2Fwp%2Fv2%2Fcategories&post=3063"},{"taxonomy":"post_tag","embeddable":true,"href":"https:\/\/www.24baires.com\/index.php?rest_route=%2Fwp%2Fv2%2Ftags&post=3063"}],"curies":[{"name":"wp","href":"https:\/\/api.w.org\/{rel}","templated":true}]}}