{"id":3058,"date":"2012-10-24T10:11:37","date_gmt":"2012-10-24T13:11:37","guid":{"rendered":"http:\/\/www.24baires.com\/?p=3058"},"modified":"2012-10-24T10:11:37","modified_gmt":"2012-10-24T13:11:37","slug":"buscan-regular-el-uso-de-rollers-y-skates","status":"publish","type":"post","link":"https:\/\/www.24baires.com\/?p=3058","title":{"rendered":"Buscan regular el uso de rollers y skates"},"content":{"rendered":"<p>El Diputado por la Provincia de Buenos Aires, Aldo Mensi, present\u00f3 un proyecto con la intenci\u00f3n de prohibir el tr\u00e1nsito por las aceras y rutas del territorio de la provincia en rollers, patines, patinetas, skates y similares.<!--more--><\/p>\n<p>\u00abSer\u00e1 obligatorio llevar el casco protector, coderas y rodilleras para la pr\u00e1ctica, como as\u00ed tambi\u00e9n vestimenta refractaria que permita la visibilidad adecuada. La carencia de estos elementos ocasionar\u00e1 una multa\u00bb, dice en sus fundamentos.<\/p>\n<p>Adem\u00e1s, agrega que los rollers, las patinetas y similares circulando por la v\u00eda p\u00fablica son parte de la geograf\u00eda urbana actual y un fen\u00f3meno de estos tiempos y la masificaci\u00f3n que se est\u00e1 dando conlleva a m\u00faltiples problemas y conflictos en el \u00e1mbito del tr\u00e1nsito en ciudades, pueblos y rutas de la provincia.<\/p>\n<p>\u00abEl proyecto surge de la necesidad de ordenar \u00e9stas pr\u00e1cticas, ya que se forman grupos de distintas edades y generalmente se desplazan sin respetar ninguna de las normas de tr\u00e1nsito vigente\u00bb, seg\u00fan argumenta la iniciativa.<\/p>\n<p>\u00abYa son muchos los accidentes graves que han ocurrido y la mayor\u00eda de \u00e9stos grupos desarrollan sus actividades en horarios nocturnos, en los cuales el riesgo de producir accidentes aumenta considerablemente\u00bb, sostiene.<\/p>\n","protected":false},"excerpt":{"rendered":"<p>El Diputado por la Provincia de Buenos Aires, Aldo Mensi, present\u00f3 un proyecto con la intenci\u00f3n de prohibir el tr\u00e1nsito por las aceras y rutas del territorio de la provincia en rollers, patines, patinetas, skates y similares.<\/p>\n","protected":false},"author":4,"featured_media":0,"comment_status":"open","ping_status":"open","sticky":false,"template":"","format":"standard","meta":{"_jetpack_newsletter_access":"","_jetpack_dont_email_post_to_subs":false,"_jetpack_newsletter_tier_id":0,"_jetpack_memberships_contains_paywalled_content":false,"_jetpack_memberships_contains_paid_content":false,"footnotes":""},"categories":[1],"tags":[],"class_list":["post-3058","post","type-post","status-publish","format-standard","hentry","category-sociedad"],"jetpack_featured_media_url":"","jetpack_shortlink":"https:\/\/wp.me\/p2JWE0-Nk","jetpack-related-posts":[{"id":25832,"url":"https:\/\/www.24baires.com\/?p=25832","url_meta":{"origin":3058,"position":0},"title":"Florencio Varela patinar\u00e1 por la donaci\u00f3n de sangre","author":"AF","date":"13\/06\/2013","format":false,"excerpt":"Se trata de una jornada deportiva y solidaria que incluir\u00e1 una colecta de sangre y plaquetas a cargo del servicio de Medicina Transfusional del Hospital El Cruce. Paralelamente, m\u00e1s de 200 personas patinar\u00e1n para concienciar sobre la importancia de brindar su acci\u00f3n solidaria ante la necesidad de otras personas. Con\u2026","rel":"","context":"En \u00abLocales\u00bb","block_context":{"text":"Locales","link":"https:\/\/www.24baires.com\/?cat=38"},"img":{"alt_text":"","src":"","width":0,"height":0},"classes":[]},{"id":115222,"url":"https:\/\/www.24baires.com\/?p=115222","url_meta":{"origin":3058,"position":1},"title":"Salidas recreativas y deportes individuales al aire libre, el nuevo pedido de Montenegro","author":"GB","date":"03\/06\/2020","format":false,"excerpt":"El intendente elev\u00f3 los protocolos para una \"tercera etapa\" en Mar del Plata. \"Esperamos que sean aprobadas r\u00e1pidamente por Provincia y Naci\u00f3n\", indic\u00f3 Salidas recreativas y deportes individuales al aire libre, el nuevo pedido de Montenegro El intendente de General Pueyrredon, Guillermo Montenegro, anunci\u00f3 este martes en conferencia de prensa\u2026","rel":"","context":"En \u00abMunicipios\u00bb","block_context":{"text":"Municipios","link":"https:\/\/www.24baires.com\/?cat=44"},"img":{"alt_text":"","src":"https:\/\/i0.wp.com\/www.24baires.com\/wp-content\/uploads\/2020\/06\/montenegro.jpg?resize=350%2C200","width":350,"height":200,"srcset":"https:\/\/i0.wp.com\/www.24baires.com\/wp-content\/uploads\/2020\/06\/montenegro.jpg?resize=350%2C200 1x, https:\/\/i0.wp.com\/www.24baires.com\/wp-content\/uploads\/2020\/06\/montenegro.jpg?resize=525%2C300 1.5x"},"classes":[]},{"id":49780,"url":"https:\/\/www.24baires.com\/?p=49780","url_meta":{"origin":3058,"position":2},"title":"Las personas con discapacidades no pagar\u00e1n peajes en rutas bonaerenses","author":"GB","date":"13\/07\/2014","format":false,"excerpt":"Las personas con discapacidad que circulen en autopistas o rutas de la provincia de Buenos Aires cuyo tr\u00e1nsito este sujeto al sistema de peaje circular\u00e1n \u201cgratis\u201dde acuerdo a un proyecto de ley presentado por la diputada del Frente Renovador,Mar\u00eda del Huerto Ratto, que es analizado por la C\u00e1mara Baja para\u2026","rel":"","context":"En \u00abProvincia\u00bb","block_context":{"text":"Provincia","link":"https:\/\/www.24baires.com\/?cat=40"},"img":{"alt_text":"peaje samboromb\u00f3n","src":"https:\/\/i0.wp.com\/www.24baires.com\/wp-content\/uploads\/2013\/02\/peaje-samboromb%C3%B3n.jpg?resize=350%2C200","width":350,"height":200,"srcset":"https:\/\/i0.wp.com\/www.24baires.com\/wp-content\/uploads\/2013\/02\/peaje-samboromb%C3%B3n.jpg?resize=350%2C200 1x, https:\/\/i0.wp.com\/www.24baires.com\/wp-content\/uploads\/2013\/02\/peaje-samboromb%C3%B3n.jpg?resize=525%2C300 1.5x"},"classes":[]},{"id":24854,"url":"https:\/\/www.24baires.com\/?p=24854","url_meta":{"origin":3058,"position":3},"title":"Randazzo propone &#8216;tolerancia cero&#8217; en alcoholemia para transitar rutas nacionales","author":"AF","date":"01\/06\/2013","format":false,"excerpt":"El ministro de Interior y Transporte, Florencio Randazzo, anunci\u00f3 este viernes que presentar\u00e1 en los pr\u00f3ximos d\u00edas un proyecto de ley \"para modificar la ley de tr\u00e1nsito vigente y bajar a 0 (cero) la tolerancia de alcohol al conducir en las rutas nacionales\". \"Le vamos a pedir a la provincia\u2026","rel":"","context":"En \u00abSociedad\u00bb","block_context":{"text":"Sociedad","link":"https:\/\/www.24baires.com\/?cat=1"},"img":{"alt_text":"","src":"","width":0,"height":0},"classes":[]},{"id":26201,"url":"https:\/\/www.24baires.com\/?p=26201","url_meta":{"origin":3058,"position":4},"title":"Solicitan la eliminaci\u00f3n de los peajes sobre rutas concesionadas por la Provincia","author":"AF","date":"17\/06\/2013","format":false,"excerpt":"Al efecto, el diputado de la CC-ARI, Oscar Negrelli, present\u00f3 un proyecto de ley en la Legislatura bonaerense. Lo hizo en forma conjunta con el Comit\u00e9 Nacional de Defensa del Usuario Vial. Aseveran que es para \"garantizar el ejercicio constitucional de libre tr\u00e1nsito\". El diputado provincial de la Coalici\u00f3n C\u00edvica-ARI,\u2026","rel":"","context":"En \u00abProvincia\u00bb","block_context":{"text":"Provincia","link":"https:\/\/www.24baires.com\/?cat=40"},"img":{"alt_text":"","src":"","width":0,"height":0},"classes":[]},{"id":76820,"url":"https:\/\/www.24baires.com\/?p=76820","url_meta":{"origin":3058,"position":5},"title":"Bullrich: \u00abSe controlar\u00e1n fronteras para combatir narcotr\u00e1fico\u00bb","author":"GB","date":"23\/12\/2015","format":false,"excerpt":"La ministra de Seguridad de la Naci\u00f3n asegur\u00f3 que para combatir el narcotr\u00e1fico \"se trabajar\u00e1 muy espec\u00edficamente el control de las fronteras argentinas\" en coordinaci\u00f3n con las provincias. La ministra de Seguridad de la Naci\u00f3n, Patricia Bullrich, sostuvo: \"Vamos a establecer un nivel de coordinaci\u00f3n con las provincias fronterizas donde\u2026","rel":"","context":"En \u00abPol\u00edtica\u00bb","block_context":{"text":"Pol\u00edtica","link":"https:\/\/www.24baires.com\/?cat=51"},"img":{"alt_text":"bullrich conferencia","src":"https:\/\/i0.wp.com\/www.24baires.com\/wp-content\/uploads\/2015\/12\/bullrich-conferencia.jpg?resize=350%2C200","width":350,"height":200,"srcset":"https:\/\/i0.wp.com\/www.24baires.com\/wp-content\/uploads\/2015\/12\/bullrich-conferencia.jpg?resize=350%2C200 1x, https:\/\/i0.wp.com\/www.24baires.com\/wp-content\/uploads\/2015\/12\/bullrich-conferencia.jpg?resize=525%2C300 1.5x"},"classes":[]}],"jetpack_sharing_enabled":true,"jetpack_likes_enabled":true,"_links":{"self":[{"href":"https:\/\/www.24baires.com\/index.php?rest_route=\/wp\/v2\/posts\/3058","targetHints":{"allow":["GET"]}}],"collection":[{"href":"https:\/\/www.24baires.com\/index.php?rest_route=\/wp\/v2\/posts"}],"about":[{"href":"https:\/\/www.24baires.com\/index.php?rest_route=\/wp\/v2\/types\/post"}],"author":[{"embeddable":true,"href":"https:\/\/www.24baires.com\/index.php?rest_route=\/wp\/v2\/users\/4"}],"replies":[{"embeddable":true,"href":"https:\/\/www.24baires.com\/index.php?rest_route=%2Fwp%2Fv2%2Fcomments&post=3058"}],"version-history":[{"count":1,"href":"https:\/\/www.24baires.com\/index.php?rest_route=\/wp\/v2\/posts\/3058\/revisions"}],"predecessor-version":[{"id":3059,"href":"https:\/\/www.24baires.com\/index.php?rest_route=\/wp\/v2\/posts\/3058\/revisions\/3059"}],"wp:attachment":[{"href":"https:\/\/www.24baires.com\/index.php?rest_route=%2Fwp%2Fv2%2Fmedia&parent=3058"}],"wp:term":[{"taxonomy":"category","embeddable":true,"href":"https:\/\/www.24baires.com\/index.php?rest_route=%2Fwp%2Fv2%2Fcategories&post=3058"},{"taxonomy":"post_tag","embeddable":true,"href":"https:\/\/www.24baires.com\/index.php?rest_route=%2Fwp%2Fv2%2Ftags&post=3058"}],"curies":[{"name":"wp","href":"https:\/\/api.w.org\/{rel}","templated":true}]}}