{"id":3054,"date":"2012-10-24T09:58:21","date_gmt":"2012-10-24T12:58:21","guid":{"rendered":"http:\/\/www.24baires.com\/?p=3054"},"modified":"2012-10-24T09:58:21","modified_gmt":"2012-10-24T12:58:21","slug":"segundo-dia-sin-clases-en-la-provincia","status":"publish","type":"post","link":"https:\/\/www.24baires.com\/?p=3054","title":{"rendered":"Segundo d\u00eda sin clases en la Provincia"},"content":{"rendered":"<p><img data-recalc-dims=\"1\" loading=\"lazy\" decoding=\"async\" class=\"alignleft size-medium wp-image-3055\" title=\"paro2324\" src=\"https:\/\/i0.wp.com\/www.24baires.com\/wp-content\/uploads\/2012\/10\/paro2324.jpg?resize=300%2C200\" alt=\"\" width=\"300\" height=\"200\" srcset=\"https:\/\/i0.wp.com\/www.24baires.com\/wp-content\/uploads\/2012\/10\/paro2324.jpg?resize=300%2C200&amp;ssl=1 300w, https:\/\/i0.wp.com\/www.24baires.com\/wp-content\/uploads\/2012\/10\/paro2324.jpg?w=560&amp;ssl=1 560w\" sizes=\"auto, (max-width: 300px) 100vw, 300px\" \/>Los maestros llevan adelante las segundas 24 horas de su protesta. Habr\u00e1 concentraciones en diversos puntos de La Platal, en un clima de fuerte escalada verbal entre autoridades bonaerenses y gremialistas.<!--more--><\/p>\n<p>Este mi\u00e9rcoles se cumple el segundo d\u00eda de paro en la Provincia de Buenos Aires luego del primero, que seg\u00fan los sindicatos tuvo un nivel \u201cmasivo\u201d de acompa\u00f1amiento por parte del sector. Adem\u00e1s de la huelga, tambi\u00e9n est\u00e1 prevista una concentraci\u00f3n de la Central de Trabajadores de la Argentina (CTA) bonaerense frente a la Gobernaci\u00f3n en calle 6, La Plata, para insistir con sus reclamos, incluyendo la reapertura de paritarias y los aumentos salariales, conformaci\u00f3n de una Comisi\u00f3n T\u00e9cnica para analizar la universalizaci\u00f3n en el cobro de las asignaciones familiares, las precarias condiciones edilicias, la crisis de los transportes y comedores escolares y, en general, los problemas estructurales del sistema educativo provincial.<\/p>\n<p>Es una medida de fuerza que afecta a 4.500.000 alumnos en los 17.000 establecimientos educativos bonaerenses.<\/p>\n<p>La protesta tiene lugar en un marco de tensi\u00f3n, que ocurre desde la semana pasada y el martes lleg\u00f3 a un nuevo pico con las cr\u00edticas de Alberto P\u00e9rez, Jefe de Gabinete sciolista, y la posterior respuesta de Roberto Baradel, l\u00edder de la CTA bonaerense y del Sindicato Unificado de Trabajadores de la Educaci\u00f3n de Buenos Aires (SUTEBA), gremio mayoritario.<\/p>\n<p>\u201cJam\u00e1s se cort\u00f3 un solo d\u00eda de comedor escolar en la Provincia, nunca vamos a dejar de pagar los comedores escolares, y Baradel se pone en representante de los proveedores de los comedores\u201d, sostuvo el funcionario provincial y agreg\u00f3 que el cese de actividades \u201ctiene un cierto tufillo pol\u00edtico\u201d porque el dirigente gremial se sentir\u00eda -seg\u00fan interpreta el ministro de ministros- \u201ccorrido por izquierda por el sector de (su par en la CTA disidente, Pablo) Micheli y acude a un paro\u201d.<\/p>\n<p>El referente del Frente Gremial Docente no tard\u00f3 en retrucar, y lo hizo con munici\u00f3n gruesa, al indicar que \u201cel Jefe de Gabinete, por su ideolog\u00eda, podr\u00eda ser ministro de (Daniel) Scioli o de (Mauricio) Macri\u201d. Y en el mismo sentido, el l\u00edder gremial reclam\u00f3 a la administraci\u00f3n sciolista que \u201cresuelva urgencias, restablezca transporte escolar, que mejore la infraestructura escolar y convoque paritarias, con las comisiones t\u00e9cnicas\u201d.<\/p>\n<p>M\u00e1s temprano, Roberto Baradel afirm\u00f3 que fue \u201cmasivo\u201d el primer d\u00eda de paro durante una conferencia de prensa. \u201cNo queremos recorte ni ajuste en los presupuestos ni de salud, ni de educaci\u00f3n, ni de justicia, ni de desarrollo social como se est\u00e1 haciendo, por eso nos movilizamos ma\u00f1ana para pedir al Gobernador Daniel Scioli que cambie la actitud\u201d, critic\u00f3.<\/p>\n<p>Su colega Mirta Petrocini, de la Federaci\u00f3n de Educadores Bonaerenses (FEB), fue dura con la directora general de Cultura y Educaci\u00f3n, Nora De Luc\u00eda, que es cuestionada por su falta de experiencia en pedagog\u00eda. \u201cEscuchamos a pol\u00edticos oportunistas que cuestionan con palabrer\u00edos sin sustento nuestras medidas sin siquiera saber c\u00f3mo funciona la escuela p\u00fablica en la Provincia\u201d, fustig\u00f3.<\/p>\n<p>\u201cAc\u00e1 hay realidades objetivas que est\u00e1n por fuera de cualquier especulaci\u00f3n pol\u00edtica\u201d, consider\u00f3.<\/p>\n<div><span style=\"color: #444444; font-family: Tahoma; font-size: small; font-weight: bold; line-height: normal;\"><br \/>\n<\/span><\/div>\n","protected":false},"excerpt":{"rendered":"<p>Los maestros llevan adelante las segundas 24 horas de su protesta. Habr\u00e1 concentraciones en diversos puntos de La Platal, en un clima de fuerte escalada verbal entre autoridades bonaerenses y gremialistas.<\/p>\n","protected":false},"author":4,"featured_media":0,"comment_status":"open","ping_status":"open","sticky":false,"template":"","format":"standard","meta":{"_jetpack_newsletter_access":"","_jetpack_dont_email_post_to_subs":false,"_jetpack_newsletter_tier_id":0,"_jetpack_memberships_contains_paywalled_content":false,"_jetpack_memberships_contains_paid_content":false,"footnotes":""},"categories":[40],"tags":[],"class_list":["post-3054","post","type-post","status-publish","format-standard","hentry","category-provincia"],"jetpack_featured_media_url":"","jetpack_shortlink":"https:\/\/wp.me\/p2JWE0-Ng","jetpack-related-posts":[{"id":117045,"url":"https:\/\/www.24baires.com\/?p=117045","url_meta":{"origin":3054,"position":0},"title":"Ya se aplica la segunda dosis de la vacuna contra el covid-19 en la Provincia","author":"GB","date":"20\/01\/2021","format":false,"excerpt":"El Gobierno bonaerense inicia la aplicaci\u00f3n de la segunda dosis a trabajadores de la salud en el marco de la campa\u00f1a de vacunaci\u00f3n. El Gobierno bonaerense comienza este mi\u00e9rcoles 20 de enero con el inicio de la aplicaci\u00f3n de la segunda dosis de la vacuna Sputnik V a los trabajadores\u2026","rel":"","context":"En \u00abProvincia\u00bb","block_context":{"text":"Provincia","link":"https:\/\/www.24baires.com\/?cat=40"},"img":{"alt_text":"","src":"https:\/\/i0.wp.com\/www.24baires.com\/wp-content\/uploads\/2021\/01\/vacuna.jpeg?resize=350%2C200","width":350,"height":200,"srcset":"https:\/\/i0.wp.com\/www.24baires.com\/wp-content\/uploads\/2021\/01\/vacuna.jpeg?resize=350%2C200 1x, https:\/\/i0.wp.com\/www.24baires.com\/wp-content\/uploads\/2021\/01\/vacuna.jpeg?resize=525%2C300 1.5x"},"classes":[]},{"id":100168,"url":"https:\/\/www.24baires.com\/?p=100168","url_meta":{"origin":3054,"position":1},"title":"Estatales bonaerenses protestaron con movilizaciones y acampes ante los despidos","author":"GB","date":"25\/01\/2018","format":false,"excerpt":"La Asociaci\u00f3n de Trabajadores del Estado Provincia de Buenos Aires llev\u00f3 a cabo su segunda jornada de lucha iniciada ayer en La Plata y distintos puntos de la provincia, en reclamo por los despidos en varios organismos. Fanazul y Casinos se sumaron. Los trabajadores y trabajadoras de la Asociaci\u00f3n de\u2026","rel":"","context":"En \u00abProvincia\u00bb","block_context":{"text":"Provincia","link":"https:\/\/www.24baires.com\/?cat=40"},"img":{"alt_text":"","src":"https:\/\/i0.wp.com\/www.24baires.com\/wp-content\/uploads\/2018\/01\/ate-300x200.jpg?resize=350%2C200","width":350,"height":200},"classes":[]},{"id":117401,"url":"https:\/\/www.24baires.com\/?p=117401","url_meta":{"origin":3054,"position":2},"title":"Gollan: \u00abEs imprescindible bajar la circulaci\u00f3n viral\u00bb","author":"AF","date":"05\/04\/2021","format":false,"excerpt":"El aumento de casos de Covid y la ocupaci\u00f3n de camas se acelera d\u00eda a d\u00eda\", advirti\u00f3 el ministro de Salud de la Provincia. El ministro de Salud de la provincia de Buenos Aires, Daniel Gollan, advirti\u00f3 este lunes que es \"imprescindible\" reducir la circulaci\u00f3n del coronavirus Covid-19 para \"evitar\u2026","rel":"","context":"En \u00abSociedad\u00bb","block_context":{"text":"Sociedad","link":"https:\/\/www.24baires.com\/?cat=1"},"img":{"alt_text":"","src":"https:\/\/i0.wp.com\/www.24baires.com\/wp-content\/uploads\/2020\/03\/controles-coronavirus.jpg?resize=350%2C200","width":350,"height":200,"srcset":"https:\/\/i0.wp.com\/www.24baires.com\/wp-content\/uploads\/2020\/03\/controles-coronavirus.jpg?resize=350%2C200 1x, https:\/\/i0.wp.com\/www.24baires.com\/wp-content\/uploads\/2020\/03\/controles-coronavirus.jpg?resize=525%2C300 1.5x"},"classes":[]},{"id":117438,"url":"https:\/\/www.24baires.com\/?p=117438","url_meta":{"origin":3054,"position":3},"title":"Kicillof dijo que la Provincia pasa por un \u00abmomento cr\u00edtico\u00bb","author":"GB","date":"14\/04\/2021","format":false,"excerpt":"El gobernador bonaerense Axel Kicillof se refiri\u00f3 a la situaci\u00f3n que atraviesa la Provincia en medio de la segunda ola de coronavirus. El gobernador Axel Kicillof habl\u00f3 sobre el impacto que tiene la segunda ola de coronavirus en la provincia de Buenos Aires y asegur\u00f3 que se atraviesa momentos complejos.\u2026","rel":"","context":"En \u00abProvincia\u00bb","block_context":{"text":"Provincia","link":"https:\/\/www.24baires.com\/?cat=40"},"img":{"alt_text":"","src":"https:\/\/i0.wp.com\/www.24baires.com\/wp-content\/uploads\/2021\/04\/0003279779.jpg?resize=350%2C200","width":350,"height":200,"srcset":"https:\/\/i0.wp.com\/www.24baires.com\/wp-content\/uploads\/2021\/04\/0003279779.jpg?resize=350%2C200 1x, https:\/\/i0.wp.com\/www.24baires.com\/wp-content\/uploads\/2021\/04\/0003279779.jpg?resize=525%2C300 1.5x"},"classes":[]},{"id":119920,"url":"https:\/\/www.24baires.com\/?p=119920","url_meta":{"origin":3054,"position":4},"title":"Escuelas bonaerenses suman una hora m\u00e1s de clases por d\u00eda","author":"GB","date":"21\/03\/2023","format":false,"excerpt":"El ministro de Educaci\u00f3n de la Naci\u00f3n, Jaime Perczyk, junto al director general de Cultura y Educaci\u00f3n provincial, Alberto Sileoni, firmaron un acuerdo para que las escuelas bonaerenses tengan una hora m\u00e1s de clase. El director general de Cultura y Educaci\u00f3n bonaerense, Alberto Sileoni y el ministro de Educaci\u00f3n de\u2026","rel":"","context":"En \u00abProvincia\u00bb","block_context":{"text":"Provincia","link":"https:\/\/www.24baires.com\/?cat=40"},"img":{"alt_text":"","src":"https:\/\/i0.wp.com\/www.24baires.com\/wp-content\/uploads\/2023\/03\/52760171770_e83e4f8c09_o-1024x681-1.webp?resize=350%2C200","width":350,"height":200,"srcset":"https:\/\/i0.wp.com\/www.24baires.com\/wp-content\/uploads\/2023\/03\/52760171770_e83e4f8c09_o-1024x681-1.webp?resize=350%2C200 1x, https:\/\/i0.wp.com\/www.24baires.com\/wp-content\/uploads\/2023\/03\/52760171770_e83e4f8c09_o-1024x681-1.webp?resize=525%2C300 1.5x, https:\/\/i0.wp.com\/www.24baires.com\/wp-content\/uploads\/2023\/03\/52760171770_e83e4f8c09_o-1024x681-1.webp?resize=700%2C400 2x"},"classes":[]},{"id":120740,"url":"https:\/\/www.24baires.com\/?p=120740","url_meta":{"origin":3054,"position":5},"title":"Axel Kicillof asume su segundo mandato al frente de la provincia de Buenos Aires","author":"GB","date":"11\/12\/2023","format":false,"excerpt":"El acto se desarrollar\u00e1 desde las 18 ante los diputados y senadores de la provincia. El gobernador bonaerense, Axel Kicillof, y la vicegobernadora Ver\u00f3nica Magario jurar\u00e1n esta tarde nuevamente en esos cargos ante la Asamblea Legislativa reunida en la C\u00e1mara de Diputados de la provincia de Buenos Aires, con lo\u2026","rel":"","context":"En \u00abProvincia\u00bb","block_context":{"text":"Provincia","link":"https:\/\/www.24baires.com\/?cat=40"},"img":{"alt_text":"","src":"https:\/\/i0.wp.com\/www.24baires.com\/wp-content\/uploads\/2023\/09\/kici-mdp.webp?resize=350%2C200","width":350,"height":200,"srcset":"https:\/\/i0.wp.com\/www.24baires.com\/wp-content\/uploads\/2023\/09\/kici-mdp.webp?resize=350%2C200 1x, https:\/\/i0.wp.com\/www.24baires.com\/wp-content\/uploads\/2023\/09\/kici-mdp.webp?resize=525%2C300 1.5x, https:\/\/i0.wp.com\/www.24baires.com\/wp-content\/uploads\/2023\/09\/kici-mdp.webp?resize=700%2C400 2x"},"classes":[]}],"jetpack_sharing_enabled":true,"jetpack_likes_enabled":true,"_links":{"self":[{"href":"https:\/\/www.24baires.com\/index.php?rest_route=\/wp\/v2\/posts\/3054","targetHints":{"allow":["GET"]}}],"collection":[{"href":"https:\/\/www.24baires.com\/index.php?rest_route=\/wp\/v2\/posts"}],"about":[{"href":"https:\/\/www.24baires.com\/index.php?rest_route=\/wp\/v2\/types\/post"}],"author":[{"embeddable":true,"href":"https:\/\/www.24baires.com\/index.php?rest_route=\/wp\/v2\/users\/4"}],"replies":[{"embeddable":true,"href":"https:\/\/www.24baires.com\/index.php?rest_route=%2Fwp%2Fv2%2Fcomments&post=3054"}],"version-history":[{"count":2,"href":"https:\/\/www.24baires.com\/index.php?rest_route=\/wp\/v2\/posts\/3054\/revisions"}],"predecessor-version":[{"id":3057,"href":"https:\/\/www.24baires.com\/index.php?rest_route=\/wp\/v2\/posts\/3054\/revisions\/3057"}],"wp:attachment":[{"href":"https:\/\/www.24baires.com\/index.php?rest_route=%2Fwp%2Fv2%2Fmedia&parent=3054"}],"wp:term":[{"taxonomy":"category","embeddable":true,"href":"https:\/\/www.24baires.com\/index.php?rest_route=%2Fwp%2Fv2%2Fcategories&post=3054"},{"taxonomy":"post_tag","embeddable":true,"href":"https:\/\/www.24baires.com\/index.php?rest_route=%2Fwp%2Fv2%2Ftags&post=3054"}],"curies":[{"name":"wp","href":"https:\/\/api.w.org\/{rel}","templated":true}]}}