{"id":30475,"date":"2013-08-20T14:00:17","date_gmt":"2013-08-20T17:00:17","guid":{"rendered":"http:\/\/www.24baires.com\/?p=30475"},"modified":"2013-08-20T13:08:54","modified_gmt":"2013-08-20T16:08:54","slug":"nelson-castro-y-lanata-voceros-del-pedido-de-caos","status":"publish","type":"post","link":"https:\/\/www.24baires.com\/?p=30475","title":{"rendered":"N\u00e9lson Castro y Lanata, voceros del pedido de caos"},"content":{"rendered":"<p style=\"text-align: left;\"><img data-recalc-dims=\"1\" loading=\"lazy\" decoding=\"async\" class=\"aligncenter  wp-image-30476\" alt=\"n\u00e9lson castro jorge lanata\" src=\"https:\/\/i0.wp.com\/www.24baires.com\/wp-content\/uploads\/2013\/08\/n%C3%A9lson-castro-jorge-lanata.jpg?resize=560%2C400\" width=\"560\" height=\"400\" \/>Ha sido un fin de semana largo cargado de pol\u00edtica. Y no por el simple hecho de estar en campa\u00f1a, sino porque hubo una nueva escalada ret\u00f3rica entre el Gobierno y el monopolio medi\u00e1tico del Grupo Clar\u00edn, con algunos de sus principales voceros a la cabeza, en este caso fue el turno de N\u00e9lson Castro y del siempre predispuesto a llevar las falacias hacia extremos impensados, Jorge Lanata.<!--more--><\/p>\n<p>Primero N\u00e9lson Castro que hace un lindo show fingiendo hablarle a la Presidenta en su programa de televisi\u00f3n, afirm\u00f3 que los m\u00e9dicos de Cristina Fern\u00e1ndez estaban preocupados, y nos pone en el brete de tener que imaginarnos a los doctores de la Jefa de Estado hablando con \u00e9l, d\u00e1ndole ese tipo de informaci\u00f3n tan sensible a un periodista ultra opositor. No logramos pensar siquiera tal cosa, pero N\u00e9lson Castro, desde su c\u00f3modo espacio en TN, contin\u00faa: la presidenta \u201cpiensa que nadie comprende lo que est\u00e1 pasando y como consecuencia de esa autosuficiencia, hay un comportamiento soberbio y por ende, no se dialoga con nadie, si total todos los otros est\u00e1n equivocados\u201d, dice, afirmando que ella tiene el s\u00edndrome de Hubris, que, seg\u00fan \u00e9l, poseen las personas que est\u00e1n en el poder. Y abusa de la inteligencia del televidente a difundir su opini\u00f3n sobre la mandataria muy mal disfrazada de pseudo diagn\u00f3stico m\u00e9dico y ataca envestidura y persona otra vez, en horario central.<br \/>\nLuego, el domingo, por primera vez la Presidencia de la Naci\u00f3n repudi\u00f3 mediante un comunicado difundido en el acto lo que acontec\u00eda en el programa de stand up de Lanata, donde este habl\u00f3 de un supuesto para\u00edso fiscal donde Cristina viajar\u00eda con bolsos para lavar dinero, mientras realiza sus visitas oficiales. Siguiendo la l\u00ednea marcada por el oligopolio, Lanata retoma el discurso de Nelson Castro y nos toma el pelo a todos y todas planteando cosa semejante y miente hasta en el tiempo que la presidenta estuvo en Seychelles, \u00e9l dijo dos d\u00edas, el gobierno prob\u00f3 que fue una escala de apenas 13 horas. Pero ese no es el punto, la locura de afirmar que la presidenta de un pa\u00eds soberano usa visitas oficiales para traficar, es tan descabellada que parece que no hace falta decir nada m\u00e1s, porque se cae a pedazos sola semejante calumnia, pero s\u00ed hace falta decir muchas cosas. Por eso el gobierno eligi\u00f3 responder. Los t\u00e9rminos bruscos que us\u00f3 son el reflejo del hartazgo.<br \/>\nY esto no parece tener un punto final cercano, si atacan as\u00ed a una Jefa de Estado electa por voto popular (claramente mayoritario), significa que los l\u00edmites no est\u00e1n lejos, sino que directamente han sido borrados de un plumazo. No ser\u00e1n f\u00e1ciles los d\u00edas que se vienen, donde los voceros oficiales del emporio econ\u00f3mico clarinsta reclaman caos a bocajarro desde sus canales de televisi\u00f3n, sus radios y diarios.<\/p>\n","protected":false},"excerpt":{"rendered":"<p>Ha sido un fin de semana largo cargado de pol\u00edtica. Y no por el simple hecho de estar en campa\u00f1a, sino porque hubo una nueva escalada ret\u00f3rica entre el Gobierno y el monopolio medi\u00e1tico del Grupo Clar\u00edn, con algunos de sus principales voceros a la cabeza, en este caso fue el turno de N\u00e9lson Castro y del siempre predispuesto a [&#8230;]<\/p>\n","protected":false},"author":4,"featured_media":0,"comment_status":"open","ping_status":"open","sticky":false,"template":"","format":"standard","meta":{"_jetpack_newsletter_access":"","_jetpack_dont_email_post_to_subs":false,"_jetpack_newsletter_tier_id":0,"_jetpack_memberships_contains_paywalled_content":false,"_jetpack_memberships_contains_paid_content":false,"footnotes":""},"categories":[64],"tags":[],"class_list":["post-30475","post","type-post","status-publish","format-standard","hentry","category-opinion"],"jetpack_featured_media_url":"","jetpack_shortlink":"https:\/\/wp.me\/p2JWE0-7Vx","jetpack-related-posts":[{"id":81020,"url":"https:\/\/www.24baires.com\/?p=81020","url_meta":{"origin":30475,"position":0},"title":"Nelson Castro confes\u00f3 estar decepcionado por Mauricio Macri","author":"AF","date":"05\/04\/2016","format":false,"excerpt":"El periodista de TN y Radio Continental, Nelson Castro, cuestion\u00f3 al presidente por la sociedad offshore que dirig\u00eda y que revel\u00f3 Panama Papers. \"Es legalmente v\u00e1lido pero \u00e9ticamente reprochable\", afirm\u00f3. \"Lo de Macri es decepcionante, el que pone una empresa offshore busca no pagar impuestos. Esto es como Watergate\". Con\u2026","rel":"","context":"En \u00abPol\u00edtica\u00bb","block_context":{"text":"Pol\u00edtica","link":"https:\/\/www.24baires.com\/?cat=51"},"img":{"alt_text":"nelson castro","src":"https:\/\/i0.wp.com\/www.24baires.com\/wp-content\/uploads\/2016\/04\/nelson-castro.jpg?resize=350%2C200","width":350,"height":200,"srcset":"https:\/\/i0.wp.com\/www.24baires.com\/wp-content\/uploads\/2016\/04\/nelson-castro.jpg?resize=350%2C200 1x, https:\/\/i0.wp.com\/www.24baires.com\/wp-content\/uploads\/2016\/04\/nelson-castro.jpg?resize=525%2C300 1.5x"},"classes":[]},{"id":62039,"url":"https:\/\/www.24baires.com\/?p=62039","url_meta":{"origin":30475,"position":1},"title":"Ley de Medios: confirmaron la suspensi\u00f3n de la adecuaci\u00f3n de Clar\u00edn","author":"Grupo Sierra","date":"20\/02\/2015","format":false,"excerpt":"La Sala I de la C\u00e1mara Nacional de Apelaciones en lo Civil y Comercial Federal ratific\u00f3 este viernes el fallo del juez Horacio Alfonso que, como medida cautelar, hab\u00eda dispuesto el 9 de diciembre pasado la suspensi\u00f3n de los efectos de la Resoluci\u00f3n N\u00ba 1121\/AFSCA\/2014 y, por ende, del \"Procedimiento\u2026","rel":"","context":"En \u00abJUDICIALES\u00bb","block_context":{"text":"JUDICIALES","link":"https:\/\/www.24baires.com\/?cat=68"},"img":{"alt_text":"clar\u00edn","src":"https:\/\/i0.wp.com\/www.24baires.com\/wp-content\/uploads\/2014\/10\/clar%C3%ADn.jpg?resize=350%2C200","width":350,"height":200,"srcset":"https:\/\/i0.wp.com\/www.24baires.com\/wp-content\/uploads\/2014\/10\/clar%C3%ADn.jpg?resize=350%2C200 1x, https:\/\/i0.wp.com\/www.24baires.com\/wp-content\/uploads\/2014\/10\/clar%C3%ADn.jpg?resize=525%2C300 1.5x"},"classes":[]},{"id":12840,"url":"https:\/\/www.24baires.com\/?p=12840","url_meta":{"origin":30475,"position":2},"title":"El represor H\u00e9ctor Vergez reconoci\u00f3 que trabaj\u00f3 para Lanata","author":"Grupo Sierra","date":"19\/01\/2013","format":false,"excerpt":"El convicto capit\u00e1n retirado H\u00e9ctor Pedro\u00a0Vergez, quien cumple condena de prisi\u00f3n por delitos de lesa humanidad, revel\u00f3 que trabaj\u00f3 para el periodista realizando \u201cinvestigaciones e incluso alg\u00fan reportaje bastante liviano que me ped\u00eda\u201d. Durante una entrevista exclusiva concedida a T\u00e9lam en el penal de m\u00e1xima seguridad de Marcos Paz, donde\u2026","rel":"","context":"En \u00abMemoria\u00bb","block_context":{"text":"Memoria","link":"https:\/\/www.24baires.com\/?cat=50"},"img":{"alt_text":"","src":"","width":0,"height":0},"classes":[]},{"id":58545,"url":"https:\/\/www.24baires.com\/?p=58545","url_meta":{"origin":30475,"position":3},"title":"Afsca present\u00f3 su descargo a la cautelar solicitada por el Grupo Clar\u00edn","author":"GB","date":"12\/12\/2014","format":false,"excerpt":"La Autoridad Federal de Servicios de Comunicaci\u00f3n Audiovisual (Afsca) present\u00f3 ante la justicia su descargo al pedido de amparo solicitado la semana pasada por periodistas del Grupo Clar\u00edn, quienes objetaron la adecuaci\u00f3n de oficio de la empresa a la ley de medios por considerarla un acto de censura indirecta. En\u2026","rel":"","context":"En \u00abMedios\u00bb","block_context":{"text":"Medios","link":"https:\/\/www.24baires.com\/?cat=54"},"img":{"alt_text":"AFSCA","src":"https:\/\/i0.wp.com\/www.24baires.com\/wp-content\/uploads\/2012\/11\/AFSCA.jpg?resize=350%2C200","width":350,"height":200},"classes":[]},{"id":58312,"url":"https:\/\/www.24baires.com\/?p=58312","url_meta":{"origin":30475,"position":4},"title":"Periodistas de Clar\u00edn presentaron un amparo contra la adecuaci\u00f3n a la ley de Medios","author":"Grupo Sierra","date":"08\/12\/2014","format":false,"excerpt":"Nelson Castro, Fern\u00e1ndez D\u00edaz, Blanck, Lanata, Leuco, Longobardi, Morales Sol\u00e1, Ruiz Gui\u00f1az\u00fa y Van der Kooy quieren detener la adecuaci\u00f3n de oficio de Clar\u00edn. Ins\u00f3litamente, los periodistas presentaron una acci\u00f3n de amparo contra la resoluci\u00f3n de AFSCA que establece el inicio de la adecuaci\u00f3n de oficio del Grupo Clar\u00edn a\u2026","rel":"","context":"En \u00abJUDICIALES\u00bb","block_context":{"text":"JUDICIALES","link":"https:\/\/www.24baires.com\/?cat=68"},"img":{"alt_text":"clar\u00edn mitre","src":"https:\/\/i0.wp.com\/www.24baires.com\/wp-content\/uploads\/2014\/11\/clar%C3%ADn-mitre.jpg?resize=350%2C200","width":350,"height":200,"srcset":"https:\/\/i0.wp.com\/www.24baires.com\/wp-content\/uploads\/2014\/11\/clar%C3%ADn-mitre.jpg?resize=350%2C200 1x, https:\/\/i0.wp.com\/www.24baires.com\/wp-content\/uploads\/2014\/11\/clar%C3%ADn-mitre.jpg?resize=525%2C300 1.5x"},"classes":[]},{"id":455,"url":"https:\/\/www.24baires.com\/?p=455","url_meta":{"origin":30475,"position":5},"title":"Independiente le gan\u00f3 Liverpool de Uruguay, por la Copa Sudamericana","author":"Grupo Sierra","date":"25\/09\/2012","format":false,"excerpt":"El \"Rojo\", con goles en el primer y segundo tiempo, le gan\u00f3 a Liverpool de Uruguay en el estadio Libertadores de Am\u00e9rica de Avellaneda, en el partido de ida por los octavos de final de la Copa Sudamericana de f\u00fatbol. Formaciones: Independiente: Diego Rodr\u00edguez; Gabriel Vall\u00e9s, Leonel Galeano, Samuel C\u00e1ceres\u2026","rel":"","context":"En \u00abDeportes\u00bb","block_context":{"text":"Deportes","link":"https:\/\/www.24baires.com\/?cat=12"},"img":{"alt_text":"","src":"https:\/\/i0.wp.com\/www.24baires.com\/wp-content\/uploads\/2012\/09\/independiente-sudamericana.jpg?resize=350%2C200","width":350,"height":200,"srcset":"https:\/\/i0.wp.com\/www.24baires.com\/wp-content\/uploads\/2012\/09\/independiente-sudamericana.jpg?resize=350%2C200 1x, https:\/\/i0.wp.com\/www.24baires.com\/wp-content\/uploads\/2012\/09\/independiente-sudamericana.jpg?resize=525%2C300 1.5x"},"classes":[]}],"jetpack_sharing_enabled":true,"jetpack_likes_enabled":true,"_links":{"self":[{"href":"https:\/\/www.24baires.com\/index.php?rest_route=\/wp\/v2\/posts\/30475","targetHints":{"allow":["GET"]}}],"collection":[{"href":"https:\/\/www.24baires.com\/index.php?rest_route=\/wp\/v2\/posts"}],"about":[{"href":"https:\/\/www.24baires.com\/index.php?rest_route=\/wp\/v2\/types\/post"}],"author":[{"embeddable":true,"href":"https:\/\/www.24baires.com\/index.php?rest_route=\/wp\/v2\/users\/4"}],"replies":[{"embeddable":true,"href":"https:\/\/www.24baires.com\/index.php?rest_route=%2Fwp%2Fv2%2Fcomments&post=30475"}],"version-history":[{"count":1,"href":"https:\/\/www.24baires.com\/index.php?rest_route=\/wp\/v2\/posts\/30475\/revisions"}],"predecessor-version":[{"id":30477,"href":"https:\/\/www.24baires.com\/index.php?rest_route=\/wp\/v2\/posts\/30475\/revisions\/30477"}],"wp:attachment":[{"href":"https:\/\/www.24baires.com\/index.php?rest_route=%2Fwp%2Fv2%2Fmedia&parent=30475"}],"wp:term":[{"taxonomy":"category","embeddable":true,"href":"https:\/\/www.24baires.com\/index.php?rest_route=%2Fwp%2Fv2%2Fcategories&post=30475"},{"taxonomy":"post_tag","embeddable":true,"href":"https:\/\/www.24baires.com\/index.php?rest_route=%2Fwp%2Fv2%2Ftags&post=30475"}],"curies":[{"name":"wp","href":"https:\/\/api.w.org\/{rel}","templated":true}]}}