{"id":3043,"date":"2012-10-23T20:52:31","date_gmt":"2012-10-23T23:52:31","guid":{"rendered":"http:\/\/www.24baires.com\/?p=3043"},"modified":"2012-10-23T20:53:05","modified_gmt":"2012-10-23T23:53:05","slug":"crearon-el-observatorio-provincial-de-derechos-sexuales-y-reproductivos","status":"publish","type":"post","link":"https:\/\/www.24baires.com\/?p=3043","title":{"rendered":"Crearon el Observatorio Provincial de Derechos Sexuales y Reproductivos"},"content":{"rendered":"<p><img data-recalc-dims=\"1\" loading=\"lazy\" decoding=\"async\" class=\"alignleft size-full wp-image-3044\" title=\"m\u00f3nica l\u00f3pez\" src=\"https:\/\/i0.wp.com\/www.24baires.com\/wp-content\/uploads\/2012\/10\/m%C3%B3nica-l%C3%B3pez.jpg?resize=195%2C138\" alt=\"\" width=\"195\" height=\"138\" \/>La c\u00e1mara de diputados aprob\u00f3 el proyecto de la presidenta del bloque Uni\u00f3n Celeste y Blanco, M\u00f3nica L\u00f3pez, por el que se crea el \u201cObservatorio Provincial de Derechos Sexuales y Reproductivos\u201d, que tiene la funci\u00f3n de brindar informaci\u00f3n sobre las pol\u00edticas p\u00fablicas para garantizar la salud reproductiva.<!--more--><br \/>\nLa c\u00e1mara de diputados aprob\u00f3 y gir\u00f3 al Senado el proyecto de la presidenta del bloque Uni\u00f3n Celeste y Blanco, M\u00f3nica L\u00f3pez, por el que se crea el \u201cObservatorio Provincial de Derechos Sexuales y Reproductivos\u201d, que tiene la funci\u00f3n de brindar informaci\u00f3n sobre las pol\u00edticas orientadas en esta \u00e1rea.<br \/>\nLa inciaciativa esta destinada a la recolecci\u00f3n, sistematizaci\u00f3n y registro de datos e informaci\u00f3n sobre las pol\u00edticas orientadas a la promoci\u00f3n y desarrollo de la salud reproductiva y la procreaci\u00f3n responsable de la poblaci\u00f3n, as\u00ed como tambi\u00e9n la identificaci\u00f3n de las causas de la mortalidad materna, el embarazo adolescente y las enfermedades relacionadas con la salud sexual y reproductiva.<br \/>\nLa diputada M\u00f3nica L\u00f3pez, dijo que \u201cnosotros proponemos un instrumento de relevamiento de las pol\u00edticas p\u00fablicas orientadas a la promoci\u00f3n y desarrollo de la salud reproductiva y la procreaci\u00f3n responsable que posibilitar\u00e1 promover acciones correctivas, para mejorar la calidad de atenci\u00f3n relacionadas con el embarazo adolescente y las enfermedades de transmisi\u00f3n sexual\u201d.<br \/>\nY a\u00f1adi\u00f3 que \u201cel derecho a la procreaci\u00f3n responsable es parte de los derechos b\u00e1sicos que hacen a las personas ya que la salud reproductiva es un estado general de bienestar f\u00edsico, mental y social.\u00bb<br \/>\nLa legisladora denarvaista precis\u00f3 que la Provincia de Buenos Aires, a trav\u00e9s de la Ley 13066, cre\u00f3 el Programa Provincial que garantiza las pol\u00edticas orientadas a la promoci\u00f3n, y desarrollo de la Salud Reproductiva y la Procreaci\u00f3n Responsable en la cual se enmarca el Observatorio Provincial que ya cuenta con el aval de la c\u00e1mara joven.<\/p>\n","protected":false},"excerpt":{"rendered":"<p>La c\u00e1mara de diputados aprob\u00f3 el proyecto de la presidenta del bloque Uni\u00f3n Celeste y Blanco, M\u00f3nica L\u00f3pez, por el que se crea el \u201cObservatorio Provincial de Derechos Sexuales y Reproductivos\u201d, que tiene la funci\u00f3n de brindar informaci\u00f3n sobre las pol\u00edticas p\u00fablicas para garantizar la salud reproductiva.<\/p>\n","protected":false},"author":4,"featured_media":0,"comment_status":"open","ping_status":"open","sticky":false,"template":"","format":"standard","meta":{"_jetpack_newsletter_access":"","_jetpack_dont_email_post_to_subs":false,"_jetpack_newsletter_tier_id":0,"_jetpack_memberships_contains_paywalled_content":false,"_jetpack_memberships_contains_paid_content":false,"footnotes":""},"categories":[40],"tags":[],"class_list":["post-3043","post","type-post","status-publish","format-standard","hentry","category-provincia"],"jetpack_featured_media_url":"","jetpack_shortlink":"https:\/\/wp.me\/p2JWE0-N5","jetpack-related-posts":[{"id":117032,"url":"https:\/\/www.24baires.com\/?p=117032","url_meta":{"origin":3043,"position":0},"title":"Provincia presenta la Gu\u00eda de Implementaci\u00f3n de la IVE para profesionales de la salud","author":"GB","date":"18\/01\/2021","format":false,"excerpt":"Los ministros de Salud y de Mujeres, Pol\u00edticas de G\u00e9nero y Diversidad Sexual, Daniel Gollan y Estela D\u00edaz, respectivamente, junto a autoridades provinciales, ser\u00e1n los encargados de brindar los detalles. El Gobierno bonaerense presenta la gu\u00eda de acci\u00f3n para orientar en la aplicaci\u00f3n de la Interrupci\u00f3n Voluntaria del Embarazo (IVE)\u2026","rel":"","context":"En \u00abProvincia\u00bb","block_context":{"text":"Provincia","link":"https:\/\/www.24baires.com\/?cat=40"},"img":{"alt_text":"","src":"https:\/\/i0.wp.com\/www.24baires.com\/wp-content\/uploads\/2021\/01\/20210118091343_presentacion.jpg?resize=350%2C200","width":350,"height":200,"srcset":"https:\/\/i0.wp.com\/www.24baires.com\/wp-content\/uploads\/2021\/01\/20210118091343_presentacion.jpg?resize=350%2C200 1x, https:\/\/i0.wp.com\/www.24baires.com\/wp-content\/uploads\/2021\/01\/20210118091343_presentacion.jpg?resize=525%2C300 1.5x"},"classes":[]},{"id":22538,"url":"https:\/\/www.24baires.com\/?p=22538","url_meta":{"origin":3043,"position":1},"title":"Proponen realizar campa\u00f1as de concientizaci\u00f3n sobre salud reproductiva en la Provincia","author":"AF","date":"03\/05\/2013","format":false,"excerpt":"Mediante un proyecto presentado en la c\u00e1mara alta provincial, la vicepresidente del bloque de senadores de la UCR, Malena Baro, inst\u00f3 al gobierno bonaerense a promover campa\u00f1as de concientizaci\u00f3n sobre salud reproductiva en la poblaci\u00f3n, con el fin de prevenir las enfermedades de transmisi\u00f3n sexual y alentar de este modo\u2026","rel":"","context":"En \u00abSociedad\u00bb","block_context":{"text":"Sociedad","link":"https:\/\/www.24baires.com\/?cat=1"},"img":{"alt_text":"baro","src":"https:\/\/i0.wp.com\/www.24baires.com\/wp-content\/uploads\/2012\/12\/baro.png?resize=350%2C200","width":350,"height":200},"classes":[]},{"id":44047,"url":"https:\/\/www.24baires.com\/?p=44047","url_meta":{"origin":3043,"position":2},"title":"Impulsan proyecto para regular el acceso al aborto no punible en Provincia","author":"GB","date":"16\/04\/2014","format":false,"excerpt":"Un proyecto legislativo impulsado por el FpV en la C\u00e1mara de Diputados bonaerense busca regular y garantizar el acceso a los abortos no punibles en todos los establecimientos de la red sanitaria provincial. \u201cBusca institucionalizar y modernizar el trabajo que viene haciendo la Provincia de Buenos Aires en relaci\u00f3n con\u2026","rel":"","context":"En \u00abSociedad\u00bb","block_context":{"text":"Sociedad","link":"https:\/\/www.24baires.com\/?cat=1"},"img":{"alt_text":"diputados ba","src":"https:\/\/i0.wp.com\/www.24baires.com\/wp-content\/uploads\/2012\/12\/diputados-ba-300x198.jpg?resize=350%2C200","width":350,"height":200},"classes":[]},{"id":13738,"url":"https:\/\/www.24baires.com\/?p=13738","url_meta":{"origin":3043,"position":3},"title":"M\u00f3nica L\u00f3pez rompi\u00f3 con De Narv\u00e1ez y se integra al bloque de Massa","author":"Grupo Sierra","date":"27\/01\/2013","format":false,"excerpt":"La diputada provincial M\u00f3nica L\u00f3pez oficializ\u00f3 hoy su alejamiento del bloque Uni\u00f3n Celeste y Blanco de la legislatura bonaerense, que lidera Francisco de Narv\u00e1ez, y anunci\u00f3 que se suma al armado pol\u00edtico del intendente de Tigre, Sergio Massa. Mediante un comunicado, la excompa\u00f1era de f\u00f3rmula de De Narv\u00e1ez anunci\u00f3 que\u2026","rel":"","context":"En \u00abPol\u00edtica\u00bb","block_context":{"text":"Pol\u00edtica","link":"https:\/\/www.24baires.com\/?cat=51"},"img":{"alt_text":"m\u00f3nica l\u00f3pez","src":"https:\/\/i0.wp.com\/www.24baires.com\/wp-content\/uploads\/2012\/10\/m%C3%B3nica-l%C3%B3pez.jpg?resize=350%2C200","width":350,"height":200},"classes":[]},{"id":107638,"url":"https:\/\/www.24baires.com\/?p=107638","url_meta":{"origin":3043,"position":4},"title":"El 28 de mayo presentar\u00e1n el nuevo proyecto de ley por el aborto","author":"GB","date":"12\/04\/2019","format":false,"excerpt":"As\u00ed lo anunciaron a nivel nacional desde la Campa\u00f1a por el Derecho al Aborto Legal, Seguro y Gratuito. Ese d\u00eda realizar\u00e1n actividades en todo el pa\u00eds y frente al Congreso de la Naci\u00f3n. La Campa\u00f1a Nacional por el Derecho al Aborto Legal, Seguro y Gratuito inform\u00f3 que el pr\u00f3ximo 28\u2026","rel":"","context":"En \u00abPol\u00edtica\u00bb","block_context":{"text":"Pol\u00edtica","link":"https:\/\/www.24baires.com\/?cat=51"},"img":{"alt_text":"","src":"https:\/\/i0.wp.com\/www.24baires.com\/wp-content\/uploads\/2019\/02\/pa%C3%B1uelo-aborto.jpg?resize=350%2C200","width":350,"height":200,"srcset":"https:\/\/i0.wp.com\/www.24baires.com\/wp-content\/uploads\/2019\/02\/pa%C3%B1uelo-aborto.jpg?resize=350%2C200 1x, https:\/\/i0.wp.com\/www.24baires.com\/wp-content\/uploads\/2019\/02\/pa%C3%B1uelo-aborto.jpg?resize=525%2C300 1.5x"},"classes":[]},{"id":30334,"url":"https:\/\/www.24baires.com\/?p=30334","url_meta":{"origin":3043,"position":5},"title":"Ya hay 24 instituciones autorizadas a realizar la fertilizaci\u00f3n asistida","author":"GB","date":"17\/08\/2013","format":false,"excerpt":"Se trata de instituciones p\u00fablicas y privadas de las provincias de Buenos Aires, C\u00f3rdoba, Neuqu\u00e9n, Salta, Santa Fe, San Juan, Tucum\u00e1n y la Ciudad Aut\u00f3noma de Buenos Aires, inform\u00f3 la cartera sanitaria nacional. La Ley de Fertilizaci\u00f3n Asistida, fue sancionada por el Congreso Nacional el 5 de junio y fue\u2026","rel":"","context":"En \u00abSociedad\u00bb","block_context":{"text":"Sociedad","link":"https:\/\/www.24baires.com\/?cat=1"},"img":{"alt_text":"","src":"","width":0,"height":0},"classes":[]}],"jetpack_sharing_enabled":true,"jetpack_likes_enabled":true,"_links":{"self":[{"href":"https:\/\/www.24baires.com\/index.php?rest_route=\/wp\/v2\/posts\/3043","targetHints":{"allow":["GET"]}}],"collection":[{"href":"https:\/\/www.24baires.com\/index.php?rest_route=\/wp\/v2\/posts"}],"about":[{"href":"https:\/\/www.24baires.com\/index.php?rest_route=\/wp\/v2\/types\/post"}],"author":[{"embeddable":true,"href":"https:\/\/www.24baires.com\/index.php?rest_route=\/wp\/v2\/users\/4"}],"replies":[{"embeddable":true,"href":"https:\/\/www.24baires.com\/index.php?rest_route=%2Fwp%2Fv2%2Fcomments&post=3043"}],"version-history":[{"count":2,"href":"https:\/\/www.24baires.com\/index.php?rest_route=\/wp\/v2\/posts\/3043\/revisions"}],"predecessor-version":[{"id":3046,"href":"https:\/\/www.24baires.com\/index.php?rest_route=\/wp\/v2\/posts\/3043\/revisions\/3046"}],"wp:attachment":[{"href":"https:\/\/www.24baires.com\/index.php?rest_route=%2Fwp%2Fv2%2Fmedia&parent=3043"}],"wp:term":[{"taxonomy":"category","embeddable":true,"href":"https:\/\/www.24baires.com\/index.php?rest_route=%2Fwp%2Fv2%2Fcategories&post=3043"},{"taxonomy":"post_tag","embeddable":true,"href":"https:\/\/www.24baires.com\/index.php?rest_route=%2Fwp%2Fv2%2Ftags&post=3043"}],"curies":[{"name":"wp","href":"https:\/\/api.w.org\/{rel}","templated":true}]}}