{"id":30399,"date":"2013-08-18T20:30:29","date_gmt":"2013-08-18T23:30:29","guid":{"rendered":"http:\/\/www.24baires.com\/?p=30399"},"modified":"2013-08-18T20:23:55","modified_gmt":"2013-08-18T23:23:55","slug":"optimismo-de-las-cooperativas-con-la-audiencia-publica-de-la-corte-por-la-ley-de-medios","status":"publish","type":"post","link":"https:\/\/www.24baires.com\/?p=30399","title":{"rendered":"Optimismo de las cooperativas con la audiencia p\u00fablica de la Corte por la Ley de Medios"},"content":{"rendered":"<p>La Confederaci\u00f3n Cooperativa de la Rep\u00fablica Argentina (Cooperar) afirm\u00f3 que \u201ces una se\u00f1al fundamental la decisi\u00f3n del m\u00e1ximo tribunal de convocar a una audiencia p\u00fablica\u201d por la constitucionalidad de la ley de medios.<!--more--><\/p>\n<p>Sostienen que posibilita acudir a organizaciones sin fines de lucro.<\/p>\n<p>\u00abLa participaci\u00f3n de organizaciones que aporten fundamentos es clave para enriquecer los enfoques\u00bb, manifest\u00f3 Cooperar en un comunicado, en el que remarc\u00f3: \u00abLa posici\u00f3n de la econom\u00eda solidaria es clara, y contraria al \u00faltimo fallo de la C\u00e1mara de Apelaciones, que confunde posici\u00f3n dominante con capacidad competitiva y libertad de expresi\u00f3n\u00bb.<\/p>\n<p>La confederaci\u00f3n que re\u00fane a 47 entidades y representa a m\u00e1s 3.000 cooperativas expres\u00f3: \u00abLa democratizaci\u00f3n de la palabra no es compatible con posiciones dominantes y menos a\u00fan en el \u00e1mbito de las comunicaciones\u00bb.<\/p>\n<p>Y sostuvo: \u00abLas cooperativas con su mera existencia como prestadores de cable invalidan el argumento que la C\u00e1mara utiliz\u00f3 para cuestionar el tope de 24 licencias de cable establecido por la ley, el impedimento de superponer un canal de aire y servicio de cable, el m\u00e1ximo de titularidad de se\u00f1ales y el tope que restringe la cantidad de abonados al 35 por ciento del mercado\u00bb.<\/p>\n<p>De esta manera, Cooperar sali\u00f3 al cruce del argumento de que \u00ablas restricciones generan inseguridad econ\u00f3mica para el Grupo Clar\u00edn, le restan capacidad competitiva y coartan la libertad de expresi\u00f3n\u00bb.<\/p>\n<p>\u00abEs una se\u00f1al fundamental la decisi\u00f3n del m\u00e1ximo tribunal de convocar a una audiencia p\u00fablica y dictar un reglamento para que puedan participar, adem\u00e1s de las partes y los peritos, 10 organizaciones sin fines de lucro en calidad de amicus curiae\u00bb, dijo la entidad, que agreg\u00f3 que de esta manera \u00abqueda abierto el camino hacia una sentencia definitiva\u00bb.<\/p>\n","protected":false},"excerpt":{"rendered":"<p>La Confederaci\u00f3n Cooperativa de la Rep\u00fablica Argentina (Cooperar) afirm\u00f3 que \u201ces una se\u00f1al fundamental la decisi\u00f3n del m\u00e1ximo tribunal de convocar a una audiencia p\u00fablica\u201d por la constitucionalidad de la ley de medios.<\/p>\n","protected":false},"author":11,"featured_media":0,"comment_status":"open","ping_status":"open","sticky":false,"template":"","format":"standard","meta":{"_jetpack_newsletter_access":"","_jetpack_dont_email_post_to_subs":false,"_jetpack_newsletter_tier_id":0,"_jetpack_memberships_contains_paywalled_content":false,"_jetpack_memberships_contains_paid_content":false,"footnotes":""},"categories":[54],"tags":[],"class_list":["post-30399","post","type-post","status-publish","format-standard","hentry","category-medios"],"jetpack_featured_media_url":"","jetpack_shortlink":"https:\/\/wp.me\/p2JWE0-7Uj","jetpack-related-posts":[{"id":30840,"url":"https:\/\/www.24baires.com\/?p=30840","url_meta":{"origin":30399,"position":0},"title":"Ley de medios: la corte dio a conocer los amicus curiae que expondr\u00e1n el mi\u00e9rcoles","author":"GB","date":"26\/08\/2013","format":false,"excerpt":"La Corte Suprema inform\u00f3 cu\u00e1les ser\u00e1n los amicus curiae que intervendr\u00e1n en la audiencia de este mi\u00e9rcoles para exponer su postura sobre la constitucionalidad de la Ley de Servicios de Comunicaci\u00f3n Audiovisual. La audiencia, que estar\u00e1 presidida por el titular de la Corte Suprema, Ricardo Lorenzetti, comenzar\u00e1 el mi\u00e9rcoles a\u2026","rel":"","context":"En \u00abMedios\u00bb","block_context":{"text":"Medios","link":"https:\/\/www.24baires.com\/?cat=54"},"img":{"alt_text":"","src":"","width":0,"height":0},"classes":[]},{"id":115965,"url":"https:\/\/www.24baires.com\/?p=115965","url_meta":{"origin":30399,"position":1},"title":"Cooperativas piden ser incluidas en la extensi\u00f3n del ATP hasta fin de a\u00f1o","author":"GB","date":"17\/08\/2020","format":false,"excerpt":"La Confederaci\u00f3n Nacional de Cooperativas de Trabajo (CNCT), explicaron que la ayuda al sector equivale s\u00f3lo al 0,03% del total que brinda el Estado en concepto de esa asistencia. Hace tres semanas, el presidente Alberto Fern\u00e1ndez, junto al ministro de Desarrollo Productivo, Mat\u00edas Kulffas, anunci\u00f3 la cuarta reanudaci\u00f3n del ATP\u2026","rel":"","context":"En \u00abLocales\u00bb","block_context":{"text":"Locales","link":"https:\/\/www.24baires.com\/?cat=38"},"img":{"alt_text":"","src":"","width":0,"height":0},"classes":[]},{"id":7704,"url":"https:\/\/www.24baires.com\/?p=7704","url_meta":{"origin":30399,"position":2},"title":"Firmar\u00e1n un convenio para garantizar empleo en empresas audiovisuales","author":"AF","date":"03\/12\/2012","format":false,"excerpt":"El Instituto Nacional de Asociativismo y Econom\u00eda Social (Inaes), el Sindicato Argentino de Televisi\u00f3n (Satsaid) y la Confederaci\u00f3n Cooperativa de la Rep\u00fablica Argentina (Cooperar) rubricar\u00e1n un acuerdo que garantice fuentes de trabajo en empresas audiovisuales. Ser\u00e1 el pr\u00f3ximo lunes a las 19 en la sede del Sindicato Argentino de Docentes\u2026","rel":"","context":"En \u00abMedios\u00bb","block_context":{"text":"Medios","link":"https:\/\/www.24baires.com\/?cat=54"},"img":{"alt_text":"","src":"","width":0,"height":0},"classes":[]},{"id":90766,"url":"https:\/\/www.24baires.com\/?p=90766","url_meta":{"origin":30399,"position":3},"title":"Es ley la Emergencia Social","author":"GB","date":"14\/12\/2016","format":false,"excerpt":"La iniciativa incluye un acuerdo firmado entre el gobierno de Mauricio Macri y organizaciones sociales para apuntalar cooperativas de la econom\u00eda popular. La C\u00e1mara de Senadores aprob\u00f3 este mi\u00e9rcoles y convirti\u00f3 en ley el proyecto de emergencia social que contiene el acuerdo firmado entre el gobierno y las organizaciones sociales\u2026","rel":"","context":"En \u00abPol\u00edtica\u00bb","block_context":{"text":"Pol\u00edtica","link":"https:\/\/www.24baires.com\/?cat=51"},"img":{"alt_text":"","src":"https:\/\/i0.wp.com\/www.24baires.com\/wp-content\/uploads\/2016\/03\/senado.jpg?resize=350%2C200","width":350,"height":200,"srcset":"https:\/\/i0.wp.com\/www.24baires.com\/wp-content\/uploads\/2016\/03\/senado.jpg?resize=350%2C200 1x, https:\/\/i0.wp.com\/www.24baires.com\/wp-content\/uploads\/2016\/03\/senado.jpg?resize=525%2C300 1.5x"},"classes":[]},{"id":101061,"url":"https:\/\/www.24baires.com\/?p=101061","url_meta":{"origin":30399,"position":4},"title":"Masiva protesta contra el desmantelamiento de los programas sociales","author":"AF","date":"14\/03\/2018","format":false,"excerpt":"Hoy marcharon contra la eliminaci\u00f3n de planes de empleo los cooperativistas. Ma\u00f1ana se moviliza la izquierda, a la sede del Ministerio de Trabajo y a la de Desarrollo Social. La Confederaci\u00f3n Nacional de Cooperativas de Trabajo, el Frente por el Trabajo y la Dignidad Milagro Sala y el Frente Barrial\u2026","rel":"","context":"En \u00abSociedad\u00bb","block_context":{"text":"Sociedad","link":"https:\/\/www.24baires.com\/?cat=1"},"img":{"alt_text":"","src":"https:\/\/i0.wp.com\/www.24baires.com\/wp-content\/uploads\/2018\/03\/marcha.jpg?resize=350%2C200","width":350,"height":200,"srcset":"https:\/\/i0.wp.com\/www.24baires.com\/wp-content\/uploads\/2018\/03\/marcha.jpg?resize=350%2C200 1x, https:\/\/i0.wp.com\/www.24baires.com\/wp-content\/uploads\/2018\/03\/marcha.jpg?resize=525%2C300 1.5x"},"classes":[]},{"id":81148,"url":"https:\/\/www.24baires.com\/?p=81148","url_meta":{"origin":30399,"position":5},"title":"Siguen los despidos: el Gobierno le quita el trabajo a las cooperativas","author":"GB","date":"07\/04\/2016","format":false,"excerpt":"\u00a0 En distintos ministerios reemplazaron el trabajo de las textiles por bienes que provienen del exterior. \"De un d\u00eda para otro, nos dijeron que no nos van a comprar m\u00e1s nada\", denuncian los trabajadores. Desde el 2003, las cooperativas textiles y el Estado nacional mantuvieron una relaci\u00f3n estrecha: por una\u2026","rel":"","context":"En \u00abPol\u00edtica\u00bb","block_context":{"text":"Pol\u00edtica","link":"https:\/\/www.24baires.com\/?cat=51"},"img":{"alt_text":"macri cooperativas","src":"https:\/\/i0.wp.com\/www.24baires.com\/wp-content\/uploads\/2016\/04\/macri-cooperativas.jpg?resize=350%2C200","width":350,"height":200,"srcset":"https:\/\/i0.wp.com\/www.24baires.com\/wp-content\/uploads\/2016\/04\/macri-cooperativas.jpg?resize=350%2C200 1x, https:\/\/i0.wp.com\/www.24baires.com\/wp-content\/uploads\/2016\/04\/macri-cooperativas.jpg?resize=525%2C300 1.5x"},"classes":[]}],"jetpack_sharing_enabled":true,"jetpack_likes_enabled":true,"_links":{"self":[{"href":"https:\/\/www.24baires.com\/index.php?rest_route=\/wp\/v2\/posts\/30399","targetHints":{"allow":["GET"]}}],"collection":[{"href":"https:\/\/www.24baires.com\/index.php?rest_route=\/wp\/v2\/posts"}],"about":[{"href":"https:\/\/www.24baires.com\/index.php?rest_route=\/wp\/v2\/types\/post"}],"author":[{"embeddable":true,"href":"https:\/\/www.24baires.com\/index.php?rest_route=\/wp\/v2\/users\/11"}],"replies":[{"embeddable":true,"href":"https:\/\/www.24baires.com\/index.php?rest_route=%2Fwp%2Fv2%2Fcomments&post=30399"}],"version-history":[{"count":3,"href":"https:\/\/www.24baires.com\/index.php?rest_route=\/wp\/v2\/posts\/30399\/revisions"}],"predecessor-version":[{"id":30404,"href":"https:\/\/www.24baires.com\/index.php?rest_route=\/wp\/v2\/posts\/30399\/revisions\/30404"}],"wp:attachment":[{"href":"https:\/\/www.24baires.com\/index.php?rest_route=%2Fwp%2Fv2%2Fmedia&parent=30399"}],"wp:term":[{"taxonomy":"category","embeddable":true,"href":"https:\/\/www.24baires.com\/index.php?rest_route=%2Fwp%2Fv2%2Fcategories&post=30399"},{"taxonomy":"post_tag","embeddable":true,"href":"https:\/\/www.24baires.com\/index.php?rest_route=%2Fwp%2Fv2%2Ftags&post=30399"}],"curies":[{"name":"wp","href":"https:\/\/api.w.org\/{rel}","templated":true}]}}