{"id":30318,"date":"2013-08-17T14:00:06","date_gmt":"2013-08-17T17:00:06","guid":{"rendered":"http:\/\/www.24baires.com\/?p=30318"},"modified":"2013-08-18T12:23:28","modified_gmt":"2013-08-18T15:23:28","slug":"convocan-a-una-marcha-frente-a-tribunales-por-la-ley-de-medios","status":"publish","type":"post","link":"https:\/\/www.24baires.com\/?p=30318","title":{"rendered":"Convocan a una marcha frente a Tribunales por la Ley de Medios"},"content":{"rendered":"<p><img data-recalc-dims=\"1\" loading=\"lazy\" decoding=\"async\" class=\"alignleft size-medium wp-image-30319\" alt=\"marcha ley de medios\" src=\"https:\/\/i0.wp.com\/www.24baires.com\/wp-content\/uploads\/2013\/08\/marcha-ley-de-medios.jpg?resize=300%2C204\" width=\"300\" height=\"204\" srcset=\"https:\/\/i0.wp.com\/www.24baires.com\/wp-content\/uploads\/2013\/08\/marcha-ley-de-medios.jpg?resize=300%2C204&amp;ssl=1 300w, https:\/\/i0.wp.com\/www.24baires.com\/wp-content\/uploads\/2013\/08\/marcha-ley-de-medios.jpg?w=438&amp;ssl=1 438w\" sizes=\"auto, (max-width: 300px) 100vw, 300px\" \/>La Coalici\u00f3n por una Comunicaci\u00f3n Democr\u00e1tica pidi\u00f3 defender la normativa atacada por Clar\u00edn el 28 de agosto a partir de las 10, el d\u00eda de la audiencia p\u00fablica convocada por la Corte.<!--more--><br \/>\nLa Coalici\u00f3n por Una Comunicaci\u00f3n Democr\u00e1tica anunci\u00f3 oficialmente una convocatoria abierta al Palacio de Tribunales para el 28 de agosto pr\u00f3ximo a las 10, d\u00eda en que se concretar\u00e1 el llamado a audiencia p\u00fablica de la Corte Suprema de Justicia para profundizar el an\u00e1lisis de la Ley 26.522, paso previo al fallo de fondo que determinar\u00e1 o no la constitucionalidad de los art\u00edculos de la norma suspendidos a ra\u00edz de la Causa Clar\u00edn.<br \/>\n\u00abEn defensa de la ley que el pueblo escribi\u00f3\u00bb es el lema de esta convocatoria, que volver\u00e1 a unir a organizaciones sociales, sindicales, de Derechos Humanos, de pueblos originarios, entre muchas otras, que desde 2004 conformaron la coalici\u00f3n y alcanzaron uno de sus puntos m\u00e1s altos con una multitudinaria marcha en abril de 2010, ocasi\u00f3n en que solicitaron a la Corte Suprema que se expida en la Causa Clar\u00edn \u00abdevolviendo al pueblo argentino, el derecho humano de la comunicaci\u00f3n\u00bb.<br \/>\n\u00abLa Corte Suprema de Justicia debe estar a la altura que la democracia exige, y declarar la constitucionalidad de la Ley (\u2026) en su totalidad, incluyendo por supuesto el &#8216;fondo de la cuesti\u00f3n&#8217; que se tramita en Tribunales, que no es otra cosa que la desmonopolizaci\u00f3n medi\u00e1tica\u00bb, remarc\u00f3 la CCD en un comunicado.<br \/>\nEn di\u00e1logo con Tiempo Argentino, N\u00e9stor Piccone integrante de la Mesa de Coordinaci\u00f3n de la CCD enfatiz\u00f3: \u00abPara nosotros, esta convocatoria es la continuidad de una pelea que, como Coalici\u00f3n, iniciamos en el a\u00f1o 2004, cuando en agosto lanzamos los 21 Puntos B\u00e1sicos por Una Nueva Ley de Radiodifusi\u00f3n. Igual, la historia ya hab\u00eda empezado cuando se privatizaron los canales (de televisi\u00f3n abierta) en los &#8217;90&#8242;\u00bb, record\u00f3. En ese marco naci\u00f3 la COSIMETCOS, organizaci\u00f3n multigremial que dar\u00eda origen, a\u00f1os despu\u00e9s, a la Coalici\u00f3n. \u00abLos ejes de los 21 Puntos B\u00e1sicos fueron dos: uno, la multiplicidad de voces, y el otro, desmonopolizar\u00bb, subray\u00f3.<br \/>\nDespu\u00e9s de nueve a\u00f1os de lucha, Piccone analiz\u00f3 crudamente las etapas judiciales por venir, el rol de la Corte y el costo pol\u00edtico de una eventual inconstitucionalidad. \u00abObviamente, ahora las condiciones las pone (el presidente de la Corte Suprema Ricardo) Lorenzetti. Nosotros hicimos movilizaciones a Plaza de Mayo, al Congreso, en 2010 una marcha a Tribunales para que nos devolvieran la Ley (\u2026) Ahora la Corte define la constitucionalidad de cuatro art\u00edculos, que son los que hablan de la desmonopolizaci\u00f3n. Pero esto tampoco nos tiene que llevar a sentir una derrota, as\u00ed la Corte Suprema falle en contra. Porque tenemos 162 art\u00edculos que hablan de multiplicidad de voces, que aplic\u00e1ndolos tambi\u00e9n avanzaremos. Obviamente, tambi\u00e9n vamos por la desmonopolizaci\u00f3n, por eso convocamos a la marcha\u00bb, explic\u00f3 Piccone.<br \/>\nPara el dirigente de la Coalici\u00f3n, \u00abno era necesario que la Corte convocara a una audiencia p\u00fablica\u00bb. Pero sobre los hechos consumados, diferenci\u00f3: \u00abSi hab\u00eda alguna duda, deber\u00eda ser una audiencia p\u00fablica en serio como las que nosotros logramos en las c\u00e1maras de senadores y diputados, donde todo el mundo se pod\u00eda presentar\u00bb.<br \/>\nPiccone advirti\u00f3 cu\u00e1l es el desaf\u00edo que asume el m\u00e1ximo tribunal. \u00abAc\u00e1 hay que tomar una decisi\u00f3n, y Lorenzetti va a tener que pagar el costo pol\u00edtico de decir &#8216;se puede desmonopolizar en la Argentina, o no se puede desmonopolizar&#8217;. Si no permite desmonopolizar, se va a quedar para toda la vida con un atraso a nivel mundial tan grande, como si no se hubiera aprobado el matrimonio igualitario. No desmonopolizar es volver atr\u00e1s\u00bb, concluy\u00f3. \u00ab<\/p>\n<p>fijan requisitos para la audiencia p\u00fablica ante la corte<br \/>\nAl menos medio centenar de personas protagonizar\u00e1 el pr\u00f3ximo 28 de agosto la audiencia p\u00fablica convocada por la Corte Suprema para comenzar a decidir sobre la validez constitucional completa de la Ley de Medios Audiovisuales. As\u00ed se desprende de la disposici\u00f3n firmada ayer por el secretario de la Corte Suprema Cristian Abritta, especificando las condiciones en que se desarrollar\u00e1 el encuentro, en la Sala de Audiencias del m\u00e1ximo tribunal, en el cuarto piso del Palacio de Tribunales.<br \/>\nLa Corte autoriz\u00f3 la presencia de un m\u00e1ximo de diez asistentes por cada una de las partes (el Estado nacional y el Grupo Clar\u00edn), de los cuales habr\u00e1 s\u00f3lo un orador por cada uno. La identidad de cada concurrente deber\u00e1 ser informada al tribunal hasta el 27 de agosto, y adem\u00e1s deber\u00e1n acompa\u00f1ar un \u00abresumen escrito\u00bb en \u00absoporte magn\u00e9tico\u00bb.<br \/>\nEn cuanto a los \u00abamicus curiae\u00bb, los terceros convocados para aportar puntos de vista que \u00abcoadyuven en la defensa de sus derechos\u00bb, cada uno podr\u00e1 presentar \u00abhasta un m\u00e1ximo de tres asistentes por cada presentaci\u00f3n\u00bb. En todos los casos, el n\u00famero m\u00e1ximo de personas incluye a los abogados y al expositor de la postura de cada uno.<br \/>\nLa Corte celebrar\u00e1 dos reuniones preparatorias, ambas el 23 de agosto. A las 10, \u00abcon quienes alegar\u00e1n ante el tribunal, o sus letrados respectivos, a fin de evacuar todas las consultas que se formulen con respecto a la audiencia\u00bb. Una hora m\u00e1s tarde, har\u00e1 lo propio con los \u00abamicus\u00bb.<br \/>\nEl tribunal tambi\u00e9n estableci\u00f3 qui\u00e9nes ser\u00e1n los peritos que deber\u00e1n estar presentes en la audiencia \u00abprovistos de todos los elementos necesarios que les permitan responder fundadamente a las aclaraciones que, de considerarlo, les requieran\u00bb los jueces que estar\u00e1n presentes. Los peritos ser\u00e1n D\u00e9bora Liliana Romero, N\u00e9stor Rub\u00e9n Alessandr\u00eda y Rodolfo Pedro Giunta, quienes ya intervinieron en distintas etapas del largo tr\u00e1mite judicial por la Ley de Medios.<br \/>\nS\u00f3lo con esos participantes, m\u00e1s los jueces, la cuenta supera el n\u00famero de 60 asistentes. Diez por cada parte, m\u00e1s 15 por cada grupo de cinco amicus, m\u00e1s los tres peritos, m\u00e1s los siete jueces de la Corte y los secretarios del tribunal. Con todo, no ser\u00e1n ellos los principales destinatarios de la audiencia. El car\u00e1cter de \u00abp\u00fablico\u00bb de la audiencia fue decidido \u00abante la trascendencia de las cuestiones planteadas en estas actuaciones para ser decididas por esta Corte\u00bb. Los jueces consideraron \u00abapropiado habilitar los instrumentos especialmente previstos para permitir la participaci\u00f3n ciudadana en el debate constitucional y, a la par, favorecer &#8216;la difusi\u00f3n p\u00fablica del modo en que el Tribunal conoce en los asuntos de esta relevancia\u00bb.<br \/>\nA\u00fan no est\u00e1 claro de qu\u00e9 manera ser\u00e1 habilitada la presencia del p\u00fablico en esa instancia decisiva para el futuro de la ley.<\/p>\n<p>&nbsp;<\/p>\n<p>&nbsp;<\/p>\n<p>&nbsp;<\/p>\n<p>&nbsp;<\/p>\n<p>&nbsp;<\/p>\n<p>&nbsp;<\/p>\n<p>&nbsp;<\/p>\n<p>&nbsp;<\/p>\n<p>&nbsp;<\/p>\n<p>&nbsp;<\/p>\n<p>&nbsp;<\/p>\n<p>&nbsp;<\/p>\n<p>&nbsp;<\/p>\n<p>&nbsp;<\/p>\n<p>&nbsp;<\/p>\n<p>&nbsp;<\/p>\n","protected":false},"excerpt":{"rendered":"<p>La Coalici\u00f3n por una Comunicaci\u00f3n Democr\u00e1tica pidi\u00f3 defender la normativa atacada por Clar\u00edn el 28 de agosto a partir de las 10, el d\u00eda de la audiencia p\u00fablica convocada por la Corte.<\/p>\n","protected":false},"author":4,"featured_media":0,"comment_status":"open","ping_status":"open","sticky":false,"template":"","format":"standard","meta":{"_jetpack_newsletter_access":"","_jetpack_dont_email_post_to_subs":false,"_jetpack_newsletter_tier_id":0,"_jetpack_memberships_contains_paywalled_content":false,"_jetpack_memberships_contains_paid_content":false,"footnotes":""},"categories":[54],"tags":[],"class_list":["post-30318","post","type-post","status-publish","format-standard","hentry","category-medios"],"jetpack_featured_media_url":"","jetpack_shortlink":"https:\/\/wp.me\/p2JWE0-7T0","jetpack-related-posts":[{"id":30492,"url":"https:\/\/www.24baires.com\/?p=30492","url_meta":{"origin":30318,"position":0},"title":"La audiencia p\u00fablica por la ley de medios ser\u00e1 televisada en directo","author":"GB","date":"20\/08\/2013","format":false,"excerpt":"La audiencia p\u00fablica convocada para el pr\u00f3ximo 28 de agosto por la Corte Suprema de Justicia, en torno a la Ley de Servicios de Comunicaci\u00f3n Audiovisual, ser\u00e1 televisada en vivo por los canales interesados. A trav\u00e9s de una comunicaci\u00f3n a la prensa sobre las pautas de la cobertura period\u00edstica, el\u2026","rel":"","context":"En \u00abMemoria\u00bb","block_context":{"text":"Memoria","link":"https:\/\/www.24baires.com\/?cat=50"},"img":{"alt_text":"","src":"","width":0,"height":0},"classes":[]},{"id":30886,"url":"https:\/\/www.24baires.com\/?p=30886","url_meta":{"origin":30318,"position":1},"title":"La Facultad de Periodismo de La Plata llama a una movilizaci\u00f3n en pos de defender la Ley de Medios","author":"GB","date":"27\/08\/2013","format":false,"excerpt":"La casa de altos convoc\u00f3 a sus alumnos a participar de la movilizaci\u00f3n a la Corte Suprema de Justicia para \"defender\" la Ley de Servicios de Comunicaci\u00f3n Audiovisual, en el marco de la audiencia p\u00fablica que se realizar\u00e1 ma\u00f1ana. La convocatoria la formaliz\u00f3 la decana Florencia Saintout a trav\u00e9s de\u2026","rel":"","context":"En \u00abMedios\u00bb","block_context":{"text":"Medios","link":"https:\/\/www.24baires.com\/?cat=54"},"img":{"alt_text":"","src":"","width":0,"height":0},"classes":[]},{"id":30754,"url":"https:\/\/www.24baires.com\/?p=30754","url_meta":{"origin":30318,"position":2},"title":"Sabbatella apunta a que la audiencia p\u00fablica sea \u00abel paso previo a la resoluci\u00f3n definitiva\u00bb","author":"GB","date":"25\/08\/2013","format":false,"excerpt":"El presidente de la Autoridad Federal de Servicios de Comunicaci\u00f3n Audiovisual (AFSCA), Mart\u00edn Sabbatella, conf\u00eda en que la audiencia p\u00fablica que convoc\u00f3 la Corte Suprema de Justicia para el mi\u00e9rcoles \"sea el paso previo a la resoluci\u00f3n definitiva\" del conflicto judicial que impide la aplicaci\u00f3n plena de la Ley de\u2026","rel":"","context":"En \u00abMedios\u00bb","block_context":{"text":"Medios","link":"https:\/\/www.24baires.com\/?cat=54"},"img":{"alt_text":"","src":"","width":0,"height":0},"classes":[]},{"id":102837,"url":"https:\/\/www.24baires.com\/?p=102837","url_meta":{"origin":30318,"position":3},"title":"La Corte convoc\u00f3 a una audiencia p\u00fablica por el desembarco de Farmacity en provincia","author":"Grupo Sierra","date":"19\/06\/2018","format":false,"excerpt":"La Corte Suprema de Justicia convoc\u00f3 a una audiencia p\u00fablica informativa en la causa en la que debe determinar si corresponde a la provincia de Buenos Aires o a la Naci\u00f3n regular ciertos aspectos de la actividad farmac\u00e9utica, tras una presentaci\u00f3n judicial de la empresa Farmacity. La convocatoria, resuelta hoy\u2026","rel":"","context":"En \u00abProvincia\u00bb","block_context":{"text":"Provincia","link":"https:\/\/www.24baires.com\/?cat=40"},"img":{"alt_text":"","src":"https:\/\/i0.wp.com\/www.24baires.com\/wp-content\/uploads\/2017\/10\/farmacity.jpg?resize=350%2C200","width":350,"height":200,"srcset":"https:\/\/i0.wp.com\/www.24baires.com\/wp-content\/uploads\/2017\/10\/farmacity.jpg?resize=350%2C200 1x, https:\/\/i0.wp.com\/www.24baires.com\/wp-content\/uploads\/2017\/10\/farmacity.jpg?resize=525%2C300 1.5x"},"classes":[]},{"id":30927,"url":"https:\/\/www.24baires.com\/?p=30927","url_meta":{"origin":30318,"position":4},"title":"Culmin\u00f3 el primer d\u00eda de la audiencia p\u00fablica por la Ley de Medios","author":"AF","date":"28\/08\/2013","format":false,"excerpt":"La Corte Suprema de Justicia recibi\u00f3 hoy a diez ONG, cinco por el Estado y cinco por el Grupo Clar\u00edn, en la audiencia informativa que busca ser el paso previo a la resoluci\u00f3n definitiva del conflicto generado a partir del planteo de inconstitucionalidad del holding de medios sobre dos art\u00edculos\u2026","rel":"","context":"En \u00abMedios\u00bb","block_context":{"text":"Medios","link":"https:\/\/www.24baires.com\/?cat=54"},"img":{"alt_text":"audiencia p\u00fablica ley medios","src":"https:\/\/i0.wp.com\/www.24baires.com\/wp-content\/uploads\/2013\/08\/audiencia-p%C3%BAblica-ley-medios-300x200.jpg?resize=350%2C200","width":350,"height":200},"classes":[]},{"id":30950,"url":"https:\/\/www.24baires.com\/?p=30950","url_meta":{"origin":30318,"position":5},"title":"Sabbatella: \u00abClar\u00edn quiere condicionar a los poderes p\u00fablicos y definir el rumbo del pa\u00eds\u00bb","author":"GB","date":"28\/08\/2013","format":false,"excerpt":"El titular de la Autoridad Federal de Servicios de Comunicaci\u00f3n Audiovisual (Afsca), Mart\u00edn Sabbatella, afirm\u00f3 que \"la democracia necesita que la ley de medios se aplique integralmente\", y expres\u00f3 que \"espero que este sea el paso previo para que la Corte (Suprema de Justicia) se pronuncie\", con respecto a la\u2026","rel":"","context":"En \u00abMedios\u00bb","block_context":{"text":"Medios","link":"https:\/\/www.24baires.com\/?cat=54"},"img":{"alt_text":"Sabbatella","src":"https:\/\/i0.wp.com\/www.24baires.com\/wp-content\/uploads\/2013\/08\/Sabbatella.jpg?resize=350%2C200","width":350,"height":200},"classes":[]}],"jetpack_sharing_enabled":true,"jetpack_likes_enabled":true,"_links":{"self":[{"href":"https:\/\/www.24baires.com\/index.php?rest_route=\/wp\/v2\/posts\/30318","targetHints":{"allow":["GET"]}}],"collection":[{"href":"https:\/\/www.24baires.com\/index.php?rest_route=\/wp\/v2\/posts"}],"about":[{"href":"https:\/\/www.24baires.com\/index.php?rest_route=\/wp\/v2\/types\/post"}],"author":[{"embeddable":true,"href":"https:\/\/www.24baires.com\/index.php?rest_route=\/wp\/v2\/users\/4"}],"replies":[{"embeddable":true,"href":"https:\/\/www.24baires.com\/index.php?rest_route=%2Fwp%2Fv2%2Fcomments&post=30318"}],"version-history":[{"count":1,"href":"https:\/\/www.24baires.com\/index.php?rest_route=\/wp\/v2\/posts\/30318\/revisions"}],"predecessor-version":[{"id":30320,"href":"https:\/\/www.24baires.com\/index.php?rest_route=\/wp\/v2\/posts\/30318\/revisions\/30320"}],"wp:attachment":[{"href":"https:\/\/www.24baires.com\/index.php?rest_route=%2Fwp%2Fv2%2Fmedia&parent=30318"}],"wp:term":[{"taxonomy":"category","embeddable":true,"href":"https:\/\/www.24baires.com\/index.php?rest_route=%2Fwp%2Fv2%2Fcategories&post=30318"},{"taxonomy":"post_tag","embeddable":true,"href":"https:\/\/www.24baires.com\/index.php?rest_route=%2Fwp%2Fv2%2Ftags&post=30318"}],"curies":[{"name":"wp","href":"https:\/\/api.w.org\/{rel}","templated":true}]}}