{"id":30293,"date":"2013-08-16T21:30:12","date_gmt":"2013-08-17T00:30:12","guid":{"rendered":"http:\/\/www.24baires.com\/?p=30293"},"modified":"2013-08-16T21:00:07","modified_gmt":"2013-08-17T00:00:07","slug":"la-regularizacion-de-la-cuota-de-pantalla-y-la-creacion-del-registro-de-publicidades-quedo-aprobada","status":"publish","type":"post","link":"https:\/\/www.24baires.com\/?p=30293","title":{"rendered":"La regularizaci\u00f3n de la cuota de pantalla y la creaci\u00f3n del Registro de Publicidades fue aprobada"},"content":{"rendered":"<p>El directorio de la Autoridad Federal de Servicios de Comunicaci\u00f3n Audiovisual aprob\u00f3 un nuevo sistema para el cumplimiento de la cuota de pantalla de producci\u00f3n nacional y la creaci\u00f3n del registro de publicidades, adem\u00e1s de adjudicar licencias y autorizar radios.<!--more--><\/p>\n<p>En la reuni\u00f3n, encabezada por el presidente del directorio, Mart\u00edn Sabbatella, y con la presencia de los directores Jorge Capitanich, Ignacio Saavedra, Marcelo Stubrin, Eduardo Seminara y Claudio Schifer, se trat\u00f3 la instrumentaci\u00f3n de los art\u00edculos 67 y 81 de la ley 26.522, correspondientes al porcentaje de producciones nacionales cinematogr\u00e1ficas y publicitarias incluidas en los medios televisivos.<\/p>\n<p>Al respecto, las autoridades de la Afsca aprobaron la creaci\u00f3n de un registro de publicidades audiovisuales para televisi\u00f3n, y la metodolog\u00eda para fiscalizar el cumplimiento de la cuota de pantalla, mediante la presentaci\u00f3n de las Declaraciones Juradas de adquisici\u00f3n de derechos de antena y exhibici\u00f3n de pel\u00edculas de largometraje y telefilmes nacionales.<\/p>\n<p>Las iniciativas se instrumentar\u00e1n mediante el uso de un nuevo aplicativo web, desarrollado en el marco del convenio recientemente firmado con la AFIP, que el Afsca pondr\u00e1 a disposici\u00f3n de los licenciatarios de medios.<\/p>\n<p>El art\u00edculo 67 de la Ley de Servicios de Comunicaci\u00f3n Audiovisual determina la cuota de pantalla de cine y artes audiovisuales nacionales que deben cumplir los canales de televisi\u00f3n abierta, los cableoperadores y las se\u00f1ales extranjeras del g\u00e9nero ficci\u00f3n. Mientras que el art\u00edculo 81 establece que los avisos publicitarios transmitidos en radio, televisi\u00f3n y se\u00f1ales nacionales, deber\u00e1n ser de producci\u00f3n nacional.<\/p>\n<p>En ese marco, las disposiciones aprobadas esta tarde tienen como principal objetivo la protecci\u00f3n y el fomento de la industria cinematogr\u00e1fica y de producci\u00f3n publicitaria nacional, promoviendo las sinergias con el resto de los actores de la industria audiovisual.<\/p>\n<p>Por otra parte, el directorio del Afsca aprob\u00f3 las autorizaciones de otras 20 nuevas radios de frecuencia modulada: 15 de institutos educativos de las provincias de C\u00f3rdoba, Chaco, Formosa, R\u00edo Negro y Chubut, cuatro de pueblos originarios en Santa Fe, R\u00edo Negro y Santiago del Estero, y la FM del Mercado Central.<\/p>\n<p>&nbsp;<\/p>\n<p>&nbsp;<\/p>\n<p>&nbsp;<\/p>\n<p>&nbsp;<\/p>\n<p>&nbsp;<\/p>\n<p>&nbsp;<\/p>\n<p>&nbsp;<\/p>\n<p>&nbsp;<\/p>\n<p>&nbsp;<\/p>\n<p>&nbsp;<\/p>\n<p>&nbsp;<\/p>\n<p>&nbsp;<\/p>\n<p>&nbsp;<\/p>\n","protected":false},"excerpt":{"rendered":"<p>El directorio de la Autoridad Federal de Servicios de Comunicaci\u00f3n Audiovisual aprob\u00f3 un nuevo sistema para el cumplimiento de la cuota de pantalla de producci\u00f3n nacional y la creaci\u00f3n del registro de publicidades, adem\u00e1s de adjudicar licencias y autorizar radios.<\/p>\n","protected":false},"author":8,"featured_media":0,"comment_status":"open","ping_status":"open","sticky":false,"template":"","format":"standard","meta":{"_jetpack_newsletter_access":"","_jetpack_dont_email_post_to_subs":false,"_jetpack_newsletter_tier_id":0,"_jetpack_memberships_contains_paywalled_content":false,"_jetpack_memberships_contains_paid_content":false,"footnotes":""},"categories":[54],"tags":[],"class_list":["post-30293","post","type-post","status-publish","format-standard","hentry","category-medios"],"jetpack_featured_media_url":"","jetpack_shortlink":"https:\/\/wp.me\/p2JWE0-7SB","jetpack-related-posts":[{"id":13471,"url":"https:\/\/www.24baires.com\/?p=13471","url_meta":{"origin":30293,"position":0},"title":"La AFSCA aprob\u00f3 ya tres de los veinte planes de adecuaci\u00f3n a la Ley de Medios presentados","author":"Grupo Sierra","date":"24\/01\/2013","format":false,"excerpt":"El directorio de la Autoridad Federal de Servicios de Comunicaci\u00f3n Audiovisual aprob\u00f3 hoy tres de los casi 20 planes de adecuaci\u00f3n a la ley 26.522 presentados a principios de diciembre por grupos empresarios medi\u00e1ticos, seg\u00fan inform\u00f3 a trav\u00e9s de un comunicado. \u201cTodos los grupos menos Clar\u00edn presentaron sus planes de\u2026","rel":"","context":"En \u00abMedios\u00bb","block_context":{"text":"Medios","link":"https:\/\/www.24baires.com\/?cat=54"},"img":{"alt_text":"sabbatella desafio","src":"https:\/\/i0.wp.com\/www.24baires.com\/wp-content\/uploads\/2012\/10\/sabbatella-desafio.jpg?resize=350%2C200","width":350,"height":200,"srcset":"https:\/\/i0.wp.com\/www.24baires.com\/wp-content\/uploads\/2012\/10\/sabbatella-desafio.jpg?resize=350%2C200 1x, https:\/\/i0.wp.com\/www.24baires.com\/wp-content\/uploads\/2012\/10\/sabbatella-desafio.jpg?resize=525%2C300 1.5x"},"classes":[]},{"id":34986,"url":"https:\/\/www.24baires.com\/?p=34986","url_meta":{"origin":30293,"position":1},"title":"Proponen que Sabbatella siga al frente de la Afsca","author":"AF","date":"11\/11\/2013","format":false,"excerpt":"El Gobierno volvi\u00f3 a proponer al titular de la Autoridad Federal de Servicios de Comunicaci\u00f3n Audiovisual, Mart\u00edn Sabbatella, para que encabece por un nuevo per\u00edodo el directorio de este organismo. En tanto, tambi\u00e9n volvi\u00f3 a proponer a Ignacio Saavedra como miembro del directorio de la AFSCA. Las propuestas comenzaron a\u2026","rel":"","context":"En \u00abMedios\u00bb","block_context":{"text":"Medios","link":"https:\/\/www.24baires.com\/?cat=54"},"img":{"alt_text":"","src":"","width":0,"height":0},"classes":[]},{"id":35504,"url":"https:\/\/www.24baires.com\/?p=35504","url_meta":{"origin":30293,"position":2},"title":"Comienza en Mar del Plata el 3\u00ba Encuentro de Comunicaci\u00f3n Audiovisual","author":"AF","date":"21\/11\/2013","format":false,"excerpt":"El ministro de Planificaci\u00f3n Federal, Julio de Vido, encabezar\u00e1 en el Teatro del Hotel Provincial, la apertura del 3\u00ba Encuentro de Comunicaci\u00f3n Audiovisual, que se extender\u00e1 hasta el s\u00e1bado con la participaci\u00f3n de representantes del Estado y de la industria para debatir la circulaci\u00f3n de contenidos. La mesa de apertura\u2026","rel":"","context":"En \u00abMedios\u00bb","block_context":{"text":"Medios","link":"https:\/\/www.24baires.com\/?cat=54"},"img":{"alt_text":"eca","src":"https:\/\/i0.wp.com\/www.24baires.com\/wp-content\/uploads\/2013\/11\/eca.jpg?resize=350%2C200","width":350,"height":200},"classes":[]},{"id":21072,"url":"https:\/\/www.24baires.com\/?p=21072","url_meta":{"origin":30293,"position":3},"title":"El Directorio de la AFSCA pospuso propuestas de adecuaci\u00f3n a pedido de Marcelo Stubrin","author":"Grupo Sierra","date":"15\/04\/2013","format":false,"excerpt":"El directorio de la Autoridad Federal de Servicios de Comunicaci\u00f3n Audiovisual (AFSCA) se reuni\u00f3 esta ma\u00f1ana para dar tratamiento a 134 expedientes entre los que se destacaban adjudicaciones de licencias y autorizaciones, planes de adecuaci\u00f3n y la aplicaci\u00f3n de multas e inhabilitaciones. El presidente del organismo Mart\u00edn Sabbatella propuso pasar\u2026","rel":"","context":"En \u00abMedios\u00bb","block_context":{"text":"Medios","link":"https:\/\/www.24baires.com\/?cat=54"},"img":{"alt_text":"AFSCA REUNION DIRECTORIO","src":"https:\/\/i0.wp.com\/www.24baires.com\/wp-content\/uploads\/2013\/04\/AFSCA-REUNION-DIRECTORIO.jpg?resize=350%2C200","width":350,"height":200,"srcset":"https:\/\/i0.wp.com\/www.24baires.com\/wp-content\/uploads\/2013\/04\/AFSCA-REUNION-DIRECTORIO.jpg?resize=350%2C200 1x, https:\/\/i0.wp.com\/www.24baires.com\/wp-content\/uploads\/2013\/04\/AFSCA-REUNION-DIRECTORIO.jpg?resize=525%2C300 1.5x"},"classes":[]},{"id":55051,"url":"https:\/\/www.24baires.com\/?p=55051","url_meta":{"origin":30293,"position":4},"title":"El Directorio de AFSCA aprob\u00f3 la adecuaci\u00f3n del Grupo Clar\u00edn","author":"Grupo Sierra","date":"08\/10\/2014","format":false,"excerpt":"La Autoridad Federal de Servicios de Comunicaci\u00f3n Audiovisual aprob\u00f3 dar inicio a la adecuaci\u00f3n de oficio del Grupo Clar\u00edn a la Ley de Medios, luego de que el titular del organismo, Mart\u00edn Sabbatella, anunciara que se hab\u00edan detectado \u201cirregularidades\u201d en el plan de adecuaci\u00f3n voluntaria presentado por el multimedios. La\u2026","rel":"","context":"En \u00abMedios\u00bb","block_context":{"text":"Medios","link":"https:\/\/www.24baires.com\/?cat=54"},"img":{"alt_text":"clar\u00edn","src":"https:\/\/i0.wp.com\/www.24baires.com\/wp-content\/uploads\/2014\/10\/clar%C3%ADn.jpg?resize=350%2C200","width":350,"height":200,"srcset":"https:\/\/i0.wp.com\/www.24baires.com\/wp-content\/uploads\/2014\/10\/clar%C3%ADn.jpg?resize=350%2C200 1x, https:\/\/i0.wp.com\/www.24baires.com\/wp-content\/uploads\/2014\/10\/clar%C3%ADn.jpg?resize=525%2C300 1.5x"},"classes":[]},{"id":105128,"url":"https:\/\/www.24baires.com\/?p=105128","url_meta":{"origin":30293,"position":5},"title":"El FMI aprob\u00f3 el acuerdo con Argentina por 57 mil millones de d\u00f3lares","author":"AF","date":"26\/10\/2018","format":false,"excerpt":"En el transcurso de la tarde se conocer\u00e1n datos de lo ocurrido durante la reuni\u00f3n y los cambios introducidos en el acuerdo celebrado a principios de a\u00f1o. El Directorio Ejecutivo del Fondo Monetario Internacional (FMI) concluy\u00f3 el viernes la primera revisi\u00f3n del desempe\u00f1o econ\u00f3mico de la Argentina en virtud del\u2026","rel":"","context":"En \u00abEconom\u00eda\u00bb","block_context":{"text":"Econom\u00eda","link":"https:\/\/www.24baires.com\/?cat=45"},"img":{"alt_text":"","src":"https:\/\/i0.wp.com\/www.24baires.com\/wp-content\/uploads\/2016\/04\/fmi.jpg?resize=350%2C200","width":350,"height":200,"srcset":"https:\/\/i0.wp.com\/www.24baires.com\/wp-content\/uploads\/2016\/04\/fmi.jpg?resize=350%2C200 1x, https:\/\/i0.wp.com\/www.24baires.com\/wp-content\/uploads\/2016\/04\/fmi.jpg?resize=525%2C300 1.5x"},"classes":[]}],"jetpack_sharing_enabled":true,"jetpack_likes_enabled":true,"_links":{"self":[{"href":"https:\/\/www.24baires.com\/index.php?rest_route=\/wp\/v2\/posts\/30293","targetHints":{"allow":["GET"]}}],"collection":[{"href":"https:\/\/www.24baires.com\/index.php?rest_route=\/wp\/v2\/posts"}],"about":[{"href":"https:\/\/www.24baires.com\/index.php?rest_route=\/wp\/v2\/types\/post"}],"author":[{"embeddable":true,"href":"https:\/\/www.24baires.com\/index.php?rest_route=\/wp\/v2\/users\/8"}],"replies":[{"embeddable":true,"href":"https:\/\/www.24baires.com\/index.php?rest_route=%2Fwp%2Fv2%2Fcomments&post=30293"}],"version-history":[{"count":2,"href":"https:\/\/www.24baires.com\/index.php?rest_route=\/wp\/v2\/posts\/30293\/revisions"}],"predecessor-version":[{"id":30295,"href":"https:\/\/www.24baires.com\/index.php?rest_route=\/wp\/v2\/posts\/30293\/revisions\/30295"}],"wp:attachment":[{"href":"https:\/\/www.24baires.com\/index.php?rest_route=%2Fwp%2Fv2%2Fmedia&parent=30293"}],"wp:term":[{"taxonomy":"category","embeddable":true,"href":"https:\/\/www.24baires.com\/index.php?rest_route=%2Fwp%2Fv2%2Fcategories&post=30293"},{"taxonomy":"post_tag","embeddable":true,"href":"https:\/\/www.24baires.com\/index.php?rest_route=%2Fwp%2Fv2%2Ftags&post=30293"}],"curies":[{"name":"wp","href":"https:\/\/api.w.org\/{rel}","templated":true}]}}