{"id":30263,"date":"2013-08-16T15:00:29","date_gmt":"2013-08-16T18:00:29","guid":{"rendered":"http:\/\/www.24baires.com\/?p=30263"},"modified":"2013-08-16T12:13:07","modified_gmt":"2013-08-16T15:13:07","slug":"scioli-propone-internas-porque-quiere-ser-presidente","status":"publish","type":"post","link":"https:\/\/www.24baires.com\/?p=30263","title":{"rendered":"Scioli propone internas porque quiere ser Presidente"},"content":{"rendered":"<p><img data-recalc-dims=\"1\" loading=\"lazy\" decoding=\"async\" class=\"aligncenter size-full wp-image-759\" alt=\"Scioli clima politico\" src=\"https:\/\/i0.wp.com\/www.24baires.com\/wp-content\/uploads\/2012\/10\/Scioli-clima-politico.jpg?resize=560%2C401\" width=\"560\" height=\"401\" srcset=\"https:\/\/i0.wp.com\/www.24baires.com\/wp-content\/uploads\/2012\/10\/Scioli-clima-politico.jpg?w=560&amp;ssl=1 560w, https:\/\/i0.wp.com\/www.24baires.com\/wp-content\/uploads\/2012\/10\/Scioli-clima-politico.jpg?resize=300%2C214&amp;ssl=1 300w\" sizes=\"auto, (max-width: 560px) 100vw, 560px\" \/>Mientras la nostalgia a los a\u00f1os noventas se hace casi plausible en la vuelta al ruedo de ciertos actores principales de esas \u00e9pocas, que, aunque ocultos y tras bambalinas, apoyan a Sergio Massa en estas elecciones legislativas, aspirando a un futuro de retorno a la Casa Rosada de su mano, el Gobernador de la Provincia de Buenos Aires, Daniel Scioli, mantiene en el norte de su accionar sus intenciones presidenciales mientras apoya y hace campa\u00f1a con el candidato oficialista.<!--more--><\/p>\n<p>No da puntada sin hilo. Lo han subestimado propios y ajenos, lo han se\u00f1alado como posible desertor los mismos que ahora palmean su hombro por quedarse siempre en el espacio. Es que Scioli es uno de los que ha estado siempre en la primera l\u00ednea del frente en la d\u00e9cada kirchnerista, ocupando algunos de los lugares de poder principales, primero como vice de N\u00e9stor y luego como gobernador, cargo que ostenta en la actualidad y del cual quiere fugar hacia arriba.<br \/>\nLo dijo y lo sostiene, en 2015 quiere ser candidato a Presidente de la Naci\u00f3n y, \u00bfpor qu\u00e9 no? Luego de la partida de Sergio Massa y su configuraci\u00f3n opositora apuntalada por lo m\u00e1s rancio del peronismo, Scioli ve el camino de la sucesi\u00f3n kirchnerista bastante despejado, y es una de las principales figuras que se ha mantenido vigente y que, aunque hizo alg\u00fan que otro amague, nunca sac\u00f3 los pies del plato. En definitiva, con una mirada bastante pragm\u00e1tica, siempre ha sido fiel al sector pol\u00edtico que lo coloc\u00f3 en la vicepresidencia de la Rep\u00fablica en el a\u00f1o 2003.<br \/>\nEste viernes en el diario La Naci\u00f3n se puede leer una entrevista hecha al gobernador, donde el punto m\u00e1s significativo no es ya lo que todos sabemos y tenemos claro: que quiere ser candidato a presidente, sino que propone elecciones internas dentro del peronismo \u2013partido que \u00e9l lidera- para dirimir las candidaturas principales de cara al 2015.<br \/>\nEsta propuesta, de seguro, traer\u00e1 debates, adhesiones y rechazos por parte del espectro pol\u00edtico pejotista. Pero para Scioli ha de ser una buena herramienta para seguir teniendo la sart\u00e9n por el mango, tengan lugar o no esas elecciones internas al final.<br \/>\nMientras tanto, el gobernador redobla sus esfuerzos para acompa\u00f1ar y apuntalar al candidato oficialista bonaerense, Mart\u00edn Insaurralde, y lo acompa\u00f1a en sus recorridas por el interior y sus actos de campa\u00f1a. Y esto no es gratuito ni desinteresado: a Scioli le conviene una buena performance kirchnerista en la provincia que lo vot\u00f3 dos veces, si quiere afirmarse desde su territorio para sostener su eventual candidatura al sill\u00f3n de Rivadavia durante estos dos a\u00f1os, donde surgir\u00e1n competidores dentro y fuera de su espacio pol\u00edtico, y Scioli lo sabe muy bien, por eso propone \u2018m\u00e9todos\u2019 decisorios no implementados con anterioridad para definir disputas internas que, seguro, no se demorar\u00e1n en llegar.<\/p>\n","protected":false},"excerpt":{"rendered":"<p>Mientras la nostalgia a los a\u00f1os noventas se hace casi plausible en la vuelta al ruedo de ciertos actores principales de esas \u00e9pocas, que, aunque ocultos y tras bambalinas, apoyan a Sergio Massa en estas elecciones legislativas, aspirando a un futuro de retorno a la Casa Rosada de su mano, el Gobernador de la Provincia de Buenos Aires, Daniel Scioli, [&#8230;]<\/p>\n","protected":false},"author":4,"featured_media":0,"comment_status":"open","ping_status":"open","sticky":false,"template":"","format":"standard","meta":{"_jetpack_newsletter_access":"","_jetpack_dont_email_post_to_subs":false,"_jetpack_newsletter_tier_id":0,"_jetpack_memberships_contains_paywalled_content":false,"_jetpack_memberships_contains_paid_content":false,"footnotes":""},"categories":[64],"tags":[],"class_list":["post-30263","post","type-post","status-publish","format-standard","hentry","category-opinion"],"jetpack_featured_media_url":"","jetpack_shortlink":"https:\/\/wp.me\/p2JWE0-7S7","jetpack-related-posts":[{"id":101122,"url":"https:\/\/www.24baires.com\/?p=101122","url_meta":{"origin":30263,"position":0},"title":"Indagar\u00e1n a Scioli por irregularidades en la construcci\u00f3n de las UPA 24","author":"AF","date":"17\/03\/2018","format":false,"excerpt":"El ex gobernador Daniel Scioli y quien fuera su ministro de Salud, Alejandro Collia, fueron imputados y citados a prestar declaraci\u00f3n indagatoria en el marco de una causa que investiga presuntas irregularidades en la adjudicaci\u00f3n de ocho Unidades de Pronta Atenci\u00f3n (UPA 24) para las que se destinaron m\u00e1s de\u2026","rel":"","context":"En \u00abJUDICIALES\u00bb","block_context":{"text":"JUDICIALES","link":"https:\/\/www.24baires.com\/?cat=68"},"img":{"alt_text":"","src":"https:\/\/i0.wp.com\/www.24baires.com\/wp-content\/uploads\/2014\/05\/Daniel-Scioli.jpg?resize=350%2C200","width":350,"height":200,"srcset":"https:\/\/i0.wp.com\/www.24baires.com\/wp-content\/uploads\/2014\/05\/Daniel-Scioli.jpg?resize=350%2C200 1x, https:\/\/i0.wp.com\/www.24baires.com\/wp-content\/uploads\/2014\/05\/Daniel-Scioli.jpg?resize=525%2C300 1.5x"},"classes":[]},{"id":120226,"url":"https:\/\/www.24baires.com\/?p=120226","url_meta":{"origin":30263,"position":1},"title":"Cristina recibi\u00f3 a Scioli: \u201cA seguir trabajando, que es lo que hay que hacer\u201d","author":"AF","date":"28\/06\/2023","format":false,"excerpt":"\"Hablamos mucho, con sinceridad y con el respeto de siempre. Me transmiti\u00f3 que su vocaci\u00f3n es ayudar y colaborar como un compa\u00f1ero m\u00e1s\", asegur\u00f3 a trav\u00e9s de las redes sociales la Vicepresidenta sobre el encuentro. La Vicepresidenta Cristina Fern\u00e1ndez de Kirchner public\u00f3 en redes sociales una foto con el embajador\u2026","rel":"","context":"En \u00abPol\u00edtica\u00bb","block_context":{"text":"Pol\u00edtica","link":"https:\/\/www.24baires.com\/?cat=51"},"img":{"alt_text":"","src":"https:\/\/i0.wp.com\/www.24baires.com\/wp-content\/uploads\/2023\/06\/WhatsApp-Image-2023-06-28-at-23.30.42.jpeg?resize=350%2C200","width":350,"height":200,"srcset":"https:\/\/i0.wp.com\/www.24baires.com\/wp-content\/uploads\/2023\/06\/WhatsApp-Image-2023-06-28-at-23.30.42.jpeg?resize=350%2C200 1x, https:\/\/i0.wp.com\/www.24baires.com\/wp-content\/uploads\/2023\/06\/WhatsApp-Image-2023-06-28-at-23.30.42.jpeg?resize=525%2C300 1.5x, https:\/\/i0.wp.com\/www.24baires.com\/wp-content\/uploads\/2023\/06\/WhatsApp-Image-2023-06-28-at-23.30.42.jpeg?resize=700%2C400 2x"},"classes":[]},{"id":108387,"url":"https:\/\/www.24baires.com\/?p=108387","url_meta":{"origin":30263,"position":2},"title":"Scioli ratific\u00f3 su candidatura presidencial","author":"GB","date":"25\/05\/2019","format":false,"excerpt":"El exgobernador de la Provincia de Buenos Aires particip\u00f3 del Congreso Educativo de Ajedrez que se realiz\u00f3 en la ciudad balnearia y manifest\u00f3 sus deseos de ser el primer mandatario del pa\u00eds despu\u00e9s del 10 de diciembre, sin embargo aclar\u00f3: \u201cVer\u00e9 como peronista en qu\u00e9 lugar puedo hacer mi mayor\u2026","rel":"","context":"En \u00abPol\u00edtica\u00bb","block_context":{"text":"Pol\u00edtica","link":"https:\/\/www.24baires.com\/?cat=51"},"img":{"alt_text":"","src":"https:\/\/i0.wp.com\/www.24baires.com\/wp-content\/uploads\/2019\/05\/scioli-mar-del.jpg?resize=350%2C200","width":350,"height":200,"srcset":"https:\/\/i0.wp.com\/www.24baires.com\/wp-content\/uploads\/2019\/05\/scioli-mar-del.jpg?resize=350%2C200 1x, https:\/\/i0.wp.com\/www.24baires.com\/wp-content\/uploads\/2019\/05\/scioli-mar-del.jpg?resize=525%2C300 1.5x"},"classes":[]},{"id":102717,"url":"https:\/\/www.24baires.com\/?p=102717","url_meta":{"origin":30263,"position":3},"title":"Stolbizer: \u00abLa gesti\u00f3n de Vidal es tan mala como la de Scioli\u00bb","author":"GB","date":"13\/06\/2018","format":false,"excerpt":"La l\u00edder del GEN endureci\u00f3 su discurso contra la Gobernadora y afirm\u00f3 que \"no puede mostrar avances\" en educaci\u00f3n, salud y seguridad. Margarita Stolbizer abandon\u00f3 el discurso conciliador con Mar\u00eda Eugenia Vidal y afirm\u00f3 que su gesti\u00f3n \"es tan mala\" como la de su antecesor Daniel Scioli. Durante una visita\u2026","rel":"","context":"En \u00abPol\u00edtica\u00bb","block_context":{"text":"Pol\u00edtica","link":"https:\/\/www.24baires.com\/?cat=51"},"img":{"alt_text":"","src":"https:\/\/i0.wp.com\/www.24baires.com\/wp-content\/uploads\/2016\/08\/vidal-stolbizer.jpg?resize=350%2C200","width":350,"height":200,"srcset":"https:\/\/i0.wp.com\/www.24baires.com\/wp-content\/uploads\/2016\/08\/vidal-stolbizer.jpg?resize=350%2C200 1x, https:\/\/i0.wp.com\/www.24baires.com\/wp-content\/uploads\/2016\/08\/vidal-stolbizer.jpg?resize=525%2C300 1.5x"},"classes":[]},{"id":120181,"url":"https:\/\/www.24baires.com\/?p=120181","url_meta":{"origin":30263,"position":4},"title":"El Frente de Todos pasa a llamarse \u00abUni\u00f3n por la Patria\u00bb","author":"AF","date":"14\/06\/2023","format":false,"excerpt":"Los distintos sectores que componen el frente oficialista mantienen reuniones para definir, entre otras cosas, la constituci\u00f3n de su junta partidaria y el reglamento electoral que fijar\u00e1 pisos y porcentajes para la integraci\u00f3n de listas. El Frente de Todos (FdT) se llamar\u00e1 Uni\u00f3n por la Patria (UxP) en las pr\u00f3ximas\u2026","rel":"","context":"En \u00abPol\u00edtica\u00bb","block_context":{"text":"Pol\u00edtica","link":"https:\/\/www.24baires.com\/?cat=51"},"img":{"alt_text":"","src":"https:\/\/i0.wp.com\/www.24baires.com\/wp-content\/uploads\/2023\/06\/cfk-25-5.png?resize=350%2C200","width":350,"height":200,"srcset":"https:\/\/i0.wp.com\/www.24baires.com\/wp-content\/uploads\/2023\/06\/cfk-25-5.png?resize=350%2C200 1x, https:\/\/i0.wp.com\/www.24baires.com\/wp-content\/uploads\/2023\/06\/cfk-25-5.png?resize=525%2C300 1.5x, https:\/\/i0.wp.com\/www.24baires.com\/wp-content\/uploads\/2023\/06\/cfk-25-5.png?resize=700%2C400 2x"},"classes":[]},{"id":102620,"url":"https:\/\/www.24baires.com\/?p=102620","url_meta":{"origin":30263,"position":5},"title":"Agust\u00edn Rossi critic\u00f3 el acuerdo con el FMI y dijo que fue \u00abun error de Macri\u00bb","author":"AF","date":"08\/06\/2018","format":false,"excerpt":"El diputado explic\u00f3 antes de ingresar Congreso Peron\u00edsta en Ferro : \"nos va a generar much\u00edsimo dolor al conjunto de los argentinos, ning\u00fan pa\u00eds del mundo celebra un acuerdo con el FMI\". El diputado Agust\u00edn Rossi critic\u00f3 el acuerdo con el FMI y dijo que fue \"un error\" de Macri:\u2026","rel":"","context":"En \u00abPol\u00edtica\u00bb","block_context":{"text":"Pol\u00edtica","link":"https:\/\/www.24baires.com\/?cat=51"},"img":{"alt_text":"","src":"https:\/\/i0.wp.com\/www.24baires.com\/wp-content\/uploads\/2015\/02\/rossi1.jpg?resize=350%2C200","width":350,"height":200,"srcset":"https:\/\/i0.wp.com\/www.24baires.com\/wp-content\/uploads\/2015\/02\/rossi1.jpg?resize=350%2C200 1x, https:\/\/i0.wp.com\/www.24baires.com\/wp-content\/uploads\/2015\/02\/rossi1.jpg?resize=525%2C300 1.5x"},"classes":[]}],"jetpack_sharing_enabled":true,"jetpack_likes_enabled":true,"_links":{"self":[{"href":"https:\/\/www.24baires.com\/index.php?rest_route=\/wp\/v2\/posts\/30263","targetHints":{"allow":["GET"]}}],"collection":[{"href":"https:\/\/www.24baires.com\/index.php?rest_route=\/wp\/v2\/posts"}],"about":[{"href":"https:\/\/www.24baires.com\/index.php?rest_route=\/wp\/v2\/types\/post"}],"author":[{"embeddable":true,"href":"https:\/\/www.24baires.com\/index.php?rest_route=\/wp\/v2\/users\/4"}],"replies":[{"embeddable":true,"href":"https:\/\/www.24baires.com\/index.php?rest_route=%2Fwp%2Fv2%2Fcomments&post=30263"}],"version-history":[{"count":1,"href":"https:\/\/www.24baires.com\/index.php?rest_route=\/wp\/v2\/posts\/30263\/revisions"}],"predecessor-version":[{"id":30264,"href":"https:\/\/www.24baires.com\/index.php?rest_route=\/wp\/v2\/posts\/30263\/revisions\/30264"}],"wp:attachment":[{"href":"https:\/\/www.24baires.com\/index.php?rest_route=%2Fwp%2Fv2%2Fmedia&parent=30263"}],"wp:term":[{"taxonomy":"category","embeddable":true,"href":"https:\/\/www.24baires.com\/index.php?rest_route=%2Fwp%2Fv2%2Fcategories&post=30263"},{"taxonomy":"post_tag","embeddable":true,"href":"https:\/\/www.24baires.com\/index.php?rest_route=%2Fwp%2Fv2%2Ftags&post=30263"}],"curies":[{"name":"wp","href":"https:\/\/api.w.org\/{rel}","templated":true}]}}