{"id":3021,"date":"2012-10-23T14:48:16","date_gmt":"2012-10-23T17:48:16","guid":{"rendered":"http:\/\/www.24baires.com\/?p=3021"},"modified":"2012-10-24T15:26:18","modified_gmt":"2012-10-24T18:26:18","slug":"ley-de-medios-moyano-defendio-al-grupo-clarin","status":"publish","type":"post","link":"https:\/\/www.24baires.com\/?p=3021","title":{"rendered":"Ley de Medios: Moyano defendi\u00f3 al Grupo Clar\u00edn"},"content":{"rendered":"<p><img data-recalc-dims=\"1\" loading=\"lazy\" decoding=\"async\" class=\"alignleft size-medium wp-image-3038\" title=\"moyano\" src=\"https:\/\/i0.wp.com\/www.24baires.com\/wp-content\/uploads\/2012\/10\/moyano.jpg?resize=300%2C167\" alt=\"\" width=\"300\" height=\"167\" srcset=\"https:\/\/i0.wp.com\/www.24baires.com\/wp-content\/uploads\/2012\/10\/moyano.jpg?resize=300%2C167&amp;ssl=1 300w, https:\/\/i0.wp.com\/www.24baires.com\/wp-content\/uploads\/2012\/10\/moyano.jpg?w=560&amp;ssl=1 560w\" sizes=\"auto, (max-width: 300px) 100vw, 300px\" \/>El titular de la CGT Azopardo, Hugo Moyano, advirti\u00f3 esta ma\u00f1ana que si se aplica la Ley de Medios como plantea el Ejecutivo nacional se puede crear un \u00abmonopolio del Gobierno\u00bb en la comunicaci\u00f3n.<!--more--><\/p>\n<p>\u00abSi se cae el monopolio (por el Grupo Clar\u00edn) se puede pasar a otro monopolio. Pero lo m\u00e1s grave de esto es que vamos a pasar ni siquiera a un monopolio del Estado que sirva para el Estado sino a un monopolio del Gobierno. Y los costos los pagamos todos\u00bb, enfatiz\u00f3 Moyano.<\/p>\n<p>En declaraciones radiales, evalu\u00f3 que \u00abhay que hacer una diferencia entre el supuesto monopolio privado que hay\u00bb porque en ese caso plante\u00f3 \u00abque se las rebusquen ellos para pagar los costos que tienen\u00bb.<\/p>\n<p>\u00abEl monopolio del Estado lo pagamos todos nosotros\u00bb, se\u00f1al\u00f3 Moyano, quien apunt\u00f3 contra medios que son, seg\u00fan dijo \u00abpauta-dependientes\u00bb.<\/p>\n<p>Consider\u00f3 que a trav\u00e9s de los medios enfrentados al Gobierno nacional, los ciudadanos se enteran \u00abde algunas noticias que no cubren los medios que son pauta-dependientes\u00bb.<\/p>\n<p>\u00abEl cacerolazo que hubo la otra vez no lo pasaba nadie. Es una muestra concreta de que el monopolio estatal o gubernamental est\u00e1 sustituyendo al supuesto monopolio privado\u00bb, puntualiz\u00f3.<\/p>\n<p>Moyano se\u00f1al\u00f3 que estuvo \u00abenfrentado con el Grupo Clar\u00edn\u00bb, pero consider\u00f3 que debe mantenerse \u00abun equilibrio\u00bb en los medios de comunicaci\u00f3n.<\/p>\n<p>Por otra parte, volvi\u00f3 a cuestionar a la gesti\u00f3n de Cristina Kirchner, al se\u00f1alar que \u00abno hace lo que un gobierno peronista quer\u00eda hacer\u00bb.<\/p>\n<p>\u00abPrefiero diez veces que me digan opositor, antes que alcahuete\u00bb, subray\u00f3 el titular de la CGT que cuestiona al Gobierno nacional.<\/p>\n","protected":false},"excerpt":{"rendered":"<p>El titular de la CGT Azopardo, Hugo Moyano, advirti\u00f3 esta ma\u00f1ana que si se aplica la Ley de Medios como plantea el Ejecutivo nacional se puede crear un \u00abmonopolio del Gobierno\u00bb en la comunicaci\u00f3n.<\/p>\n","protected":false},"author":4,"featured_media":0,"comment_status":"open","ping_status":"open","sticky":false,"template":"","format":"standard","meta":{"_jetpack_newsletter_access":"","_jetpack_dont_email_post_to_subs":false,"_jetpack_newsletter_tier_id":0,"_jetpack_memberships_contains_paywalled_content":false,"_jetpack_memberships_contains_paid_content":false,"footnotes":""},"categories":[54],"tags":[],"class_list":["post-3021","post","type-post","status-publish","format-standard","hentry","category-medios"],"jetpack_featured_media_url":"","jetpack_shortlink":"https:\/\/wp.me\/p2JWE0-MJ","jetpack-related-posts":[{"id":9128,"url":"https:\/\/www.24baires.com\/?p=9128","url_meta":{"origin":3021,"position":0},"title":"Fin del Monopolio: El juez Alfonso declar\u00f3 la constitucionalidad de la Ley de Medios","author":"Grupo Sierra","date":"14\/12\/2012","format":false,"excerpt":"El magistrado del fuero Civil y Comercial desestim\u00f3 el planteo del Grupo Clar\u00edn en cuanto a la cuesti\u00f3n de fondo y declar\u00f3 la constitucionalidad de todos los art\u00edculos objetados por el monopolio. Orden\u00f3 el inmediato levantamiento de la cautelar que frena la plena aplicaci\u00f3n de la Ley de Servicios de\u2026","rel":"","context":"En \u00abMedios\u00bb","block_context":{"text":"Medios","link":"https:\/\/www.24baires.com\/?cat=54"},"img":{"alt_text":"","src":"","width":0,"height":0},"classes":[]},{"id":60767,"url":"https:\/\/www.24baires.com\/?p=60767","url_meta":{"origin":3021,"position":1},"title":"La pelea entre Facundo Moyano y Scioli por los carteles de ruta 2","author":"Grupo Sierra","date":"26\/01\/2015","format":false,"excerpt":"El camino amaneci\u00f3 naranja y era monopolio de Facundo Moyano para el atardecer. Una camioneta del concesionario Autov\u00eda del Mar y trabajadores de la firma levantaron toda la propaganda del Gobernador, adem\u00e1s de la de la candidata massista M\u00f3nica L\u00f3pez. El viernes por la tarde, cualquier turista que recorriera la\u2026","rel":"","context":"En \u00abPol\u00edtica\u00bb","block_context":{"text":"Pol\u00edtica","link":"https:\/\/www.24baires.com\/?cat=51"},"img":{"alt_text":"carteels massa scioli moyano","src":"https:\/\/i0.wp.com\/www.24baires.com\/wp-content\/uploads\/2015\/01\/carteels-massa-scioli-moyano.jpg?resize=350%2C200","width":350,"height":200,"srcset":"https:\/\/i0.wp.com\/www.24baires.com\/wp-content\/uploads\/2015\/01\/carteels-massa-scioli-moyano.jpg?resize=350%2C200 1x, https:\/\/i0.wp.com\/www.24baires.com\/wp-content\/uploads\/2015\/01\/carteels-massa-scioli-moyano.jpg?resize=525%2C300 1.5x"},"classes":[]},{"id":10621,"url":"https:\/\/www.24baires.com\/?p=10621","url_meta":{"origin":3021,"position":2},"title":"Alak conf\u00eda en la \u201cpronta vigencia\u201d de la Ley de Medios","author":"AF","date":"27\/12\/2012","format":false,"excerpt":"As\u00ed lo destac\u00f3 el Ministro de Justicia y Derechos Humanos de la Naci\u00f3n Julio Alak al participar de un encuentro en el senado bonaerense junto al vicegobernador Gabriel Mariotto. Asegur\u00f3 que \u201csi no hay regulaci\u00f3n, el monopolio Clar\u00edn va a llegar al control del 100 por ciento de la televisi\u00f3n\u2026","rel":"","context":"En \u00abMedios\u00bb","block_context":{"text":"Medios","link":"https:\/\/www.24baires.com\/?cat=54"},"img":{"alt_text":"","src":"","width":0,"height":0},"classes":[]},{"id":8710,"url":"https:\/\/www.24baires.com\/?p=8710","url_meta":{"origin":3021,"position":3},"title":"Escracharon locales de Clar\u00edn y Cablevisi\u00f3n en Mar del Plata","author":"Grupo Sierra","date":"11\/12\/2012","format":false,"excerpt":"La Organizaci\u00f3n para la Liberaci\u00f3n Argentina (OLA) y J\u00f3venes Al Frente realizaron escarches a las sedes de Cablevisi\u00f3n y Clar\u00edn en esa ciudad balnearia.\u00a0 Los vidrios y paredes de las empresas del grupo Clar\u00edn, en Mar Del Plata, aparecieron pintadas con la consigna \u201cFuera Monopolios del pa\u00eds\u201d y la firma\u2026","rel":"","context":"En \u00abPol\u00edtica\u00bb","block_context":{"text":"Pol\u00edtica","link":"https:\/\/www.24baires.com\/?cat=51"},"img":{"alt_text":"","src":"https:\/\/i0.wp.com\/www.24baires.com\/wp-content\/uploads\/2012\/12\/Escrache-Clarin.jpg?resize=350%2C200","width":350,"height":200,"srcset":"https:\/\/i0.wp.com\/www.24baires.com\/wp-content\/uploads\/2012\/12\/Escrache-Clarin.jpg?resize=350%2C200 1x, https:\/\/i0.wp.com\/www.24baires.com\/wp-content\/uploads\/2012\/12\/Escrache-Clarin.jpg?resize=525%2C300 1.5x"},"classes":[]},{"id":30927,"url":"https:\/\/www.24baires.com\/?p=30927","url_meta":{"origin":3021,"position":4},"title":"Culmin\u00f3 el primer d\u00eda de la audiencia p\u00fablica por la Ley de Medios","author":"AF","date":"28\/08\/2013","format":false,"excerpt":"La Corte Suprema de Justicia recibi\u00f3 hoy a diez ONG, cinco por el Estado y cinco por el Grupo Clar\u00edn, en la audiencia informativa que busca ser el paso previo a la resoluci\u00f3n definitiva del conflicto generado a partir del planteo de inconstitucionalidad del holding de medios sobre dos art\u00edculos\u2026","rel":"","context":"En \u00abMedios\u00bb","block_context":{"text":"Medios","link":"https:\/\/www.24baires.com\/?cat=54"},"img":{"alt_text":"audiencia p\u00fablica ley medios","src":"https:\/\/i0.wp.com\/www.24baires.com\/wp-content\/uploads\/2013\/08\/audiencia-p%C3%BAblica-ley-medios-300x200.jpg?resize=350%2C200","width":350,"height":200},"classes":[]},{"id":21371,"url":"https:\/\/www.24baires.com\/?p=21371","url_meta":{"origin":3021,"position":5},"title":"Ni los Monopolios con esta Justicia son iguales ante la Ley","author":"Grupo Sierra","date":"18\/04\/2013","format":false,"excerpt":"Empecemos con una pregunta ineludible: \u00bfCu\u00e1l es la esencia de la Ley de Medios? Y no caigamos en la chicana corta de responder \u201cquerer voltear a Clar\u00edn\u201d, que seguramente es lo que moviliz\u00f3 la militancia de unos cuantos, m\u00e1s all\u00e1 del esp\u00edritu democr\u00e1tico del proyecto. Nos preguntamos cu\u00e1l es el\u2026","rel":"","context":"En \u00abOpini\u00f3n\u00bb","block_context":{"text":"Opini\u00f3n","link":"https:\/\/www.24baires.com\/?cat=64"},"img":{"alt_text":"tribunales","src":"https:\/\/i0.wp.com\/www.24baires.com\/wp-content\/uploads\/2012\/11\/tribunales.jpg?resize=350%2C200","width":350,"height":200,"srcset":"https:\/\/i0.wp.com\/www.24baires.com\/wp-content\/uploads\/2012\/11\/tribunales.jpg?resize=350%2C200 1x, https:\/\/i0.wp.com\/www.24baires.com\/wp-content\/uploads\/2012\/11\/tribunales.jpg?resize=525%2C300 1.5x"},"classes":[]}],"jetpack_sharing_enabled":true,"jetpack_likes_enabled":true,"_links":{"self":[{"href":"https:\/\/www.24baires.com\/index.php?rest_route=\/wp\/v2\/posts\/3021","targetHints":{"allow":["GET"]}}],"collection":[{"href":"https:\/\/www.24baires.com\/index.php?rest_route=\/wp\/v2\/posts"}],"about":[{"href":"https:\/\/www.24baires.com\/index.php?rest_route=\/wp\/v2\/types\/post"}],"author":[{"embeddable":true,"href":"https:\/\/www.24baires.com\/index.php?rest_route=\/wp\/v2\/users\/4"}],"replies":[{"embeddable":true,"href":"https:\/\/www.24baires.com\/index.php?rest_route=%2Fwp%2Fv2%2Fcomments&post=3021"}],"version-history":[{"count":4,"href":"https:\/\/www.24baires.com\/index.php?rest_route=\/wp\/v2\/posts\/3021\/revisions"}],"predecessor-version":[{"id":3099,"href":"https:\/\/www.24baires.com\/index.php?rest_route=\/wp\/v2\/posts\/3021\/revisions\/3099"}],"wp:attachment":[{"href":"https:\/\/www.24baires.com\/index.php?rest_route=%2Fwp%2Fv2%2Fmedia&parent=3021"}],"wp:term":[{"taxonomy":"category","embeddable":true,"href":"https:\/\/www.24baires.com\/index.php?rest_route=%2Fwp%2Fv2%2Fcategories&post=3021"},{"taxonomy":"post_tag","embeddable":true,"href":"https:\/\/www.24baires.com\/index.php?rest_route=%2Fwp%2Fv2%2Ftags&post=3021"}],"curies":[{"name":"wp","href":"https:\/\/api.w.org\/{rel}","templated":true}]}}