{"id":30153,"date":"2013-08-14T20:20:03","date_gmt":"2013-08-14T23:20:03","guid":{"rendered":"http:\/\/www.24baires.com\/?p=30153"},"modified":"2013-08-15T13:51:01","modified_gmt":"2013-08-15T16:51:01","slug":"la-corte-suprema-llamo-a-audiencia-publica-por-la-ley-de-medios","status":"publish","type":"post","link":"https:\/\/www.24baires.com\/?p=30153","title":{"rendered":"La Corte Suprema llam\u00f3 a audiencia p\u00fablica por la Ley de Medios"},"content":{"rendered":"<p>La Corte Suprema dict\u00f3 un reglamento para que puedan participar, adem\u00e1s de la partes y los peritos, 10 ONG en calidad de Amicus Curiae (amigos del tribunal), para referirse a los aspectos conflictivos de la norma.<!--more--><br \/>\nLa decisi\u00f3n se fundamenta en la \u00abtrascendencia p\u00fablica\u00bb de la norma, y fuentes del tribunal indicaron que se solicitar\u00e1 a las ONG intervinientes a que unifiquen personer\u00edas.<\/p>\n<p>Despu\u00e9s de la realizaci\u00f3n de la Audiencia, la Corte Suprema de Justicia estar\u00e1 en condiciones de fallar sobre la norma sancionada en 2009 por el Congreso Nacional.<\/p>\n<p>&nbsp;<\/p>\n<p>&nbsp;<\/p>\n<p>&nbsp;<\/p>\n<p>&nbsp;<\/p>\n<p>&nbsp;<\/p>\n<p>&nbsp;<\/p>\n<p>&nbsp;<\/p>\n<p>&nbsp;<\/p>\n<p>&nbsp;<\/p>\n<p>&nbsp;<\/p>\n<p>&nbsp;<\/p>\n<p>&nbsp;<\/p>\n<p>&nbsp;<\/p>\n<p>&nbsp;<\/p>\n<p>&nbsp;<\/p>\n","protected":false},"excerpt":{"rendered":"<p>La Corte Suprema dict\u00f3 un reglamento para que puedan participar, adem\u00e1s de la partes y los peritos, 10 ONG en calidad de Amicus Curiae (amigos del tribunal), para referirse a los aspectos conflictivos de la norma.<\/p>\n","protected":false},"author":4,"featured_media":0,"comment_status":"open","ping_status":"open","sticky":false,"template":"","format":"standard","meta":{"_jetpack_newsletter_access":"","_jetpack_dont_email_post_to_subs":false,"_jetpack_newsletter_tier_id":0,"_jetpack_memberships_contains_paywalled_content":false,"_jetpack_memberships_contains_paid_content":false,"footnotes":""},"categories":[54],"tags":[],"class_list":["post-30153","post","type-post","status-publish","format-standard","hentry","category-medios"],"jetpack_featured_media_url":"","jetpack_shortlink":"https:\/\/wp.me\/p2JWE0-7Ql","jetpack-related-posts":[{"id":103948,"url":"https:\/\/www.24baires.com\/?p=103948","url_meta":{"origin":30153,"position":0},"title":"La Corte Suprema suspendi\u00f3 la audiencia por Farmacity","author":"GB","date":"17\/08\/2018","format":false,"excerpt":"Iba a realizarse el 29 de agosto. El m\u00e1ximo tribunal la posterg\u00f3 porque Highton de Nolasco debe viajar a M\u00e9xico. La Corte Suprema de Justicia de la Naci\u00f3n suspendi\u00f3 la audiencia p\u00fablica que iba a realizarse el 29 de agosto para debatir el desembarco de la empresa Farmacity en la\u2026","rel":"","context":"En \u00abPol\u00edtica\u00bb","block_context":{"text":"Pol\u00edtica","link":"https:\/\/www.24baires.com\/?cat=51"},"img":{"alt_text":"","src":"https:\/\/i0.wp.com\/www.24baires.com\/wp-content\/uploads\/2012\/12\/corte-suprema.jpg?resize=350%2C200","width":350,"height":200,"srcset":"https:\/\/i0.wp.com\/www.24baires.com\/wp-content\/uploads\/2012\/12\/corte-suprema.jpg?resize=350%2C200 1x, https:\/\/i0.wp.com\/www.24baires.com\/wp-content\/uploads\/2012\/12\/corte-suprema.jpg?resize=525%2C300 1.5x"},"classes":[]},{"id":30927,"url":"https:\/\/www.24baires.com\/?p=30927","url_meta":{"origin":30153,"position":1},"title":"Culmin\u00f3 el primer d\u00eda de la audiencia p\u00fablica por la Ley de Medios","author":"AF","date":"28\/08\/2013","format":false,"excerpt":"La Corte Suprema de Justicia recibi\u00f3 hoy a diez ONG, cinco por el Estado y cinco por el Grupo Clar\u00edn, en la audiencia informativa que busca ser el paso previo a la resoluci\u00f3n definitiva del conflicto generado a partir del planteo de inconstitucionalidad del holding de medios sobre dos art\u00edculos\u2026","rel":"","context":"En \u00abMedios\u00bb","block_context":{"text":"Medios","link":"https:\/\/www.24baires.com\/?cat=54"},"img":{"alt_text":"audiencia p\u00fablica ley medios","src":"https:\/\/i0.wp.com\/www.24baires.com\/wp-content\/uploads\/2013\/08\/audiencia-p%C3%BAblica-ley-medios-300x200.jpg?resize=350%2C200","width":350,"height":200},"classes":[]},{"id":30318,"url":"https:\/\/www.24baires.com\/?p=30318","url_meta":{"origin":30153,"position":2},"title":"Convocan a una marcha frente a Tribunales por la Ley de Medios","author":"AF","date":"17\/08\/2013","format":false,"excerpt":"La Coalici\u00f3n por una Comunicaci\u00f3n Democr\u00e1tica pidi\u00f3 defender la normativa atacada por Clar\u00edn el 28 de agosto a partir de las 10, el d\u00eda de la audiencia p\u00fablica convocada por la Corte. La Coalici\u00f3n por Una Comunicaci\u00f3n Democr\u00e1tica anunci\u00f3 oficialmente una convocatoria abierta al Palacio de Tribunales para el 28\u2026","rel":"","context":"En \u00abMedios\u00bb","block_context":{"text":"Medios","link":"https:\/\/www.24baires.com\/?cat=54"},"img":{"alt_text":"marcha ley de medios","src":"https:\/\/i0.wp.com\/www.24baires.com\/wp-content\/uploads\/2013\/08\/marcha-ley-de-medios-300x204.jpg?resize=350%2C200","width":350,"height":200},"classes":[]},{"id":30754,"url":"https:\/\/www.24baires.com\/?p=30754","url_meta":{"origin":30153,"position":3},"title":"Sabbatella apunta a que la audiencia p\u00fablica sea \u00abel paso previo a la resoluci\u00f3n definitiva\u00bb","author":"GB","date":"25\/08\/2013","format":false,"excerpt":"El presidente de la Autoridad Federal de Servicios de Comunicaci\u00f3n Audiovisual (AFSCA), Mart\u00edn Sabbatella, conf\u00eda en que la audiencia p\u00fablica que convoc\u00f3 la Corte Suprema de Justicia para el mi\u00e9rcoles \"sea el paso previo a la resoluci\u00f3n definitiva\" del conflicto judicial que impide la aplicaci\u00f3n plena de la Ley de\u2026","rel":"","context":"En \u00abMedios\u00bb","block_context":{"text":"Medios","link":"https:\/\/www.24baires.com\/?cat=54"},"img":{"alt_text":"","src":"","width":0,"height":0},"classes":[]},{"id":105317,"url":"https:\/\/www.24baires.com\/?p=105317","url_meta":{"origin":30153,"position":4},"title":"Comienza la audiencia p\u00fablica por el desembarco de Farmacity en la Provincia","author":"GB","date":"07\/11\/2018","format":false,"excerpt":"La Corte Suprema escuchar\u00e1 a los \"amicus curiae\" de las partes. La ley que regula la actividad farmac\u00e9utica impide la instalaci\u00f3n de sociedades an\u00f3nimas. Los farmac\u00e9uticos marchar\u00e1n en defensa del \"modelo sanitario\". Lorenzino denunci\u00f3 que Rosenkrantz no lo dej\u00f3 entrar. Este mi\u00e9rcoles comienza la primera audiencia p\u00fablica convocada por la\u2026","rel":"","context":"En \u00abProvincia\u00bb","block_context":{"text":"Provincia","link":"https:\/\/www.24baires.com\/?cat=40"},"img":{"alt_text":"","src":"https:\/\/i0.wp.com\/www.24baires.com\/wp-content\/uploads\/2018\/04\/farmaceuticos-300x200.jpg?resize=350%2C200","width":350,"height":200},"classes":[]},{"id":61358,"url":"https:\/\/www.24baires.com\/?p=61358","url_meta":{"origin":30153,"position":5},"title":"La Corte orden\u00f3 a la Provincia dar datos a una ONG sobre ausentismo docente","author":"AF","date":"06\/02\/2015","format":false,"excerpt":"La Suprema Corte bonaerense oblig\u00f3 a la Provincia a brindar datos sobre ausentismo docente. El pedido lo hizo una ONG a la cartera educativa sobre 36 escuelas del Conurbano. La Justicia sienta un importante precedente. El m\u00e1ximo tribunal orden\u00f3 al \u00e1rea que conduce la directora Nora de Luc\u00eda a brindar\u2026","rel":"","context":"En \u00abProvincia\u00bb","block_context":{"text":"Provincia","link":"https:\/\/www.24baires.com\/?cat=40"},"img":{"alt_text":"","src":"","width":0,"height":0},"classes":[]}],"jetpack_sharing_enabled":true,"jetpack_likes_enabled":true,"_links":{"self":[{"href":"https:\/\/www.24baires.com\/index.php?rest_route=\/wp\/v2\/posts\/30153","targetHints":{"allow":["GET"]}}],"collection":[{"href":"https:\/\/www.24baires.com\/index.php?rest_route=\/wp\/v2\/posts"}],"about":[{"href":"https:\/\/www.24baires.com\/index.php?rest_route=\/wp\/v2\/types\/post"}],"author":[{"embeddable":true,"href":"https:\/\/www.24baires.com\/index.php?rest_route=\/wp\/v2\/users\/4"}],"replies":[{"embeddable":true,"href":"https:\/\/www.24baires.com\/index.php?rest_route=%2Fwp%2Fv2%2Fcomments&post=30153"}],"version-history":[{"count":1,"href":"https:\/\/www.24baires.com\/index.php?rest_route=\/wp\/v2\/posts\/30153\/revisions"}],"predecessor-version":[{"id":30154,"href":"https:\/\/www.24baires.com\/index.php?rest_route=\/wp\/v2\/posts\/30153\/revisions\/30154"}],"wp:attachment":[{"href":"https:\/\/www.24baires.com\/index.php?rest_route=%2Fwp%2Fv2%2Fmedia&parent=30153"}],"wp:term":[{"taxonomy":"category","embeddable":true,"href":"https:\/\/www.24baires.com\/index.php?rest_route=%2Fwp%2Fv2%2Fcategories&post=30153"},{"taxonomy":"post_tag","embeddable":true,"href":"https:\/\/www.24baires.com\/index.php?rest_route=%2Fwp%2Fv2%2Ftags&post=30153"}],"curies":[{"name":"wp","href":"https:\/\/api.w.org\/{rel}","templated":true}]}}