{"id":3012,"date":"2012-10-23T14:12:01","date_gmt":"2012-10-23T17:12:01","guid":{"rendered":"http:\/\/www.24baires.com\/?p=3012"},"modified":"2012-10-23T14:12:01","modified_gmt":"2012-10-23T17:12:01","slug":"jueces-obligan-a-scioli-a-colocar-carteles-reconociendo-su-inoperancia-en-rutas-provinciales","status":"publish","type":"post","link":"https:\/\/www.24baires.com\/?p=3012","title":{"rendered":"Jueces obligan a Scioli a colocar carteles reconociendo su inoperancia en rutas provinciales"},"content":{"rendered":"<p><img data-recalc-dims=\"1\" loading=\"lazy\" decoding=\"async\" class=\"aligncenter size-full wp-image-3014\" title=\"alerta ruta 74\" src=\"https:\/\/i0.wp.com\/www.24baires.com\/wp-content\/uploads\/2012\/10\/alerta-ruta-74.jpg?resize=532%2C210\" alt=\"\" width=\"532\" height=\"210\" srcset=\"https:\/\/i0.wp.com\/www.24baires.com\/wp-content\/uploads\/2012\/10\/alerta-ruta-74.jpg?w=532&amp;ssl=1 532w, https:\/\/i0.wp.com\/www.24baires.com\/wp-content\/uploads\/2012\/10\/alerta-ruta-74.jpg?resize=300%2C118&amp;ssl=1 300w\" sizes=\"auto, (max-width: 532px) 100vw, 532px\" \/>\u201cAtenci\u00f3n: Pr\u00f3ximos 6 kil\u00f3metros camino deteriorado con baches. Velocidad M\u00e1xima: 60 Km\/hora\u201d. No se trata de una nueva se\u00f1alizaci\u00f3n incorporada a la Ley de Tr\u00e1nsito. Es apenas la receta judicial para el creciente reclamo de los automovilistas que exponen su vida para circular por rutas destrozadas, y con poca o nula inversi\u00f3n en materia de reparaci\u00f3n.<!--more--><\/p>\n<p>La combinaci\u00f3n de rutas en estado cr\u00edtico m\u00e1s la desinversi\u00f3n por parte del Ejecutivo Provincial envuelto en una crisis econ\u00f3mica que se prolonga, alumbr\u00f3 en los \u00faltimos meses un aluvi\u00f3n de amparos presentados ante al Justicia, que finalmente orden\u00f3 \u201cse\u00f1alizar\u201d los baches. Parece ins\u00f3lito, pero no lo es. Por mandato legal, el Ejecutivo debe plantar carteles como el que ilustra esta nota, para alertar a los automovilistas sobre la peligrosidad de circular a alta velocidad por rutas del interior bonaerense en algunos puntos directamente intransitables.<\/p>\n<p>El viernes \u00faltimo, el Tribunal Oral en lo Criminal 1 de Jun\u00edn, orden\u00f3 a la Provincia avanzar en un plan \u2018urgente\u2019 de reparaci\u00f3n de la Ruta 30, en el tramo que une los distritos de Chacabuco y Rojas. Mientras tanto, mand\u00f3 a colocar carteles \u201cse\u00f1alizando\u201d el p\u00e9simo estado de la cinta asf\u00e1ltica, y advirtiendo a los automovilistas la velocidad adecuada para evitar accidentes. El cartel que ilustra esta nota, se ubica sobre la ruta 74 y su colocaci\u00f3n fue, tambi\u00e9n, fruto de id\u00e9ntico mandato legal.<\/p>\n<p>Es una especie de castigo que le impone el Poder Judicial al Estado. Se\u00f1alizar los baches, advirtiendo el peligro para la circulaci\u00f3n que supone su existencia, es como obligar a la Provincia a colgarse el cartel de ineficaz para resolver un problema serio, que expone al riesgo permanente a los automovilistas que circulan las rutas que cruzan el territorio provincial. \u201cEs como que una empresa de transporte automotor de pasajeros cuelgue un cartel en el interior, advirtiendo a los pasajeros sujetarse, ante el mal estado de los frenos\u201d, ironiz\u00f3 uno de los abogados que logr\u00f3 la resoluci\u00f3n.<\/p>\n<p>Tras imponer al Ejecutivo la obligaci\u00f3n de \u201cevidenciar\u201d en carteles la inoperancia, el Tribunal, integrado por Miguel Angel Vilaseca y Karina Lorena Pi\u00e9gari, tiene ahora a su cargo la decisi\u00f3n sobre el fondo de la cuesti\u00f3n: ordenar la reparaci\u00f3n inmediata de la ruta.<\/p>\n<p>\u201cA este paso, en un par de meses, la ruta 41, la 50, la 6, la 7, la 74, la 88, la 60, la 30 y muchas m\u00e1s, van a tener cientos de carteles indicando \u201cAQU\u00cd POZO\u201d. Google Maps y las empresas que hacen mapas para los GPS han empezado a tomar nota de los pozos. Falta poco para que la simp\u00e1tica \u201cgallega\u201d del GPS nos diga \u00aba 100 metros un pozo de la hostia\u201d\u201d, ironiz\u00f3 Mauricio D\u2019alessandro, el legislador denarva\u00edsta que impuls\u00f3 recursos en ese sentido, con resoluci\u00f3n a su favor en los tribunales.<\/p>\n<p>Cierto o mito de ocasi\u00f3n, hay quienes aseguran que el Director de Vialidad, Ricardo Curetti tiene sobre su escritorio un gran mapa de la provincia con las rutas marcadas de distintos colores seg\u00fan su estado: Verde, bien. Amarillo, regular. Rojo, un desastre. La propagaci\u00f3n del color rojo en el mapa, m\u00e1s la seguidilla de \u00f3rdenes judiciales ordenando la colocaci\u00f3n de carteles, choca de frente con la impronta de la publicidad de gesti\u00f3n que, pese a las cr\u00edticas, le impone Scioli a su paso por el Ejecutivo provincial.<\/p>\n<p>Cabe destacar, que Vialidad ten\u00eda en el presupuesto para el ejercicio 2012 unos $1.800.000.000 para obras. Entre ellas, arreglar las rutas. Sin embargo, no ejecut\u00f3 m\u00e1s que el 20%, de esa cifra. La f\u00f3rmula sciolista de asumir la responsabilidad por omisi\u00f3n, fue, en la mayor\u00eda de los casos, repetir gastos para reparaci\u00f3n de rutas en el Presupuesto que ahora discute la Legislatura Provincial.<\/p>\n","protected":false},"excerpt":{"rendered":"<p>\u201cAtenci\u00f3n: Pr\u00f3ximos 6 kil\u00f3metros camino deteriorado con baches. Velocidad M\u00e1xima: 60 Km\/hora\u201d. No se trata de una nueva se\u00f1alizaci\u00f3n incorporada a la Ley de Tr\u00e1nsito. Es apenas la receta judicial para el creciente reclamo de los automovilistas que exponen su vida para circular por rutas destrozadas, y con poca o nula inversi\u00f3n en materia de reparaci\u00f3n.<\/p>\n","protected":false},"author":4,"featured_media":0,"comment_status":"open","ping_status":"open","sticky":false,"template":"","format":"standard","meta":{"_jetpack_newsletter_access":"","_jetpack_dont_email_post_to_subs":false,"_jetpack_newsletter_tier_id":0,"_jetpack_memberships_contains_paywalled_content":false,"_jetpack_memberships_contains_paid_content":false,"footnotes":""},"categories":[40],"tags":[],"class_list":["post-3012","post","type-post","status-publish","format-standard","hentry","category-provincia"],"jetpack_featured_media_url":"","jetpack_shortlink":"https:\/\/wp.me\/p2JWE0-MA","jetpack-related-posts":[{"id":43884,"url":"https:\/\/www.24baires.com\/?p=43884","url_meta":{"origin":3012,"position":0},"title":"Proponen repavimentar la Ruta 32 por el \u00abdeterioro y abandono\u00bb","author":"AF","date":"15\/04\/2014","format":false,"excerpt":"La diputada provincial Maria Ratto y el dirigente del Frente Renovador, Jorge Solmi, denunciaron el deterioro y abandono de la ruta provincial 32 que une el norte bonaerense con Rosario, donde en el puente sobre el arroyo El Arbolito, a la altura del km 155 de la ruta se pueden\u2026","rel":"","context":"En \u00abLocales\u00bb","block_context":{"text":"Locales","link":"https:\/\/www.24baires.com\/?cat=38"},"img":{"alt_text":"ruta 32 pergamino","src":"https:\/\/i0.wp.com\/www.24baires.com\/wp-content\/uploads\/2014\/04\/ruta-32-pergamino.png?resize=350%2C200","width":350,"height":200},"classes":[]},{"id":9909,"url":"https:\/\/www.24baires.com\/?p=9909","url_meta":{"origin":3012,"position":1},"title":"El diputado Farias pide informes sobre la instalaci\u00f3n indebida de carteles en la Ruta 2","author":"Grupo Sierra","date":"20\/12\/2012","format":false,"excerpt":"La Ruta Provincial N\u00b0 2 es una de las rutas m\u00e1s transitadas del pa\u00eds, sobre todo ante la proximidad de las vacaciones, y en consecuencia, es una de aquellas en las que m\u00e1s obras de mantenimiento deben realizarse. Es por eso que el diputado provincial del GEN-FAP, Pablo Far\u00edas, present\u00f3\u2026","rel":"","context":"En \u00abProvincia\u00bb","block_context":{"text":"Provincia","link":"https:\/\/www.24baires.com\/?cat=40"},"img":{"alt_text":"farias pablo","src":"https:\/\/i0.wp.com\/www.24baires.com\/wp-content\/uploads\/2012\/11\/farias-pablo-278x300.jpg?resize=350%2C200","width":350,"height":200},"classes":[]},{"id":46072,"url":"https:\/\/www.24baires.com\/?p=46072","url_meta":{"origin":3012,"position":2},"title":"Tel\u00e9fono para Scioli: cu\u00e1les son las peores rutas de la provincia","author":"Grupo Sierra","date":"15\/05\/2014","format":false,"excerpt":"Un informe que est\u00e1 elaborando la Uni\u00f3n de Usuarios Viales, detalla el estado de las rutas bonaerenses y las deudas del gobierno. Un ranking indeseado. La Uni\u00f3n de Usuarios Viales (UdUV) est\u00e1 realizando un informe pormenorizado sobre el estado de las rutas provinciales, detallando las que est\u00e1n en peor condiciones.\u2026","rel":"","context":"En \u00abProvincia\u00bb","block_context":{"text":"Provincia","link":"https:\/\/www.24baires.com\/?cat=40"},"img":{"alt_text":"ruta 80","src":"https:\/\/i0.wp.com\/www.24baires.com\/wp-content\/uploads\/2013\/07\/ruta-80.jpg?resize=350%2C200","width":350,"height":200,"srcset":"https:\/\/i0.wp.com\/www.24baires.com\/wp-content\/uploads\/2013\/07\/ruta-80.jpg?resize=350%2C200 1x, https:\/\/i0.wp.com\/www.24baires.com\/wp-content\/uploads\/2013\/07\/ruta-80.jpg?resize=525%2C300 1.5x"},"classes":[]},{"id":15333,"url":"https:\/\/www.24baires.com\/?p=15333","url_meta":{"origin":3012,"position":3},"title":"Anunciaron la construcci\u00f3n de la colectora de la Ruta 40","author":"AF","date":"11\/02\/2013","format":false,"excerpt":"MARCOS PAZ - El jefe comunal de Marcos Paz, Ricardo Curutchet, firm\u00f3 con el gobierno nacional la adjudicaci\u00f3n de 7 millones y medio de pesos para la primer etapa de construcci\u00f3n de la colectora correspondiente a la Ruta 40. El intendente de Marcos Paz, Ricardo Curutchet, firm\u00f3 con el gobierno\u2026","rel":"","context":"En \u00abLocales\u00bb","block_context":{"text":"Locales","link":"https:\/\/www.24baires.com\/?cat=38"},"img":{"alt_text":"","src":"","width":0,"height":0},"classes":[]},{"id":23798,"url":"https:\/\/www.24baires.com\/?p=23798","url_meta":{"origin":3012,"position":4},"title":"Reclaman por el estado del puente de Luj\u00e1n","author":"AF","date":"18\/05\/2013","format":false,"excerpt":"El Senador Orlando Costa reclam\u00f3 al Poder Ejecutivo provincial que gestione ante el gobierno nacional las reparaciones necesarias en el puente de Luj\u00e1n y en el cruce de las rutas 5 y 7. Seg\u00fan describi\u00f3 en su iniciativa legislativa, la zona presenta m\u00faltiples complicaciones debido al p\u00e9simo estado de la\u2026","rel":"","context":"En \u00abLocales\u00bb","block_context":{"text":"Locales","link":"https:\/\/www.24baires.com\/?cat=38"},"img":{"alt_text":"costa orlando","src":"https:\/\/i0.wp.com\/www.24baires.com\/wp-content\/uploads\/2013\/05\/costa-orlando.png?resize=350%2C200","width":350,"height":200},"classes":[]},{"id":5209,"url":"https:\/\/www.24baires.com\/?p=5209","url_meta":{"origin":3012,"position":5},"title":"Desde el Senado reclaman por el estado deplorable de las rutas","author":"AF","date":"13\/11\/2012","format":false,"excerpt":"La C\u00e1mara Alta provincial aprob\u00f3 dos reclamos del senador Orlando Costa (UCR), para que el Ejecutivo bonaerense realice trabajos de reparaci\u00f3n, bacheo, demarcaci\u00f3n y se\u00f1alizaci\u00f3n de varias rutas bonaerenses. El senador bragadense reiter\u00f3 su reclamo por las rutas provinciales N\u00ba 46, entre Jun\u00edn y Saladillo; N\u00ba 61, entre Saladillo y\u2026","rel":"","context":"En \u00abSociedad\u00bb","block_context":{"text":"Sociedad","link":"https:\/\/www.24baires.com\/?cat=1"},"img":{"alt_text":"","src":"","width":0,"height":0},"classes":[]}],"jetpack_sharing_enabled":true,"jetpack_likes_enabled":true,"_links":{"self":[{"href":"https:\/\/www.24baires.com\/index.php?rest_route=\/wp\/v2\/posts\/3012","targetHints":{"allow":["GET"]}}],"collection":[{"href":"https:\/\/www.24baires.com\/index.php?rest_route=\/wp\/v2\/posts"}],"about":[{"href":"https:\/\/www.24baires.com\/index.php?rest_route=\/wp\/v2\/types\/post"}],"author":[{"embeddable":true,"href":"https:\/\/www.24baires.com\/index.php?rest_route=\/wp\/v2\/users\/4"}],"replies":[{"embeddable":true,"href":"https:\/\/www.24baires.com\/index.php?rest_route=%2Fwp%2Fv2%2Fcomments&post=3012"}],"version-history":[{"count":2,"href":"https:\/\/www.24baires.com\/index.php?rest_route=\/wp\/v2\/posts\/3012\/revisions"}],"predecessor-version":[{"id":3016,"href":"https:\/\/www.24baires.com\/index.php?rest_route=\/wp\/v2\/posts\/3012\/revisions\/3016"}],"wp:attachment":[{"href":"https:\/\/www.24baires.com\/index.php?rest_route=%2Fwp%2Fv2%2Fmedia&parent=3012"}],"wp:term":[{"taxonomy":"category","embeddable":true,"href":"https:\/\/www.24baires.com\/index.php?rest_route=%2Fwp%2Fv2%2Fcategories&post=3012"},{"taxonomy":"post_tag","embeddable":true,"href":"https:\/\/www.24baires.com\/index.php?rest_route=%2Fwp%2Fv2%2Ftags&post=3012"}],"curies":[{"name":"wp","href":"https:\/\/api.w.org\/{rel}","templated":true}]}}