{"id":30097,"date":"2013-08-13T18:00:17","date_gmt":"2013-08-13T21:00:17","guid":{"rendered":"http:\/\/www.24baires.com\/?p=30097"},"modified":"2013-08-13T14:16:14","modified_gmt":"2013-08-13T17:16:14","slug":"despues-de-las-paso","status":"publish","type":"post","link":"https:\/\/www.24baires.com\/?p=30097","title":{"rendered":"Despu\u00e9s de las PASO"},"content":{"rendered":"<p><img data-recalc-dims=\"1\" loading=\"lazy\" decoding=\"async\" class=\"aligncenter size-full wp-image-30098\" alt=\"urna3\" src=\"https:\/\/i0.wp.com\/www.24baires.com\/wp-content\/uploads\/2013\/08\/urna3.jpg?resize=560%2C315\" width=\"560\" height=\"315\" srcset=\"https:\/\/i0.wp.com\/www.24baires.com\/wp-content\/uploads\/2013\/08\/urna3.jpg?w=560&amp;ssl=1 560w, https:\/\/i0.wp.com\/www.24baires.com\/wp-content\/uploads\/2013\/08\/urna3.jpg?resize=300%2C168&amp;ssl=1 300w\" sizes=\"auto, (max-width: 560px) 100vw, 560px\" \/>Con el diario del d\u00eda siguiente, como suele decirse, resulta mucho m\u00e1s f\u00e1cil analizar los sucesos. Siempre es m\u00e1s dif\u00edcil hacerlo basados en pareceres, proyecciones y especulaciones, que es lo que solemos hacer en la previa a una elecci\u00f3n. Encuestas, datos y dem\u00e1s n\u00fameros componen la realidad que todos podemos observar, pero que no todos leemos de la misma manera, como suele pasar.<!--more--><\/p>\n<p>Las Primarias Abiertas, Simult\u00e1neas y Obligatorias ya han marcado la cancha para las pr\u00f3ximas elecciones de generales de Octubre. Hubo un claro triunfo opositor, que no se alej\u00f3 de lo que ya se barajaba en la previa del domingo, ya que Sergio Massa siempre estuvo por arriba de Mart\u00edn Insaurralde en las encuestas que se manejaban en la Provincia de Buenos Aires, o en casi todas. Empate t\u00e9cnico era el sello que los hacedores de estas informaciones impusieron en las \u00faltimas horas antes de la votaci\u00f3n. Y as\u00ed era, ya que el margen de indecisos era amplio y eso termin\u00f3 inclinando la balanza a favor de la lista del Frente Renovador en la provincia.<br \/>\nCon respecto a las otras listas que compet\u00edan, como la de De Narv\u00e1ez y la de Alfons\u00edn y Stolbizer, los n\u00fameros se acercaron bastante a lo que se preve\u00eda. Hubo una evidente polarizaci\u00f3n entre el oficialismo y Massa, que de seguro se acentuar\u00e1 en estos meses. Aunque De Narv\u00e1ez afirm\u00f3 que no se baja, el poder econ\u00f3mico y medi\u00e1tico quer\u00eda sumar sus porcentajes a los del intendente de Tigre para tranquilizar las aguas, pero el \u2018colorado\u2019 se neg\u00f3 p\u00fablicamente y el domingo, luego de votar, volvi\u00f3 a manifestar que no se bajaba de la contienda.<br \/>\nPor otro lado, el gobierno nacional mengu\u00f3 su caudal de votos en Buenos Aires y, como sucedi\u00f3 en las legislativas de 2009, perdi\u00f3. Esta vez, es una primaria, tenemos por delante m\u00e1s de dos meses de campa\u00f1a para conocer al verdadero ganador de las Elecciones 2013, que aun no existe, aunque muchos crean que est\u00e1 todo dicho, siempre es la gente la que decide al final y eso suceder\u00e1 el 27 de octubre. Pero el oficialismo no lleg\u00f3 a instalar a Mart\u00edn Insaurralde como el heredero provincial del proyecto nacional: Cristina no pudo trasladarle todos sus votos al candidato del Frente para la Victoria. Incluso muchos de los intendentes bonaerenses vendieron hacia arriba una realidad que no pudieron sostener en las urnas, como fue el caso de Gustavo Pulti, intendente del General Pueyrred\u00f3n, quien s\u00f3lo pudo acercar la mitad de los votos que obtuvo Insaurralde en su distrito con la lista en la que adher\u00eda su candidato, el resto fue sumado por los candidatos locales del Frente para la Victoria.<br \/>\nAun falta y mucho. Aunque con estos guarismos el Kirchnerismo suma m\u00e1s bancas que las que obtuvo en las legislativas anteriores, porque, aunque sac\u00f3 menos votos, las dem\u00e1s fuerzas tambi\u00e9n. El recorrido a las generales es largo, las campa\u00f1as siguen para todas las fuerzas que pasaron las PASO, y en pol\u00edtica nada est\u00e1 dicho, nada es definitivo, hasta que finalmente sucede.<\/p>\n","protected":false},"excerpt":{"rendered":"<p>Con el diario del d\u00eda siguiente, como suele decirse, resulta mucho m\u00e1s f\u00e1cil analizar los sucesos. Siempre es m\u00e1s dif\u00edcil hacerlo basados en pareceres, proyecciones y especulaciones, que es lo que solemos hacer en la previa a una elecci\u00f3n. Encuestas, datos y dem\u00e1s n\u00fameros componen la realidad que todos podemos observar, pero que no todos leemos de la misma manera, [&#8230;]<\/p>\n","protected":false},"author":4,"featured_media":0,"comment_status":"open","ping_status":"open","sticky":false,"template":"","format":"standard","meta":{"_jetpack_newsletter_access":"","_jetpack_dont_email_post_to_subs":false,"_jetpack_newsletter_tier_id":0,"_jetpack_memberships_contains_paywalled_content":false,"_jetpack_memberships_contains_paid_content":false,"footnotes":""},"categories":[64],"tags":[],"class_list":["post-30097","post","type-post","status-publish","format-standard","hentry","category-opinion"],"jetpack_featured_media_url":"","jetpack_shortlink":"https:\/\/wp.me\/p2JWE0-7Pr","jetpack-related-posts":[{"id":111439,"url":"https:\/\/www.24baires.com\/?p=111439","url_meta":{"origin":30097,"position":0},"title":"Comienza la veda para las encuestas electorales","author":"AF","date":"02\/08\/2019","format":false,"excerpt":"La C\u00e1mara Nacional Electoral record\u00f3 el cronograma electoral. En las 48 horas previas a la votaci\u00f3n no se podr\u00e1n hacer m\u00e1s actos de campa\u00f1a. A partir de ma\u00f1ana, y hasta tres horas despu\u00e9s del cierre de los comicios, no podr\u00e1n publicarse \"resultados de encuestas o sondeos de opini\u00f3n, ni referirse\u2026","rel":"","context":"En \u00abPol\u00edtica\u00bb","block_context":{"text":"Pol\u00edtica","link":"https:\/\/www.24baires.com\/?cat=51"},"img":{"alt_text":"","src":"https:\/\/i0.wp.com\/www.24baires.com\/wp-content\/uploads\/2013\/08\/urna3.jpg?resize=350%2C200","width":350,"height":200,"srcset":"https:\/\/i0.wp.com\/www.24baires.com\/wp-content\/uploads\/2013\/08\/urna3.jpg?resize=350%2C200 1x, https:\/\/i0.wp.com\/www.24baires.com\/wp-content\/uploads\/2013\/08\/urna3.jpg?resize=525%2C300 1.5x"},"classes":[]},{"id":63467,"url":"https:\/\/www.24baires.com\/?p=63467","url_meta":{"origin":30097,"position":1},"title":"Frente para la Victoria es la fuerza con m\u00e1s intenci\u00f3n de voto","author":"GB","date":"22\/03\/2015","format":false,"excerpt":"Una encuesta elaborada por la consultora Poliarqu\u00eda arroja que el Frente para la Victoria es la fuerza nacional con mayor intenci\u00f3n de voto tanto en las PASO como en las elecciones generales de octubre. La consultora Poliarqu\u00eda difundi\u00f3 una muestra nacional sobre preferencias electorales de cara a las primarias abiertas\u2026","rel":"","context":"En \u00abPol\u00edtica\u00bb","block_context":{"text":"Pol\u00edtica","link":"https:\/\/www.24baires.com\/?cat=51"},"img":{"alt_text":"URNAS VOTOS","src":"https:\/\/i0.wp.com\/www.24baires.com\/wp-content\/uploads\/2013\/06\/URNAS-VOTOS.jpg?resize=350%2C200","width":350,"height":200,"srcset":"https:\/\/i0.wp.com\/www.24baires.com\/wp-content\/uploads\/2013\/06\/URNAS-VOTOS.jpg?resize=350%2C200 1x, https:\/\/i0.wp.com\/www.24baires.com\/wp-content\/uploads\/2013\/06\/URNAS-VOTOS.jpg?resize=525%2C300 1.5x"},"classes":[]},{"id":75133,"url":"https:\/\/www.24baires.com\/?p=75133","url_meta":{"origin":30097,"position":2},"title":"Analistas estiman que el debate tendr\u00e1 escasa influencia en el balotaje","author":"GB","date":"16\/11\/2015","format":false,"excerpt":"Zuleta Puceiro, Luis Costa, Mario Riorda y Marcelo Elisalde coincidieron en estimar, aunque con matices, que el debate entre Daniel Scioli y Mauricio Macri tendr\u00e1 escasa influencia en las preferencias electorales hacia el balotaje del domingo pr\u00f3ximo. Zuleta Puceiro consider\u00f3 que ambos candidatos presidenciales fueron al debate con \"objetivos t\u00e1cticos\u2026","rel":"","context":"En \u00abElecciones 2015\u00bb","block_context":{"text":"Elecciones 2015","link":"https:\/\/www.24baires.com\/?cat=74"},"img":{"alt_text":"","src":"","width":0,"height":0},"classes":[]},{"id":25923,"url":"https:\/\/www.24baires.com\/?p=25923","url_meta":{"origin":30097,"position":3},"title":"Una encuesta revela que el 56,1% de los que ya decidieron su voto lo hace por el kirchnerismo","author":"Grupo Sierra","date":"14\/06\/2013","format":false,"excerpt":"Una encuesta realizada por la Consultora Ceis en el \u00e1rea de la Ciudad Aut\u00f3noma de Buenos Aires y el conurbano durante el presente mes de junio previo al cierre y conformaci\u00f3n de alianzas, revel\u00f3 que un 38% de las personas ya tienen decidido su voto para las elecciones legislativas de\u2026","rel":"","context":"En \u00abPol\u00edtica\u00bb","block_context":{"text":"Pol\u00edtica","link":"https:\/\/www.24baires.com\/?cat=51"},"img":{"alt_text":"encuesta junio","src":"https:\/\/i0.wp.com\/www.24baires.com\/wp-content\/uploads\/2013\/06\/encuesta-junio.jpg?resize=350%2C200","width":350,"height":200,"srcset":"https:\/\/i0.wp.com\/www.24baires.com\/wp-content\/uploads\/2013\/06\/encuesta-junio.jpg?resize=350%2C200 1x, https:\/\/i0.wp.com\/www.24baires.com\/wp-content\/uploads\/2013\/06\/encuesta-junio.jpg?resize=525%2C300 1.5x"},"classes":[]},{"id":111174,"url":"https:\/\/www.24baires.com\/?p=111174","url_meta":{"origin":30097,"position":4},"title":"Una encuesta local da primera a Raverta y segundo a Montenegro en Mar del Plata","author":"GB","date":"15\/07\/2019","format":false,"excerpt":"Pero si se suman los votos de Montenegro y Baragiola, Juntos por el Cambio se impondr\u00eda ante el Frente de Todos. Una encuesta a nivel local da primera en las PASO a la precandidata a intendente del Frente de Todos Fernanda Raverta y segundo al precandidato de Juntos por el\u2026","rel":"","context":"En \u00abElecciones\u00bb","block_context":{"text":"Elecciones","link":"https:\/\/www.24baires.com\/?cat=316"},"img":{"alt_text":"","src":"https:\/\/i0.wp.com\/www.24baires.com\/wp-content\/uploads\/2019\/07\/paso-mdp.jpg?resize=350%2C200","width":350,"height":200,"srcset":"https:\/\/i0.wp.com\/www.24baires.com\/wp-content\/uploads\/2019\/07\/paso-mdp.jpg?resize=350%2C200 1x, https:\/\/i0.wp.com\/www.24baires.com\/wp-content\/uploads\/2019\/07\/paso-mdp.jpg?resize=525%2C300 1.5x"},"classes":[]},{"id":104328,"url":"https:\/\/www.24baires.com\/?p=104328","url_meta":{"origin":30097,"position":5},"title":"Brasil: rechazan mantener la candidatura de Lula","author":"AF","date":"06\/09\/2018","format":false,"excerpt":"Celso de Mello dijo que el recurso presentado por la defensa del ex presidente no lleg\u00f3 todav\u00eda al STF y -por lo tanto- este no puede estudiar el caso. Los abogados de Lula intentar\u00e1n un recurso extraordinario para conseguir el objetivo. El magistrado del Supremo Tribunal Federal de Brasil, Jos\u00e9\u2026","rel":"","context":"En \u00abInternacionales\u00bb","block_context":{"text":"Internacionales","link":"https:\/\/www.24baires.com\/?cat=73"},"img":{"alt_text":"","src":"https:\/\/i0.wp.com\/www.24baires.com\/wp-content\/uploads\/2018\/04\/lula.jpg?resize=350%2C200","width":350,"height":200,"srcset":"https:\/\/i0.wp.com\/www.24baires.com\/wp-content\/uploads\/2018\/04\/lula.jpg?resize=350%2C200 1x, https:\/\/i0.wp.com\/www.24baires.com\/wp-content\/uploads\/2018\/04\/lula.jpg?resize=525%2C300 1.5x"},"classes":[]}],"jetpack_sharing_enabled":true,"jetpack_likes_enabled":true,"_links":{"self":[{"href":"https:\/\/www.24baires.com\/index.php?rest_route=\/wp\/v2\/posts\/30097","targetHints":{"allow":["GET"]}}],"collection":[{"href":"https:\/\/www.24baires.com\/index.php?rest_route=\/wp\/v2\/posts"}],"about":[{"href":"https:\/\/www.24baires.com\/index.php?rest_route=\/wp\/v2\/types\/post"}],"author":[{"embeddable":true,"href":"https:\/\/www.24baires.com\/index.php?rest_route=\/wp\/v2\/users\/4"}],"replies":[{"embeddable":true,"href":"https:\/\/www.24baires.com\/index.php?rest_route=%2Fwp%2Fv2%2Fcomments&post=30097"}],"version-history":[{"count":1,"href":"https:\/\/www.24baires.com\/index.php?rest_route=\/wp\/v2\/posts\/30097\/revisions"}],"predecessor-version":[{"id":30099,"href":"https:\/\/www.24baires.com\/index.php?rest_route=\/wp\/v2\/posts\/30097\/revisions\/30099"}],"wp:attachment":[{"href":"https:\/\/www.24baires.com\/index.php?rest_route=%2Fwp%2Fv2%2Fmedia&parent=30097"}],"wp:term":[{"taxonomy":"category","embeddable":true,"href":"https:\/\/www.24baires.com\/index.php?rest_route=%2Fwp%2Fv2%2Fcategories&post=30097"},{"taxonomy":"post_tag","embeddable":true,"href":"https:\/\/www.24baires.com\/index.php?rest_route=%2Fwp%2Fv2%2Ftags&post=30097"}],"curies":[{"name":"wp","href":"https:\/\/api.w.org\/{rel}","templated":true}]}}