{"id":3003,"date":"2012-10-23T12:04:32","date_gmt":"2012-10-23T15:04:32","guid":{"rendered":"http:\/\/www.24baires.com\/?p=3003"},"modified":"2012-10-23T12:04:32","modified_gmt":"2012-10-23T15:04:32","slug":"solicitan-al-concejo-de-azul-que-impulse-la-democratizacion-de-los-contenidos-audiovisuales-locales","status":"publish","type":"post","link":"https:\/\/www.24baires.com\/?p=3003","title":{"rendered":"Solicitan al Concejo de Azul que impulse la &#8216;democratizaci\u00f3n&#8217; de los contenidos audiovisuales locales"},"content":{"rendered":"<p>La C\u00e1mara Argentina de Televisi\u00f3n Digital (CATD) solicit\u00f3 al Concejo Deliberante de Azul que se \u00abdemocraticen los contenidos audiovisuales\u00bb en dicho partido y se impulse la generaci\u00f3n de producciones locales, para que todos los vecinos puedan ejercer \u00abel derecho de elegir c\u00f3mo y con qui\u00e9n informarse\u00bb.<!--more--><\/p>\n<p>A trav\u00e9s de una carta firmada por Miguel Di Spalatro, \u00a0miembro de la Comisi\u00f3n Directiva de la CATD, y dirigida al presidente del Concejo, Alejandro Lozano, aseguran que \u00abver\u00edamos con agrado que el Concejo Deliberante de Azul, considerara la posibilidad de recomendar al ejecutivo la inmediata relocalizaci\u00f3n de la antena comunitaria repetidora de Canal 7 y arbitre los medios para que a trav\u00e9s de un llamado a concurso de productoras locales, la conformaci\u00f3n de cooperativas de trabajo, o de la manera que considere conveniente y apropiado , se democraticen los contenidos audiovisuales en el partido de Azul, generando otro noticiero local y una cobertura de las sesiones del concejo deliberante que no est\u00e9n limitadas por el pago del abono al cable.\u00bb<\/p>\n<p>En el partido de Azul son dos las se\u00f1ales que generan contenido local: \u00abSomos Azul\u00bb, perteneciente a Cablevisi\u00f3n y Canal 4 de Chillar. \u00abPero entre ellas existe una diferencia sustancial. La primera es parte de los 240 sistemas de cable que constituyen parte del monopolio de la informaci\u00f3n m\u00e1s grande del pa\u00eds y del mundo, que deber\u00e1 adecuarse a la Ley 26.522 antes del 7 de Diciembre de 2012. La otra, es una empresa local, micro Pyme, sostenida con el trabajo incansable del propio titular de la licencia, vecino del lugar, don Jorge Cubur\u00fa y su gente.\u00bb, asegura la carta.<\/p>\n<p>\u00abEsta generaci\u00f3n de nuevas fuentes de trabajo y de desarrollo de la industria audiovisual en Azul, que estar\u00eda en sinton\u00eda con las pol\u00edticas de fomento de la actividad que se implementan desde la naci\u00f3n, no van en desmedro de nadie, por el contrario permitir\u00e1n que convivan el actual noticiero y dem\u00e1s producciones de \u201cCablevisi\u00f3n Somos Azul\u201d , con otras miradas sobre la misma realidad, beneficiando no solo a los habitantes de Chillar sino a todos los del partido de Azul, que podr\u00e1n ejercer el derecho de elegir c\u00f3mo y con qui\u00e9n informarse.\u00bb, finaliza la misiva.<\/p>\n","protected":false},"excerpt":{"rendered":"<p>La C\u00e1mara Argentina de Televisi\u00f3n Digital (CATD) solicit\u00f3 al Concejo Deliberante de Azul que se \u00abdemocraticen los contenidos audiovisuales\u00bb en dicho partido y se impulse la generaci\u00f3n de producciones locales, para que todos los vecinos puedan ejercer \u00abel derecho de elegir c\u00f3mo y con qui\u00e9n informarse\u00bb.<\/p>\n","protected":false},"author":4,"featured_media":0,"comment_status":"open","ping_status":"open","sticky":false,"template":"","format":"standard","meta":{"_jetpack_newsletter_access":"","_jetpack_dont_email_post_to_subs":false,"_jetpack_newsletter_tier_id":0,"_jetpack_memberships_contains_paywalled_content":false,"_jetpack_memberships_contains_paid_content":false,"footnotes":""},"categories":[54],"tags":[],"class_list":["post-3003","post","type-post","status-publish","format-standard","hentry","category-medios"],"jetpack_featured_media_url":"","jetpack_shortlink":"https:\/\/wp.me\/p2JWE0-Mr","jetpack-related-posts":[{"id":35658,"url":"https:\/\/www.24baires.com\/?p=35658","url_meta":{"origin":3003,"position":0},"title":"El Concejo Deliberante de Azul denunciar\u00e1 penalmente al Intendente Inza","author":"GB","date":"24\/11\/2013","format":false,"excerpt":"Personal de carrera del legislativo local realizar\u00e1 una denuncia contra el Jefe Comunal por intento de obstruir la labor legislativa. Tambi\u00e9n ser\u00e1 por los da\u00f1os que el jueves pasado caus\u00f3 un grupo de militantes al querer entrar por la fuerza al recinto. La presentaci\u00f3n ser\u00e1 realizada este martes. A partir\u2026","rel":"","context":"En \u00abLocales\u00bb","block_context":{"text":"Locales","link":"https:\/\/www.24baires.com\/?cat=38"},"img":{"alt_text":"cd azul","src":"https:\/\/i0.wp.com\/www.24baires.com\/wp-content\/uploads\/2013\/11\/cd-azul-300x187.jpg?resize=350%2C200","width":350,"height":200},"classes":[]},{"id":7208,"url":"https:\/\/www.24baires.com\/?p=7208","url_meta":{"origin":3003,"position":1},"title":"Foro de Medios en Azul","author":"AF","date":"29\/11\/2012","format":false,"excerpt":"Este viernes 30 se realizar\u00e1 en Azul un Foro Popular y Abierto por la plena aplicaci\u00f3n de la Ley de Medios, bajo el lema \u201cEl 7D todos dentro de la Ley\u201d. Organizado por ARBIA, IMFC, Red PAR, AraMdP y FecoopTV, el foro se desarrollar\u00e1 en el recinto del Honorable Concejo\u2026","rel":"","context":"En \u00abMedios\u00bb","block_context":{"text":"Medios","link":"https:\/\/www.24baires.com\/?cat=54"},"img":{"alt_text":"","src":"","width":0,"height":0},"classes":[]},{"id":106576,"url":"https:\/\/www.24baires.com\/?p=106576","url_meta":{"origin":3003,"position":2},"title":"Renunci\u00f3 el presidente del Concejo Deliberante platense por una denuncia de acoso sexual","author":"AF","date":"28\/01\/2019","format":false,"excerpt":"Fernando Ponce dej\u00f3 su cargo despu\u00e9s de que se conociera la presentaci\u00f3n de una ex empleada. Tambi\u00e9n hab\u00eda atacado a una concejal por estar casada con un ex funcionario del kirchnerismo. Acorralado por denuncias en su contra por acoso sexual, renunci\u00f3 la semana pasada el presidente del Concejo Deliberante de\u2026","rel":"","context":"En \u00abLocales\u00bb","block_context":{"text":"Locales","link":"https:\/\/www.24baires.com\/?cat=38"},"img":{"alt_text":"","src":"https:\/\/i0.wp.com\/www.24baires.com\/wp-content\/uploads\/2019\/01\/ponce-la-plata.jpg?resize=350%2C200","width":350,"height":200,"srcset":"https:\/\/i0.wp.com\/www.24baires.com\/wp-content\/uploads\/2019\/01\/ponce-la-plata.jpg?resize=350%2C200 1x, https:\/\/i0.wp.com\/www.24baires.com\/wp-content\/uploads\/2019\/01\/ponce-la-plata.jpg?resize=525%2C300 1.5x"},"classes":[]},{"id":101836,"url":"https:\/\/www.24baires.com\/?p=101836","url_meta":{"origin":3003,"position":3},"title":"San Mart\u00edn declar\u00f3 la Emergencia Tarifaria","author":"GB","date":"26\/04\/2018","format":false,"excerpt":"El Concejo Deliberante sancion\u00f3 la iniciativa impulsada por el bloque de Unidad Ciudadana. Cambiemos vot\u00f3 en contra. El Concejo Deliberante de San Mart\u00edn aprob\u00f3 ayer un proyecto de ordenanza presentado por Unidad Ciudadana para declarar la Emergencia Tarifaria en el distrito por el plazo de un a\u00f1o. El proyecto establece\u2026","rel":"","context":"En \u00abMunicipios\u00bb","block_context":{"text":"Municipios","link":"https:\/\/www.24baires.com\/?cat=44"},"img":{"alt_text":"","src":"https:\/\/i0.wp.com\/www.24baires.com\/wp-content\/uploads\/2018\/04\/san-martin.jpg?resize=350%2C200","width":350,"height":200,"srcset":"https:\/\/i0.wp.com\/www.24baires.com\/wp-content\/uploads\/2018\/04\/san-martin.jpg?resize=350%2C200 1x, https:\/\/i0.wp.com\/www.24baires.com\/wp-content\/uploads\/2018\/04\/san-martin.jpg?resize=525%2C300 1.5x"},"classes":[]},{"id":101648,"url":"https:\/\/www.24baires.com\/?p=101648","url_meta":{"origin":3003,"position":4},"title":"Villa Gesell declar\u00f3 la emergencia tarifaria por un a\u00f1o","author":"GB","date":"17\/04\/2018","format":false,"excerpt":"El Concejo Deliberante de Villa Gesell aprob\u00f3 la iniciativa por unanimidad y le exigi\u00f3 a Macri y a Vidal que suspendan los aumentos vigentes. Los tarifazos autorizados por Cambiemos empezaron a encontrar resistencia en los municipios bonaerenses. El Concejo Deliberante de Villa Gesell, distrito gobernado por el peronista Gustavo Barrera,\u2026","rel":"","context":"En \u00abMunicipios\u00bb","block_context":{"text":"Municipios","link":"https:\/\/www.24baires.com\/?cat=44"},"img":{"alt_text":"","src":"https:\/\/i0.wp.com\/www.24baires.com\/wp-content\/uploads\/2016\/03\/electricidad.jpg?resize=350%2C200","width":350,"height":200,"srcset":"https:\/\/i0.wp.com\/www.24baires.com\/wp-content\/uploads\/2016\/03\/electricidad.jpg?resize=350%2C200 1x, https:\/\/i0.wp.com\/www.24baires.com\/wp-content\/uploads\/2016\/03\/electricidad.jpg?resize=525%2C300 1.5x"},"classes":[]},{"id":7638,"url":"https:\/\/www.24baires.com\/?p=7638","url_meta":{"origin":3003,"position":5},"title":"El Foro de Medios en Azul se transmiti\u00f3 por primera vez por la Antena de TV Municipal","author":"Grupo Sierra","date":"02\/12\/2012","format":false,"excerpt":"Con la presencia del Consejero, del Consejo Federal de Comunicaci\u00f3n Audiovisual, Osvaldo Franc\u00e9s, presidente de Asociaci\u00f3n de Radiodifusoras Bonaerenses y del Interior de la Rep\u00fablica Argentina (ARBIA) y de la Confederaci\u00f3n de Radios y Medios de Comunicaci\u00f3n CoRaMeCO, se realiz\u00f3 en la ciudad de Azul un nuevo foro para esclarecer\u2026","rel":"","context":"En \u00abMedios\u00bb","block_context":{"text":"Medios","link":"https:\/\/www.24baires.com\/?cat=54"},"img":{"alt_text":"","src":"https:\/\/i0.wp.com\/www.24baires.com\/wp-content\/uploads\/2012\/12\/foro-azul-7D-300x225.jpg?resize=350%2C200","width":350,"height":200},"classes":[]}],"jetpack_sharing_enabled":true,"jetpack_likes_enabled":true,"_links":{"self":[{"href":"https:\/\/www.24baires.com\/index.php?rest_route=\/wp\/v2\/posts\/3003","targetHints":{"allow":["GET"]}}],"collection":[{"href":"https:\/\/www.24baires.com\/index.php?rest_route=\/wp\/v2\/posts"}],"about":[{"href":"https:\/\/www.24baires.com\/index.php?rest_route=\/wp\/v2\/types\/post"}],"author":[{"embeddable":true,"href":"https:\/\/www.24baires.com\/index.php?rest_route=\/wp\/v2\/users\/4"}],"replies":[{"embeddable":true,"href":"https:\/\/www.24baires.com\/index.php?rest_route=%2Fwp%2Fv2%2Fcomments&post=3003"}],"version-history":[{"count":3,"href":"https:\/\/www.24baires.com\/index.php?rest_route=\/wp\/v2\/posts\/3003\/revisions"}],"predecessor-version":[{"id":3006,"href":"https:\/\/www.24baires.com\/index.php?rest_route=\/wp\/v2\/posts\/3003\/revisions\/3006"}],"wp:attachment":[{"href":"https:\/\/www.24baires.com\/index.php?rest_route=%2Fwp%2Fv2%2Fmedia&parent=3003"}],"wp:term":[{"taxonomy":"category","embeddable":true,"href":"https:\/\/www.24baires.com\/index.php?rest_route=%2Fwp%2Fv2%2Fcategories&post=3003"},{"taxonomy":"post_tag","embeddable":true,"href":"https:\/\/www.24baires.com\/index.php?rest_route=%2Fwp%2Fv2%2Ftags&post=3003"}],"curies":[{"name":"wp","href":"https:\/\/api.w.org\/{rel}","templated":true}]}}