{"id":2998,"date":"2012-10-23T12:10:11","date_gmt":"2012-10-23T15:10:11","guid":{"rendered":"http:\/\/www.24baires.com\/?p=2998"},"modified":"2012-10-23T14:46:31","modified_gmt":"2012-10-23T17:46:31","slug":"pulti-paredi-hogan-y-rodriguez-juntos-por-tellechea","status":"publish","type":"post","link":"https:\/\/www.24baires.com\/?p=2998","title":{"rendered":"Pulti, Paredi, Hogan y Rodr\u00edguez juntos por Tellechea"},"content":{"rendered":"<p><img data-recalc-dims=\"1\" loading=\"lazy\" decoding=\"async\" class=\"aligncenter size-full wp-image-3000\" title=\"tellechea\" src=\"https:\/\/i0.wp.com\/www.24baires.com\/wp-content\/uploads\/2012\/10\/tellechea.jpg?resize=450%2C300\" alt=\"\" width=\"450\" height=\"300\" srcset=\"https:\/\/i0.wp.com\/www.24baires.com\/wp-content\/uploads\/2012\/10\/tellechea.jpg?w=450&amp;ssl=1 450w, https:\/\/i0.wp.com\/www.24baires.com\/wp-content\/uploads\/2012\/10\/tellechea.jpg?resize=300%2C200&amp;ssl=1 300w\" sizes=\"auto, (max-width: 450px) 100vw, 450px\" \/><\/p>\n<p>Intendentes de la Quinta Secci\u00f3n electoral se reunir\u00e1n este martes en Necochea para respaldar a su par de esa localidad, Horacio Tellechea, quien afronta una comisi\u00f3n investigadora por irregularidades en la compra de instrumental m\u00e9dico para el hospital necochense.<\/p>\n<p><!--more--><\/p>\n<p>El intendente de Mar Chiquita, Jorge Paredi, confirm\u00f3 que hoy los jefes comunales viajar\u00e1n a la ciudad costera para hacer una defensa del intendente que ser\u00e1 investigado por el Concejo Deliberante.<\/p>\n<p>Del encuentro participar\u00e1n, adem\u00e1s de Paredi, los intendentes Gustavo Pulti (General Pueyrred\u00f3n), Hugo Rodr\u00edguez (Lober\u00eda) y Patricio Hogan (General Alvarado).<\/p>\n<p>Cabe recordar que la semana pasada el propio gobernador Daniel Scioli expres\u00f3 su respaldo a Tellechea, ante la decisi\u00f3n del Concejo Deliberante local de crear una comisi\u00f3n investigadora que acusa al mandatario por irregularidades en su gesti\u00f3n.<\/p>\n<p>\u201cMe reun\u00ed con el intendente porque soy un defensor ac\u00e9rrimo de la institucionalidad y gobernabilidad\u201d, sostuvo Scioli, tras reunirse en Casa de Gobierno con el alcalde necochense. \u201cEsto es la mayor solidaridad y acompa\u00f1amiento de todos nosotros, y vamos a trabajar para que prevalezca la mayor racionalidad, en el marco del respeto del Estado de derecho y de la ley, no de maniobras que se est\u00e1n llevando adelante con un claro objetivo pol\u00edtico\u201d, remarc\u00f3.<\/p>\n","protected":false},"excerpt":{"rendered":"<p>Intendentes de la Quinta Secci\u00f3n electoral se reunir\u00e1n este martes en Necochea para respaldar a su par de esa localidad, Horacio Tellechea, quien afronta una comisi\u00f3n investigadora por irregularidades en la compra de instrumental m\u00e9dico para el hospital necochense.<\/p>\n","protected":false},"author":4,"featured_media":0,"comment_status":"open","ping_status":"open","sticky":false,"template":"","format":"standard","meta":{"_jetpack_newsletter_access":"","_jetpack_dont_email_post_to_subs":false,"_jetpack_newsletter_tier_id":0,"_jetpack_memberships_contains_paywalled_content":false,"_jetpack_memberships_contains_paid_content":false,"footnotes":""},"categories":[51],"tags":[],"class_list":["post-2998","post","type-post","status-publish","format-standard","hentry","category-politica"],"jetpack_featured_media_url":"","jetpack_shortlink":"https:\/\/wp.me\/p2JWE0-Mm","jetpack-related-posts":[{"id":2930,"url":"https:\/\/www.24baires.com\/?p=2930","url_meta":{"origin":2998,"position":0},"title":"Intendentes de la Quinta Secci\u00f3n van en respaldo de Tellechea","author":"Grupo Sierra","date":"22\/10\/2012","format":false,"excerpt":"Los jefes comunales de la Quinta Secci\u00f3n electoral, viajar\u00e1n a Necochea para respaldar al intendente local Horacio Tellechea quien, dijo que puede ser destituido. Sus pares adjudicaron que el intento de desplazarlo de la intendencia responde m\u00e1s a \u201crazones pol\u00edticas\u201d que administrativas. Llegar\u00e1n al municipio, el jefe comunal de Mar\u2026","rel":"","context":"En \u00abPol\u00edtica\u00bb","block_context":{"text":"Pol\u00edtica","link":"https:\/\/www.24baires.com\/?cat=51"},"img":{"alt_text":"","src":"https:\/\/i0.wp.com\/www.24baires.com\/wp-content\/uploads\/2012\/10\/tellechea-necochea-la.jpg?resize=350%2C200","width":350,"height":200,"srcset":"https:\/\/i0.wp.com\/www.24baires.com\/wp-content\/uploads\/2012\/10\/tellechea-necochea-la.jpg?resize=350%2C200 1x, https:\/\/i0.wp.com\/www.24baires.com\/wp-content\/uploads\/2012\/10\/tellechea-necochea-la.jpg?resize=525%2C300 1.5x"},"classes":[]},{"id":3844,"url":"https:\/\/www.24baires.com\/?p=3844","url_meta":{"origin":2998,"position":1},"title":"Intendentes bonaerenses negaron haber sido &#8216;obligados&#8217; a apoyar a Tellechea","author":"AF","date":"30\/10\/2012","format":false,"excerpt":"Tras la denuncia del concejal de Necochea, Alejandro Issin (Uni\u00f3n Peronista), quien afirm\u00f3 que los jefes comunales de la regi\u00f3n fueron \u201cobligados\u201d a participar del acto apoyo al alcalde necochense Horacio Tellechea realizado la semana pasada, los mandatarios municipales que participaron de ese encuentro salieron al cruce. \u201cFuimos por propia\u2026","rel":"","context":"En \u00abPol\u00edtica\u00bb","block_context":{"text":"Pol\u00edtica","link":"https:\/\/www.24baires.com\/?cat=51"},"img":{"alt_text":"","src":"https:\/\/i0.wp.com\/www.24baires.com\/wp-content\/uploads\/2012\/10\/tellechea-2-300x211.jpg?resize=350%2C200","width":350,"height":200},"classes":[]},{"id":5792,"url":"https:\/\/www.24baires.com\/?p=5792","url_meta":{"origin":2998,"position":2},"title":"Tellechea sigue desconociendo la Comisi\u00f3n que lo investiga y podr\u00eda ser suspendido","author":"AF","date":"17\/11\/2012","format":false,"excerpt":"NECOCHEA - Lejos de ceder, la crisis institucional sigue ganando temperatura en Necochea. Es que mientras el intendente Horacio Tellechea present\u00f3 un conflicto de poderes ante la Suprema Corte en rechazo a la comisi\u00f3n integrada por concejales que lo investiga, trascendi\u00f3 que los ediles opositores podr\u00edan avanzar en las pr\u00f3ximas\u2026","rel":"","context":"En \u00abMunicipios\u00bb","block_context":{"text":"Municipios","link":"https:\/\/www.24baires.com\/?cat=44"},"img":{"alt_text":"","src":"https:\/\/i0.wp.com\/www.24baires.com\/wp-content\/uploads\/2012\/11\/tellechea-300x200.jpg?resize=350%2C200","width":350,"height":200},"classes":[]},{"id":16394,"url":"https:\/\/www.24baires.com\/?p=16394","url_meta":{"origin":2998,"position":3},"title":"El intendente de Necochea, Horacio Tellechea, pidi\u00f3 a la Corte que anule su destituci\u00f3n","author":"AF","date":"22\/02\/2013","format":false,"excerpt":"\u201cLas pruebas que he presentado ante la Justicia demuestran claramente que todos los actos y actuaciones realizadas por la Comisi\u00f3n Investigadora y que culminan imput\u00e1ndome los 13 cargos, sobre los que el Concejo Deliberante me responsabiliza y decide mi destituci\u00f3n, son nulos\u201d dijo el el jefe comunal de Necochea, Horacio\u2026","rel":"","context":"En \u00abPol\u00edtica\u00bb","block_context":{"text":"Pol\u00edtica","link":"https:\/\/www.24baires.com\/?cat=51"},"img":{"alt_text":"tellechea 24ba","src":"https:\/\/i0.wp.com\/www.24baires.com\/wp-content\/uploads\/2012\/12\/tellechea-24ba.jpg?resize=350%2C200","width":350,"height":200,"srcset":"https:\/\/i0.wp.com\/www.24baires.com\/wp-content\/uploads\/2012\/12\/tellechea-24ba.jpg?resize=350%2C200 1x, https:\/\/i0.wp.com\/www.24baires.com\/wp-content\/uploads\/2012\/12\/tellechea-24ba.jpg?resize=525%2C300 1.5x"},"classes":[]},{"id":8648,"url":"https:\/\/www.24baires.com\/?p=8648","url_meta":{"origin":2998,"position":4},"title":"La comisi\u00f3n que investiga a Tellechea present\u00f3 13 cargos en su contra","author":"AF","date":"11\/12\/2012","format":false,"excerpt":"La comisi\u00f3n investigadora del Concejo Deliberante de Necochea que analiza el accionar del intendente local, Horacio Tellechea, present\u00f3 ayer 13 cargos en su contra, y ahora el jefe comunal tiene diez d\u00edas h\u00e1biles para responder. En un extenso informe de 103 fojas, la comisi\u00f3n encontr\u00f3 13 irregularidades en el accionar\u2026","rel":"","context":"En \u00abPol\u00edtica\u00bb","block_context":{"text":"Pol\u00edtica","link":"https:\/\/www.24baires.com\/?cat=51"},"img":{"alt_text":"","src":"https:\/\/i0.wp.com\/www.24baires.com\/wp-content\/uploads\/2012\/12\/tellechea-24ba-300x224.jpg?resize=350%2C200","width":350,"height":200},"classes":[]},{"id":6581,"url":"https:\/\/www.24baires.com\/?p=6581","url_meta":{"origin":2998,"position":5},"title":"Se impuso el &#8216;Momo&#8217; Venegas y suspenden al Intendente de Necochea por 90 d\u00edas","author":"Grupo Sierra","date":"23\/11\/2012","format":false,"excerpt":"La oposici\u00f3n impuso su mayor\u00eda esta noche en una sesi\u00f3n especial del Concejo Deliberante local y dio un nuevo paso en su plan destituyente. Desde el Municipio calificaron la acci\u00f3n como \u201cun golpe a la Presidenta\u201d y ya se preparan para apelar ante la Suprema Corte bonaerense el pr\u00f3ximo martes.\u2026","rel":"","context":"En \u00abMunicipios\u00bb","block_context":{"text":"Municipios","link":"https:\/\/www.24baires.com\/?cat=44"},"img":{"alt_text":"","src":"https:\/\/i0.wp.com\/www.24baires.com\/wp-content\/uploads\/2012\/10\/tellechea-2-300x211.jpg?resize=350%2C200","width":350,"height":200},"classes":[]}],"jetpack_sharing_enabled":true,"jetpack_likes_enabled":true,"_links":{"self":[{"href":"https:\/\/www.24baires.com\/index.php?rest_route=\/wp\/v2\/posts\/2998","targetHints":{"allow":["GET"]}}],"collection":[{"href":"https:\/\/www.24baires.com\/index.php?rest_route=\/wp\/v2\/posts"}],"about":[{"href":"https:\/\/www.24baires.com\/index.php?rest_route=\/wp\/v2\/types\/post"}],"author":[{"embeddable":true,"href":"https:\/\/www.24baires.com\/index.php?rest_route=\/wp\/v2\/users\/4"}],"replies":[{"embeddable":true,"href":"https:\/\/www.24baires.com\/index.php?rest_route=%2Fwp%2Fv2%2Fcomments&post=2998"}],"version-history":[{"count":3,"href":"https:\/\/www.24baires.com\/index.php?rest_route=\/wp\/v2\/posts\/2998\/revisions"}],"predecessor-version":[{"id":3002,"href":"https:\/\/www.24baires.com\/index.php?rest_route=\/wp\/v2\/posts\/2998\/revisions\/3002"}],"wp:attachment":[{"href":"https:\/\/www.24baires.com\/index.php?rest_route=%2Fwp%2Fv2%2Fmedia&parent=2998"}],"wp:term":[{"taxonomy":"category","embeddable":true,"href":"https:\/\/www.24baires.com\/index.php?rest_route=%2Fwp%2Fv2%2Fcategories&post=2998"},{"taxonomy":"post_tag","embeddable":true,"href":"https:\/\/www.24baires.com\/index.php?rest_route=%2Fwp%2Fv2%2Ftags&post=2998"}],"curies":[{"name":"wp","href":"https:\/\/api.w.org\/{rel}","templated":true}]}}