{"id":29917,"date":"2013-08-10T21:15:40","date_gmt":"2013-08-11T00:15:40","guid":{"rendered":"http:\/\/www.24baires.com\/?p=29917"},"modified":"2013-08-10T21:08:02","modified_gmt":"2013-08-11T00:08:02","slug":"vino-educativo","status":"publish","type":"post","link":"https:\/\/www.24baires.com\/?p=29917","title":{"rendered":"Vino educativo"},"content":{"rendered":"<p style=\"text-align: center;\"><img data-recalc-dims=\"1\" loading=\"lazy\" decoding=\"async\" class=\"aligncenter  wp-image-29920\" alt=\"vino (1)\" src=\"https:\/\/i0.wp.com\/www.24baires.com\/wp-content\/uploads\/2013\/08\/vino-1.jpg?resize=560%2C394\" width=\"560\" height=\"394\" \/>No se trata de un descubrimiento revolucionario de la ciencia, aunque s\u00ed de un proyecto con ansias de revoluci\u00f3n. Jos\u00e9 Manuel Ortega, propietario de las bodegas del grupo O. Fournier en Argentina, Chile y Espa\u00f1a, ha creado la Fundaci\u00f3n DOSS (por las siglas de sus integrantes). La idea es muy original. Juntar a personajes referentes del vino mundial y darles vinos de los terru\u00f1os donde la bodega produce sus vinos para crear 2000 botellas de un blend \u00fanico. <!--more--><br \/>\nEse vino, que se lanzar\u00e1 a fines de este a\u00f1o, tiene como finalidad, financiar becas a estudiantes de las mismas zonas de donde provienen las uvas. Al ide\u00f3logo se le sumaron Dany Rolland, Steven Spurrier y el en\u00f3logo de la casa Jos\u00e9 Spisso. Cada alumno deber\u00e1 regresar, al menos una vez por a\u00f1o, a su lugar de origen para compartir su experiencia y as\u00ed demostrar c\u00f3mo el estudio puede cambiar la vida de las personas. A su vez el becado, a trav\u00e9s de un contrato moral, se compromete a reintegrar todos los aportes realizados por la Fundaci\u00f3n (cuando su situaci\u00f3n econ\u00f3mica se lo permita) para darle continuidad a la iniciativa. Pero adem\u00e1s de comprar en primicia dichos vinos, se puede colaborar contribuyendo cuotas anuales.<\/p>\n<p>&nbsp;<\/p>\n<p>&nbsp;<\/p>\n<p>&nbsp;<\/p>\n<p>&nbsp;<\/p>\n<p>&nbsp;<\/p>\n<p>&nbsp;<\/p>\n<p>&nbsp;<\/p>\n<p>&nbsp;<\/p>\n<p>&nbsp;<\/p>\n<p>&nbsp;<\/p>\n<p>&nbsp;<\/p>\n<p>&nbsp;<\/p>\n<p>&nbsp;<\/p>\n<p>&nbsp;<\/p>\n","protected":false},"excerpt":{"rendered":"<p>No se trata de un descubrimiento revolucionario de la ciencia, aunque s\u00ed de un proyecto con ansias de revoluci\u00f3n. Jos\u00e9 Manuel Ortega, propietario de las bodegas del grupo O. Fournier en Argentina, Chile y Espa\u00f1a, ha creado la Fundaci\u00f3n DOSS (por las siglas de sus integrantes). La idea es muy original. Juntar a personajes referentes del vino mundial y darles [&#8230;]<\/p>\n","protected":false},"author":8,"featured_media":0,"comment_status":"open","ping_status":"open","sticky":false,"template":"","format":"standard","meta":{"_jetpack_newsletter_access":"","_jetpack_dont_email_post_to_subs":false,"_jetpack_newsletter_tier_id":0,"_jetpack_memberships_contains_paywalled_content":false,"_jetpack_memberships_contains_paid_content":false,"footnotes":""},"categories":[52],"tags":[],"class_list":["post-29917","post","type-post","status-publish","format-standard","hentry","category-cocina-vinos"],"jetpack_featured_media_url":"","jetpack_shortlink":"https:\/\/wp.me\/p2JWE0-7Mx","jetpack-related-posts":[{"id":51471,"url":"https:\/\/www.24baires.com\/?p=51471","url_meta":{"origin":29917,"position":0},"title":"Llega a Mar del Plata la degustaci\u00f3n de vino con m\u00e1s de 40 bodegas","author":"Grupo Sierra","date":"09\/08\/2014","format":false,"excerpt":"Se trata del evento WineMDQ Malbec Tasting, una degustaci\u00f3n a ciegas que invita a los amantes que siguen las rutas del vino. El pr\u00f3ximo s\u00e1bado 9 de agosto de 2013, se llevar\u00e1 a cabo en la ciudad de Mar del Plata, la quinta Megadegustaci\u00f3n de Vinos de la Republica Argentina,\u2026","rel":"","context":"En \u00abCocina &amp; Vinos\u00bb","block_context":{"text":"Cocina &amp; Vinos","link":"https:\/\/www.24baires.com\/?cat=52"},"img":{"alt_text":"vino-alcohol-copa-tomar_MUJIMA20110224_0057_24","src":"https:\/\/i0.wp.com\/www.24baires.com\/wp-content\/uploads\/2012\/09\/vino-alcohol-copa-tomar_MUJIMA20110224_0057_24.jpg?resize=350%2C200","width":350,"height":200,"srcset":"https:\/\/i0.wp.com\/www.24baires.com\/wp-content\/uploads\/2012\/09\/vino-alcohol-copa-tomar_MUJIMA20110224_0057_24.jpg?resize=350%2C200 1x, https:\/\/i0.wp.com\/www.24baires.com\/wp-content\/uploads\/2012\/09\/vino-alcohol-copa-tomar_MUJIMA20110224_0057_24.jpg?resize=525%2C300 1.5x"},"classes":[]},{"id":9805,"url":"https:\/\/www.24baires.com\/?p=9805","url_meta":{"origin":29917,"position":1},"title":"Rosados para machos: 6 vinos para vencer los prejuicios","author":"AF","date":"19\/12\/2012","format":false,"excerpt":"Que no son ni una cosa ni la otra. Que su tonalidad suave desentona en la copa de un caballero. Muchas pavadas se dicen de los vinos rosados, pero son infalibles para maridar casi cualquier plato. 1. ELEMENTOS MALBEC ROS\u00c9 2011 \/ $35 Producido en Salta por El Esteco, engancha\u2026","rel":"","context":"En \u00abCocina &amp; Vinos\u00bb","block_context":{"text":"Cocina &amp; Vinos","link":"https:\/\/www.24baires.com\/?cat=52"},"img":{"alt_text":"vinos","src":"https:\/\/i0.wp.com\/www.24baires.com\/wp-content\/uploads\/2012\/12\/vinos.jpg?resize=350%2C200","width":350,"height":200,"srcset":"https:\/\/i0.wp.com\/www.24baires.com\/wp-content\/uploads\/2012\/12\/vinos.jpg?resize=350%2C200 1x, https:\/\/i0.wp.com\/www.24baires.com\/wp-content\/uploads\/2012\/12\/vinos.jpg?resize=525%2C300 1.5x"},"classes":[]},{"id":90602,"url":"https:\/\/www.24baires.com\/?p=90602","url_meta":{"origin":29917,"position":2},"title":"Estos son los mejores vinos de Argentina","author":"GB","date":"07\/12\/2016","format":false,"excerpt":"Los consumidores votaron y eligieron cu\u00e1les son los vinos m\u00e1s ricos del pa\u00eds, seg\u00fan cada cepa. La premiaci\u00f3n se dio en el marco de los premios 2017 Wine Style de Vivino, la aplicaci\u00f3n de vinos m\u00e1s importante del mundo. Nota Relacionada: Agregaron una nueva uva a la lista para la\u2026","rel":"","context":"En \u00abCocina &amp; Vinos\u00bb","block_context":{"text":"Cocina &amp; Vinos","link":"https:\/\/www.24baires.com\/?cat=52"},"img":{"alt_text":"oler vino","src":"https:\/\/i0.wp.com\/www.24baires.com\/wp-content\/uploads\/2013\/06\/oler-vino.jpg?resize=350%2C200","width":350,"height":200,"srcset":"https:\/\/i0.wp.com\/www.24baires.com\/wp-content\/uploads\/2013\/06\/oler-vino.jpg?resize=350%2C200 1x, https:\/\/i0.wp.com\/www.24baires.com\/wp-content\/uploads\/2013\/06\/oler-vino.jpg?resize=525%2C300 1.5x"},"classes":[]},{"id":107864,"url":"https:\/\/www.24baires.com\/?p=107864","url_meta":{"origin":29917,"position":3},"title":"El vino org\u00e1nico se instala de a poco en el mercado argentino","author":"AF","date":"28\/04\/2019","format":false,"excerpt":"Por primera vez hay una variedad amplia de etiquetas, algunas de bodegas tradicionales y otras m\u00e1s modernas, para un p\u00fablico \u00e1vido de informaci\u00f3n m\u00e1s all\u00e1 del lujo. Hace una d\u00e9cada era impensado incluir la palabra \"org\u00e1nico\" entre las caracter\u00edsticas buscadas en un vino, pero en 2019 el p\u00fablico parece m\u00e1s\u2026","rel":"","context":"En \u00abCocina &amp; Vinos\u00bb","block_context":{"text":"Cocina &amp; Vinos","link":"https:\/\/www.24baires.com\/?cat=52"},"img":{"alt_text":"","src":"https:\/\/i0.wp.com\/www.24baires.com\/wp-content\/uploads\/2013\/08\/vino-1.jpg?resize=350%2C200","width":350,"height":200,"srcset":"https:\/\/i0.wp.com\/www.24baires.com\/wp-content\/uploads\/2013\/08\/vino-1.jpg?resize=350%2C200 1x, https:\/\/i0.wp.com\/www.24baires.com\/wp-content\/uploads\/2013\/08\/vino-1.jpg?resize=525%2C300 1.5x"},"classes":[]},{"id":29661,"url":"https:\/\/www.24baires.com\/?p=29661","url_meta":{"origin":29917,"position":4},"title":"Llega a Bragado la 8\u00aa Expovinos 2013","author":"AF","date":"07\/08\/2013","format":false,"excerpt":"Durante tres d\u00edas de 19 a 23 horas, en las instalaciones del Palacio Municipal, se mostrar\u00e1n diferentes l\u00edneas de vinos a visitantes de toda la regi\u00f3n. Adem\u00e1s, est\u00e1n programadas diversas actividades de tipo cultural, deportivo, comercial\/empresarial, social y de capacitaci\u00f3n, orientados a la promoci\u00f3n y concientizaci\u00f3n de la cultura del\u2026","rel":"","context":"En \u00abLocales\u00bb","block_context":{"text":"Locales","link":"https:\/\/www.24baires.com\/?cat=38"},"img":{"alt_text":"8 expovinos bragado","src":"https:\/\/i0.wp.com\/www.24baires.com\/wp-content\/uploads\/2013\/08\/8-expovinos-bragado.jpg?resize=350%2C200","width":350,"height":200,"srcset":"https:\/\/i0.wp.com\/www.24baires.com\/wp-content\/uploads\/2013\/08\/8-expovinos-bragado.jpg?resize=350%2C200 1x, https:\/\/i0.wp.com\/www.24baires.com\/wp-content\/uploads\/2013\/08\/8-expovinos-bragado.jpg?resize=525%2C300 1.5x"},"classes":[]},{"id":56151,"url":"https:\/\/www.24baires.com\/?p=56151","url_meta":{"origin":29917,"position":5},"title":"El 30 de octubre, comenzar\u00e1 la nueva feria Vinos &#038; Bodegas en La Rural","author":"GB","date":"28\/10\/2014","format":false,"excerpt":"Del 30 de octubre al 1 de noviembre, Bodegas de Argentina y La Rural, Predio Ferial de Buenos Aires, presentan la 14\u00b0 edici\u00f3n de Vinos y Bodegas, con un formato renovado y con contenidos adaptados a las nuevas tendencias y estilos de consumo. Pensado para disfrutar del mundo del vino\u2026","rel":"","context":"En \u00abCocina &amp; Vinos\u00bb","block_context":{"text":"Cocina &amp; Vinos","link":"https:\/\/www.24baires.com\/?cat=52"},"img":{"alt_text":"vinos","src":"https:\/\/i0.wp.com\/www.24baires.com\/wp-content\/uploads\/2014\/10\/vinos.jpg?resize=350%2C200","width":350,"height":200,"srcset":"https:\/\/i0.wp.com\/www.24baires.com\/wp-content\/uploads\/2014\/10\/vinos.jpg?resize=350%2C200 1x, https:\/\/i0.wp.com\/www.24baires.com\/wp-content\/uploads\/2014\/10\/vinos.jpg?resize=525%2C300 1.5x"},"classes":[]}],"jetpack_sharing_enabled":true,"jetpack_likes_enabled":true,"_links":{"self":[{"href":"https:\/\/www.24baires.com\/index.php?rest_route=\/wp\/v2\/posts\/29917","targetHints":{"allow":["GET"]}}],"collection":[{"href":"https:\/\/www.24baires.com\/index.php?rest_route=\/wp\/v2\/posts"}],"about":[{"href":"https:\/\/www.24baires.com\/index.php?rest_route=\/wp\/v2\/types\/post"}],"author":[{"embeddable":true,"href":"https:\/\/www.24baires.com\/index.php?rest_route=\/wp\/v2\/users\/8"}],"replies":[{"embeddable":true,"href":"https:\/\/www.24baires.com\/index.php?rest_route=%2Fwp%2Fv2%2Fcomments&post=29917"}],"version-history":[{"count":2,"href":"https:\/\/www.24baires.com\/index.php?rest_route=\/wp\/v2\/posts\/29917\/revisions"}],"predecessor-version":[{"id":29921,"href":"https:\/\/www.24baires.com\/index.php?rest_route=\/wp\/v2\/posts\/29917\/revisions\/29921"}],"wp:attachment":[{"href":"https:\/\/www.24baires.com\/index.php?rest_route=%2Fwp%2Fv2%2Fmedia&parent=29917"}],"wp:term":[{"taxonomy":"category","embeddable":true,"href":"https:\/\/www.24baires.com\/index.php?rest_route=%2Fwp%2Fv2%2Fcategories&post=29917"},{"taxonomy":"post_tag","embeddable":true,"href":"https:\/\/www.24baires.com\/index.php?rest_route=%2Fwp%2Fv2%2Ftags&post=29917"}],"curies":[{"name":"wp","href":"https:\/\/api.w.org\/{rel}","templated":true}]}}