{"id":29902,"date":"2013-08-10T21:00:24","date_gmt":"2013-08-11T00:00:24","guid":{"rendered":"http:\/\/www.24baires.com\/?p=29902"},"modified":"2013-08-10T20:46:17","modified_gmt":"2013-08-10T23:46:17","slug":"se-firmo-un-acuerdo-de-cooperacion-entre-arbia-y-la-defensoria-del-publico-de-servicios-de-comunicacion-audiovisual","status":"publish","type":"post","link":"https:\/\/www.24baires.com\/?p=29902","title":{"rendered":"Se firm\u00f3 un acuerdo de cooperaci\u00f3n entre ARBIA y la Defensor\u00eda del P\u00fablico"},"content":{"rendered":"<p><img data-recalc-dims=\"1\" loading=\"lazy\" decoding=\"async\" class=\"alignleft size-medium wp-image-29905\" alt=\"ARBIA\" src=\"https:\/\/i0.wp.com\/www.24baires.com\/wp-content\/uploads\/2013\/08\/ARBIA.jpg?resize=300%2C274\" width=\"300\" height=\"274\" srcset=\"https:\/\/i0.wp.com\/www.24baires.com\/wp-content\/uploads\/2013\/08\/ARBIA.jpg?resize=300%2C274&amp;ssl=1 300w, https:\/\/i0.wp.com\/www.24baires.com\/wp-content\/uploads\/2013\/08\/ARBIA.jpg?w=413&amp;ssl=1 413w\" sizes=\"auto, (max-width: 300px) 100vw, 300px\" \/>La Defensora del P\u00fablico de Servicios de Comunicaci\u00f3n Audiovisual, Lic. Cynthia Ottaviano y el Presidente de ARBIA, Osvaldo Franc\u00e9s, suscribieron la semana pasada, en la sede de la defensor\u00eda en la Capital Federal, un Convenio de Cooperaci\u00f3n Institucional, por el cual se oficializa el trabajo que desde el mismo momento de creaci\u00f3n de la defensor\u00eda se viene realizando en forma conjunta. <!--more--><\/p>\n<p>El documento formaliza la colaboraci\u00f3n y asistencia entre las partes a los efectos de coordinar y articular todas aquellas tareas necesarias para impulsar y fortalecer institucionalmente el derecho a la informaci\u00f3n, a la comunicaci\u00f3n y los valores de la libertad de expresi\u00f3n, as\u00ed como la implementaci\u00f3n de la Ley N\u00ba 26.522 de Servicios de Comunicaci\u00f3n Audiovisual.<\/p>\n<p>Ottaviano y Franc\u00e9s reafirmaron el compromiso de seguir trabajando por la plena aplicaci\u00f3n de la Ley de Servicios de Comunicaci\u00f3n Audiovisual. \u201cNosotros, los radiodifusores pymes, elegimos seguir haciendo\u201d, dijo el titular de la Asociaci\u00f3n de Radiodifusoras Bonaerenses y del Interior de la Rep\u00fablica Argentina en una parte de su alocuci\u00f3n. Por su parte Octaviano celebr\u00f3 el trabajo conjunto con las organizaciones que incluye la realizaci\u00f3n conjunta de actividades de capacitaci\u00f3n, campa\u00f1as de difusi\u00f3n y tareas de concientizaci\u00f3n, y de participaci\u00f3n, para la divulgaci\u00f3n del conocimiento sobre los derechos y valores de la Ley de Servicios de Comunicaci\u00f3n Audiovisual.<\/p>\n<p>Del acto participaron tambi\u00e9n el Presidente de la C\u00e1mara Argentina de Televisi\u00f3n Digital, Mario Valiente, el Secretario de ARBIA, Daniel Ju\u00e1rez y miembros de la comisi\u00f3n directiva como as\u00ed tambi\u00e9n radiodifusores socios de ARBIA.Como se sabe la Defensor\u00eda del P\u00fablico es el lugar que la Ley 26.522 destin\u00f3 para que los oyentes y televidentes puedan presentar sus consultas, reclamos y denuncias referidos al comportamiento de los medios de comunicaci\u00f3n<\/p>\n","protected":false},"excerpt":{"rendered":"<p>La Defensora del P\u00fablico de Servicios de Comunicaci\u00f3n Audiovisual, Lic. Cynthia Ottaviano y el Presidente de ARBIA, Osvaldo Franc\u00e9s, suscribieron la semana pasada, en la sede de la defensor\u00eda en la Capital Federal, un Convenio de Cooperaci\u00f3n Institucional, por el cual se oficializa el trabajo que desde el mismo momento de creaci\u00f3n de la defensor\u00eda se viene realizando en forma [&#8230;]<\/p>\n","protected":false},"author":8,"featured_media":0,"comment_status":"open","ping_status":"open","sticky":false,"template":"","format":"standard","meta":{"_jetpack_newsletter_access":"","_jetpack_dont_email_post_to_subs":false,"_jetpack_newsletter_tier_id":0,"_jetpack_memberships_contains_paywalled_content":false,"_jetpack_memberships_contains_paid_content":false,"footnotes":""},"categories":[54],"tags":[],"class_list":["post-29902","post","type-post","status-publish","format-standard","hentry","category-medios"],"jetpack_featured_media_url":"","jetpack_shortlink":"https:\/\/wp.me\/p2JWE0-7Mi","jetpack-related-posts":[{"id":8307,"url":"https:\/\/www.24baires.com\/?p=8307","url_meta":{"origin":29902,"position":0},"title":"Cynthia Ottaviano se reuni\u00f3 con el Interventor del INADI, Pedro Mouratian","author":"Grupo Sierra","date":"07\/12\/2012","format":false,"excerpt":"En la reuni\u00f3n acordaron acciones en conjunto entre el Instituto Nacional Contra la Discriminaci\u00f3n, la Xenofobia y el Racismo (INADI) y \u00a0Ottaviano,\u00a0flamante Defensor\u00eda del P\u00fablico de Servicios de Comunicaci\u00f3n Audiovisual La Defensora del P\u00fablico Cynthia Ottaviano se reuni\u00f3 hoy con el Interventor del INADI, Pedro Mouratian. Durante el encuentro se\u2026","rel":"","context":"En \u00abMedios\u00bb","block_context":{"text":"Medios","link":"https:\/\/www.24baires.com\/?cat=54"},"img":{"alt_text":"","src":"","width":0,"height":0},"classes":[]},{"id":10694,"url":"https:\/\/www.24baires.com\/?p=10694","url_meta":{"origin":29902,"position":1},"title":"Cynthia Ottaviano tuvo que salir a desmentir como es habitual una columna de La Naci\u00f3n","author":"Grupo Sierra","date":"28\/12\/2012","format":false,"excerpt":"Ante inexactitudes publicadas por el diario La Naci\u00f3n, la Defensor\u00eda del P\u00fablico establecida por la Ley de Servicios de Comunicaci\u00f3n Audiovisual, cuya titular es\u00a0Cynthia Ottaviano,\u00a0debi\u00f3 salir a aclarar a trav\u00e9s de un comunicado - una vez m\u00e1s- que lo publicado por ese medio como es habitual no es verdadero. El\u2026","rel":"","context":"En \u00abMedios\u00bb","block_context":{"text":"Medios","link":"https:\/\/www.24baires.com\/?cat=54"},"img":{"alt_text":"Ottaviano Cynthia","src":"https:\/\/i0.wp.com\/www.24baires.com\/wp-content\/uploads\/2012\/12\/Ottaviano-Cynthia.jpg?resize=350%2C200","width":350,"height":200,"srcset":"https:\/\/i0.wp.com\/www.24baires.com\/wp-content\/uploads\/2012\/12\/Ottaviano-Cynthia.jpg?resize=350%2C200 1x, https:\/\/i0.wp.com\/www.24baires.com\/wp-content\/uploads\/2012\/12\/Ottaviano-Cynthia.jpg?resize=525%2C300 1.5x"},"classes":[]},{"id":27140,"url":"https:\/\/www.24baires.com\/?p=27140","url_meta":{"origin":29902,"position":2},"title":"La Defensor\u00eda del P\u00fablico realiz\u00f3 su tercera Audiencia de oyentes y televidentes en Tandil","author":"Grupo Sierra","date":"28\/06\/2013","format":false,"excerpt":"M\u00e1s de 250 personas participaron de la jornada, esta vez correspondiente a la regi\u00f3n Buenos Aires, que incluye a la Ciudad Aut\u00f3noma y al territorio bonaerense. Casi 50 inscriptos opinaron y debatieron sobre el rol de los medios audiovisuales en el pa\u00eds. La actividad se llev\u00f3 a cabo en el\u2026","rel":"","context":"En \u00abMedios\u00bb","block_context":{"text":"Medios","link":"https:\/\/www.24baires.com\/?cat=54"},"img":{"alt_text":"","src":"","width":0,"height":0},"classes":[]},{"id":21611,"url":"https:\/\/www.24baires.com\/?p=21611","url_meta":{"origin":29902,"position":3},"title":"Ottaviano inst\u00f3 a grandes grupos econ\u00f3micos a respetar la Ley de Medios","author":"AF","date":"22\/04\/2013","format":false,"excerpt":"La periodista Cynthia Ottaviano present\u00f3 el pasado jueves a la Defensor\u00eda del P\u00fablico en la Canciller\u00eda argentina. Invitada por el Consejo Consultivo de la Sociedad Civil, en un encuentro llevado a cabo en el marco de organizaci\u00f3n de la participaci\u00f3n argentina en la pr\u00f3xima cumbre social que se realizar\u00e1 a\u2026","rel":"","context":"En \u00abMedios\u00bb","block_context":{"text":"Medios","link":"https:\/\/www.24baires.com\/?cat=54"},"img":{"alt_text":"ottaviano","src":"https:\/\/i0.wp.com\/www.24baires.com\/wp-content\/uploads\/2013\/04\/ottaviano.jpg?resize=350%2C200","width":350,"height":200,"srcset":"https:\/\/i0.wp.com\/www.24baires.com\/wp-content\/uploads\/2013\/04\/ottaviano.jpg?resize=350%2C200 1x, https:\/\/i0.wp.com\/www.24baires.com\/wp-content\/uploads\/2013\/04\/ottaviano.jpg?resize=525%2C300 1.5x"},"classes":[]},{"id":24110,"url":"https:\/\/www.24baires.com\/?p=24110","url_meta":{"origin":29902,"position":4},"title":"Ottaviano en Los \u00c1ngeles: \u00abLa Ley de Medios no tiene que quedar en letras de molde\u00bb","author":"Grupo Sierra","date":"22\/05\/2013","format":false,"excerpt":"La Defensora del P\u00fablico, en Los \u00c1ngeles, EEUU, form\u00f3 parte por primera vez de la asamblea anual de la Organization of News Ombudsmen (ONO) junto a defensores de medios audiovisuales y escritos de 25 pa\u00edses. Muchos elogios para el trabajo de la Defensor\u00eda en la Argentina. Jeffrey Dvorkin, director ejecutivo\u2026","rel":"","context":"En \u00abMedios\u00bb","block_context":{"text":"Medios","link":"https:\/\/www.24baires.com\/?cat=54"},"img":{"alt_text":"Ottaviano Cynthia","src":"https:\/\/i0.wp.com\/www.24baires.com\/wp-content\/uploads\/2012\/12\/Ottaviano-Cynthia-300x225.jpg?resize=350%2C200","width":350,"height":200},"classes":[]},{"id":41739,"url":"https:\/\/www.24baires.com\/?p=41739","url_meta":{"origin":29902,"position":5},"title":"Buscan eliminar la violencia medi\u00e1tica hacia las mujeres","author":"Grupo Sierra","date":"08\/03\/2014","format":false,"excerpt":"La Defensor\u00eda del P\u00fablico, la Autoridad Federal de Servicios de Comunicaci\u00f3n Audiovisual (AFSCA); el Instituto Nacional contra la Discriminaci\u00f3n, la Xenofobia y el Racismo (INADI); y el Consejo Nacional de las Mujeres (CNM) suscribieron un convenio de cooperaci\u00f3n, para trabajar conjuntamente contra la violencia medi\u00e1tica, en el marco de la\u2026","rel":"","context":"En \u00abSociedad\u00bb","block_context":{"text":"Sociedad","link":"https:\/\/www.24baires.com\/?cat=1"},"img":{"alt_text":"violencia","src":"https:\/\/i0.wp.com\/www.24baires.com\/wp-content\/uploads\/2014\/03\/violencia.jpg?resize=350%2C200","width":350,"height":200},"classes":[]}],"jetpack_sharing_enabled":true,"jetpack_likes_enabled":true,"_links":{"self":[{"href":"https:\/\/www.24baires.com\/index.php?rest_route=\/wp\/v2\/posts\/29902","targetHints":{"allow":["GET"]}}],"collection":[{"href":"https:\/\/www.24baires.com\/index.php?rest_route=\/wp\/v2\/posts"}],"about":[{"href":"https:\/\/www.24baires.com\/index.php?rest_route=\/wp\/v2\/types\/post"}],"author":[{"embeddable":true,"href":"https:\/\/www.24baires.com\/index.php?rest_route=\/wp\/v2\/users\/8"}],"replies":[{"embeddable":true,"href":"https:\/\/www.24baires.com\/index.php?rest_route=%2Fwp%2Fv2%2Fcomments&post=29902"}],"version-history":[{"count":3,"href":"https:\/\/www.24baires.com\/index.php?rest_route=\/wp\/v2\/posts\/29902\/revisions"}],"predecessor-version":[{"id":29911,"href":"https:\/\/www.24baires.com\/index.php?rest_route=\/wp\/v2\/posts\/29902\/revisions\/29911"}],"wp:attachment":[{"href":"https:\/\/www.24baires.com\/index.php?rest_route=%2Fwp%2Fv2%2Fmedia&parent=29902"}],"wp:term":[{"taxonomy":"category","embeddable":true,"href":"https:\/\/www.24baires.com\/index.php?rest_route=%2Fwp%2Fv2%2Fcategories&post=29902"},{"taxonomy":"post_tag","embeddable":true,"href":"https:\/\/www.24baires.com\/index.php?rest_route=%2Fwp%2Fv2%2Ftags&post=29902"}],"curies":[{"name":"wp","href":"https:\/\/api.w.org\/{rel}","templated":true}]}}