{"id":2977,"date":"2012-10-23T09:58:22","date_gmt":"2012-10-23T12:58:22","guid":{"rendered":"http:\/\/www.24baires.com\/?p=2977"},"modified":"2012-10-23T10:17:09","modified_gmt":"2012-10-23T13:17:09","slug":"de-lucia-firme-ante-el-paro-docente-de-hoy-y-manana-no-hay-posibilidades-de-abrir-paritarias","status":"publish","type":"post","link":"https:\/\/www.24baires.com\/?p=2977","title":{"rendered":"De Luc\u00eda, firme ante el paro Docente de hoy y ma\u00f1ana: \u00abNo hay posibilidades de abrir paritarias\u00bb"},"content":{"rendered":"<div>\n<p><img data-recalc-dims=\"1\" loading=\"lazy\" decoding=\"async\" class=\"alignleft size-medium wp-image-2990\" title=\"de luc\u00eda mesa\" src=\"https:\/\/i0.wp.com\/www.24baires.com\/wp-content\/uploads\/2012\/10\/de-luc%C3%ADa-mesa.jpg?resize=300%2C198\" alt=\"\" width=\"300\" height=\"198\" srcset=\"https:\/\/i0.wp.com\/www.24baires.com\/wp-content\/uploads\/2012\/10\/de-luc%C3%ADa-mesa.jpg?resize=300%2C198&amp;ssl=1 300w, https:\/\/i0.wp.com\/www.24baires.com\/wp-content\/uploads\/2012\/10\/de-luc%C3%ADa-mesa.jpg?w=362&amp;ssl=1 362w\" sizes=\"auto, (max-width: 300px) 100vw, 300px\" \/>La directora de Cultura y Educaci\u00f3n de la provincia de Buenos Aires, Nora de Luc\u00eda, cuestion\u00f3 con fiereza la decisi\u00f3n de los gremios bonaerenses de llevar adelante un paro por 48 horas: \u00abNo hay posibilidades de abrir paritarias\u201d, enfatiz\u00f3. En tanto, Roberto Baradel de Suteba, adelant\u00f3 que marchar\u00e1n a la Legislatura para pedir cambios en el Presupuesto.<!--more--><\/p>\n<p>La titular de la cartera de Educaci\u00f3n bonaerense, Nora De Luc\u00eda sali\u00f3 a la carga del Frente Gremial por el paro de 48 horas que se est\u00e1 desarrollando por estas horas.<\/p>\n<p>La funcionaria provincial rechaz\u00f3 discutir salarios en el segundo semestre: \u201cEstamos pidiendo di\u00e1logo, estamos cumpliendo en la medida en que podemos\u201d, se\u00f1al\u00f3 y aclar\u00f3 que \u201cno hay posibilidades de abrir paritarias\u201d en lo que queda del a\u00f1o.<\/p>\n<p>En tanto, De Luc\u00eda dijo que \u201clas otras cuestiones se est\u00e1n solucionando\u201d y denunci\u00f3 que \u201cno es real\u201d real el planteo de los gremios en cuanto a las condiciones laborales.<\/p>\n<p>La directora de Cultura y Educaci\u00f3n Bonarense, sin embargo, reconoci\u00f3: \u201cQueremos que haya menos suplentes\u201d, y volvi\u00f3 a fustigar a los gremios por los paros: \u201c\u00b4No es el camino el paro, nuestro di\u00e1logo es permanente, los padres est\u00e1n preocupados, me parece que estas medidas son extralimitadas\u201d<\/p>\n<p>En tanto, en conferencia de prensa, Roberto Baradel denunci\u00f3 que \u00abhay m\u00e1s de 3 mil docentes que no est\u00e1n cobrando\u00bb, e ironiz\u00f3 que \u00abning\u00fan funcionario podr\u00eda vivir sin cobrar parte del salario\u00bb.<\/p>\n<p>En ese contexto, el gremialista detall\u00f3 que el mi\u00e9rcoles habr\u00e1 tres movilizaciones. \u00abAl Ministerio de Desarrollo Social porque recortan dinero para comedores comunitarios; a la Legislatura por el presupuesto que de ser aprobado va a crear conflictos m\u00e1s fuertes que los de este a\u00f1o y a la Gobernaci\u00f3n porque vamos a reclamar que no se puede resolver una crisis financiera ajustando a los trabajadores o haciendo recortes en sectores importantes\u00bb.<\/p>\n<\/div>\n","protected":false},"excerpt":{"rendered":"<p>La directora de Cultura y Educaci\u00f3n de la provincia de Buenos Aires, Nora de Luc\u00eda, cuestion\u00f3 con fiereza la decisi\u00f3n de los gremios bonaerenses de llevar adelante un paro por 48 horas: \u00abNo hay posibilidades de abrir paritarias\u201d, enfatiz\u00f3. En tanto, Roberto Baradel de Suteba, adelant\u00f3 que marchar\u00e1n a la Legislatura para pedir cambios en el Presupuesto.<\/p>\n","protected":false},"author":4,"featured_media":0,"comment_status":"open","ping_status":"open","sticky":false,"template":"","format":"standard","meta":{"_jetpack_newsletter_access":"","_jetpack_dont_email_post_to_subs":false,"_jetpack_newsletter_tier_id":0,"_jetpack_memberships_contains_paywalled_content":false,"_jetpack_memberships_contains_paid_content":false,"footnotes":""},"categories":[51],"tags":[],"class_list":["post-2977","post","type-post","status-publish","format-standard","hentry","category-politica"],"jetpack_featured_media_url":"","jetpack_shortlink":"https:\/\/wp.me\/p2JWE0-M1","jetpack-related-posts":[{"id":24645,"url":"https:\/\/www.24baires.com\/?p=24645","url_meta":{"origin":2977,"position":0},"title":"Cuartango habla de imposiblidad de \u00abmejorar la oferta\u00bb y docentes analizan seguir el paro","author":"Grupo Sierra","date":"29\/05\/2013","format":false,"excerpt":"El ministro de Trabajo bonaerense se refiri\u00f3 al conflicto docente y afirm\u00f3 que \"no hay posibilidad de mejorar la oferta salarial en t\u00e9rminos sustantivos\". Desde la Federaci\u00f3n de Educadores Bonaerenses pidieron que se los vuelva a convocar y evaluaron extender la medida. \u00a0 El ministro de Trabajo bonaerense, Oscar Cuartango,\u2026","rel":"","context":"En \u00abLocales\u00bb","block_context":{"text":"Locales","link":"https:\/\/www.24baires.com\/?cat=38"},"img":{"alt_text":"CUARTAGNO","src":"https:\/\/i0.wp.com\/www.24baires.com\/wp-content\/uploads\/2012\/10\/CUARTAGNO.jpg?resize=350%2C200","width":350,"height":200},"classes":[]},{"id":5244,"url":"https:\/\/www.24baires.com\/?p=5244","url_meta":{"origin":2977,"position":1},"title":"Los docentes que no paran se re\u00fanen con De Luc\u00eda","author":"AF","date":"13\/11\/2012","format":false,"excerpt":"Los nucleados en Udocba est\u00e1n de paro por 48 horas, mientras que el resto se re\u00fane con la directora de Educaci\u00f3n bonaerense. El ministro de Trabajo, Oscar Cuartango manifest\u00f3 que \"se sabe de la situaci\u00f3n de la Provincia y no hay posibilidad de un aumento de los sueldos\". En concordancia\u2026","rel":"","context":"En \u00abSociedad\u00bb","block_context":{"text":"Sociedad","link":"https:\/\/www.24baires.com\/?cat=1"},"img":{"alt_text":"","src":"https:\/\/i0.wp.com\/www.24baires.com\/wp-content\/uploads\/2012\/11\/de-luc%C3%ADa-y-docentes-300x196.jpg?resize=350%2C200","width":350,"height":200},"classes":[]},{"id":11124,"url":"https:\/\/www.24baires.com\/?p=11124","url_meta":{"origin":2977,"position":2},"title":"De Luc\u00eda confirm\u00f3 que el 14 de enero abrir\u00e1n la paritaria docente","author":"AF","date":"03\/01\/2013","format":false,"excerpt":"La ministra de Educaci\u00f3n bonaerense dijo que \u201cqueremos darnos el tiempo para discutir cuestiones cualitativas y cuantitativas a nivel salarial\u201d. La ministra de Educaci\u00f3n bonaerense, Nora De Luc\u00eda, ratific\u00f3 que la paritaria docente se abrir\u00e1, como estaba previsto, el 14 de enero y que las clases comenzar\u00e1n el 25 de\u2026","rel":"","context":"En \u00abSociedad\u00bb","block_context":{"text":"Sociedad","link":"https:\/\/www.24baires.com\/?cat=1"},"img":{"alt_text":"","src":"","width":0,"height":0},"classes":[]},{"id":7157,"url":"https:\/\/www.24baires.com\/?p=7157","url_meta":{"origin":2977,"position":3},"title":"Docentes anunciaron que las clases no comenzar\u00e1n el 25 de febrero","author":"AF","date":"28\/11\/2012","format":false,"excerpt":"La presidente de la Federaci\u00f3n de Educadores Bonaerenses (FEB), Mirta Petrocini, explic\u00f3 que la medida de fuerza se llevar\u00e1 a cabo en caso de que las autoridades educativas, encabezadas por la ministra Nora De Luc\u00eda, sigan evitando dar \u201crespuestas concretas\u201d a los reclamos del sector. En un congreso extraordinario, los\u2026","rel":"","context":"En \u00abSociedad\u00bb","block_context":{"text":"Sociedad","link":"https:\/\/www.24baires.com\/?cat=1"},"img":{"alt_text":"","src":"","width":0,"height":0},"classes":[]},{"id":2412,"url":"https:\/\/www.24baires.com\/?p=2412","url_meta":{"origin":2977,"position":4},"title":"El Frente Gremial docente marcha a Direcci\u00f3n General de Educaci\u00f3n","author":"AF","date":"17\/10\/2012","format":false,"excerpt":"Miembros de la FEB, Suteba, Sadop, AMET y UDA, se concentran esta ma\u00f1ana para marchar al edificio de la cartera que conduce Nora de Luc\u00eda. Exigen el correcto pago de salarios de 3 mil docentes y la reapertura de paritarias. A partir de las 10 de la ma\u00f1ana, la Plaza\u2026","rel":"","context":"En \u00abSociedad\u00bb","block_context":{"text":"Sociedad","link":"https:\/\/www.24baires.com\/?cat=1"},"img":{"alt_text":"","src":"https:\/\/i0.wp.com\/www.24baires.com\/wp-content\/uploads\/2012\/10\/frentegremialdocentes2-300x179.jpg?resize=350%2C200","width":350,"height":200},"classes":[]},{"id":43077,"url":"https:\/\/www.24baires.com\/?p=43077","url_meta":{"origin":2977,"position":5},"title":"Nora De Luc\u00eda asegur\u00f3 que se van a recuperar los contenidos perdidos por el paro","author":"Grupo Sierra","date":"31\/03\/2014","format":false,"excerpt":"La directora general de Cultura y Educaci\u00f3n bonaerense, Nora De Luc\u00eda, asegur\u00f3 hoy que \"se recuperar\u00e1n los contenidos y las jornadas perdidas por el paro\" docente que se extendi\u00f3 durante 17 d\u00edas, y anticip\u00f3 que desde el gobierno bonaerense propondr\u00e1n \"transformar en a\u00falicas\" las jornadas institucionales y de capacitaci\u00f3n provinciales.\u2026","rel":"","context":"En \u00abProvincia\u00bb","block_context":{"text":"Provincia","link":"https:\/\/www.24baires.com\/?cat=40"},"img":{"alt_text":"Nora-de-Lucia","src":"https:\/\/i0.wp.com\/www.24baires.com\/wp-content\/uploads\/2014\/01\/Nora-de-Lucia.jpg?resize=350%2C200","width":350,"height":200,"srcset":"https:\/\/i0.wp.com\/www.24baires.com\/wp-content\/uploads\/2014\/01\/Nora-de-Lucia.jpg?resize=350%2C200 1x, https:\/\/i0.wp.com\/www.24baires.com\/wp-content\/uploads\/2014\/01\/Nora-de-Lucia.jpg?resize=525%2C300 1.5x"},"classes":[]}],"jetpack_sharing_enabled":true,"jetpack_likes_enabled":true,"_links":{"self":[{"href":"https:\/\/www.24baires.com\/index.php?rest_route=\/wp\/v2\/posts\/2977","targetHints":{"allow":["GET"]}}],"collection":[{"href":"https:\/\/www.24baires.com\/index.php?rest_route=\/wp\/v2\/posts"}],"about":[{"href":"https:\/\/www.24baires.com\/index.php?rest_route=\/wp\/v2\/types\/post"}],"author":[{"embeddable":true,"href":"https:\/\/www.24baires.com\/index.php?rest_route=\/wp\/v2\/users\/4"}],"replies":[{"embeddable":true,"href":"https:\/\/www.24baires.com\/index.php?rest_route=%2Fwp%2Fv2%2Fcomments&post=2977"}],"version-history":[{"count":4,"href":"https:\/\/www.24baires.com\/index.php?rest_route=\/wp\/v2\/posts\/2977\/revisions"}],"predecessor-version":[{"id":2981,"href":"https:\/\/www.24baires.com\/index.php?rest_route=\/wp\/v2\/posts\/2977\/revisions\/2981"}],"wp:attachment":[{"href":"https:\/\/www.24baires.com\/index.php?rest_route=%2Fwp%2Fv2%2Fmedia&parent=2977"}],"wp:term":[{"taxonomy":"category","embeddable":true,"href":"https:\/\/www.24baires.com\/index.php?rest_route=%2Fwp%2Fv2%2Fcategories&post=2977"},{"taxonomy":"post_tag","embeddable":true,"href":"https:\/\/www.24baires.com\/index.php?rest_route=%2Fwp%2Fv2%2Ftags&post=2977"}],"curies":[{"name":"wp","href":"https:\/\/api.w.org\/{rel}","templated":true}]}}