{"id":29767,"date":"2013-08-08T18:42:01","date_gmt":"2013-08-08T21:42:01","guid":{"rendered":"http:\/\/www.24baires.com\/?p=29767"},"modified":"2013-08-08T19:09:42","modified_gmt":"2013-08-08T22:09:42","slug":"magnetto-esquivo-a-victor-hugo-en-la-primera-mediacion","status":"publish","type":"post","link":"https:\/\/www.24baires.com\/?p=29767","title":{"rendered":"Magnetto esquiv\u00f3 a V\u00edctor Hugo en la primera mediaci\u00f3n"},"content":{"rendered":"<p><img data-recalc-dims=\"1\" loading=\"lazy\" decoding=\"async\" class=\"aligncenter size-full wp-image-29768\" alt=\"V\u00edctor Hugo\" src=\"https:\/\/i0.wp.com\/www.24baires.com\/wp-content\/uploads\/2013\/08\/V%C3%ADctor-Hugo.jpg?resize=560%2C372\" width=\"560\" height=\"372\" srcset=\"https:\/\/i0.wp.com\/www.24baires.com\/wp-content\/uploads\/2013\/08\/V%C3%ADctor-Hugo.jpg?w=560&amp;ssl=1 560w, https:\/\/i0.wp.com\/www.24baires.com\/wp-content\/uploads\/2013\/08\/V%C3%ADctor-Hugo.jpg?resize=300%2C199&amp;ssl=1 300w\" sizes=\"auto, (max-width: 560px) 100vw, 560px\" \/>El CEO de Clar\u00edn no quiso dar la cara en la primera audiencia por la denuncia que inici\u00f3 contra el periodista. El conductor lament\u00f3 no haberlo podido decir cara a cara \u201ctodo el da\u00f1o que le ha hecho a la sociedad\u201d, pero igualmente anunci\u00f3 que presentar\u00e1 un juicio contra Magnetto por no tener pruebas contundentes.<!--more--><br \/>\nEl CEO del Grupo Clar\u00edn, H\u00e9ctor Magnetto, no se present\u00f3 a la audiencia con V\u00edctor Hugo Morales, a quien denuncio por supuestos \u201cda\u00f1os y perjuicios\u201d, aunque no especific\u00f3 puntualmente las razones.<\/p>\n<p>Al salir de la mediaci\u00f3n jur\u00eddica a la que lo convoc\u00f3 la Justicia, Morales sostuvo que \u201clamento no haberlo tenido cara a cara\u201d, y anticip\u00f3 que presentar\u00e1 un juicio contra Magnetto, porque \u00ablo que \u00e9l argumenta es que sus cosas fueron escritas por sus periodistas\u00bb, seg\u00fan pudo saber luego de la reuni\u00f3n en la que el director del monopolio fue representado por sus abogados.<\/p>\n<p>Adem\u00e1s, el conductor de radio y televisi\u00f3n, que es defendido por el abogado Eduardo Barcesat, se mostr\u00f3 \u201cdesencantado\u201d por no haber podido hablar con Magnetto y decirle \u201ctodo el da\u00f1o que le ha hecho a la sociedad\u201d, afirm\u00f3 en su salida del edificio en el que se reunieron cientos de personas para apoyarlo.<\/p>\n<p>De la misma manera, Morales resumi\u00f3 que \u201ctoda esa furia tiene que ver con la Ley de Medios\u201d, en menci\u00f3n a la arremetida desde los diarios Clar\u00edn y La Naci\u00f3n contra su actividad period\u00edstica.<\/p>\n<p>\u00abEspero ahora que la Corte no juegue al distra\u00eddo y haga lo que tenga que hacer con la ley de medios\u00bb, apunt\u00f3.<\/p>\n<p>Morales fue respaldado por diferentes sectores ligados a la comunicaci\u00f3n, como lo hizo la decana de la Facultad de Periodismo de La Plata, Florencia Saintout. Adem\u00e1s, desde la instituci\u00f3n acad\u00e9mica consideraron a la denuncia como \u201cartima\u00f1as jur\u00eddicas\u201d protagonizadas por el CEO.<\/p>\n<p>Asimismo, el comunicado presentado por la Facultad el pasado 2 de agosto agreg\u00f3 que \u201ccomprendemos que la libertad de expresi\u00f3n es un derecho fundamental que nutre al derecho a la comunicaci\u00f3n, y cuyo ejercicio debe ser promovido, respetado y ejercido en condiciones plenas de libertad\u201d.<\/p>\n<p>&nbsp;<\/p>\n<p>&nbsp;<\/p>\n<p>&nbsp;<\/p>\n<p>&nbsp;<\/p>\n<p>&nbsp;<\/p>\n<p>&nbsp;<\/p>\n<p>&nbsp;<\/p>\n<p>&nbsp;<\/p>\n<p>&nbsp;<\/p>\n<p>&nbsp;<\/p>\n<p>&nbsp;<\/p>\n","protected":false},"excerpt":{"rendered":"<p>El CEO de Clar\u00edn no quiso dar la cara en la primera audiencia por la denuncia que inici\u00f3 contra el periodista. El conductor lament\u00f3 no haberlo podido decir cara a cara \u201ctodo el da\u00f1o que le ha hecho a la sociedad\u201d, pero igualmente anunci\u00f3 que presentar\u00e1 un juicio contra Magnetto por no tener pruebas contundentes.<\/p>\n","protected":false},"author":8,"featured_media":0,"comment_status":"open","ping_status":"open","sticky":false,"template":"","format":"standard","meta":{"_jetpack_newsletter_access":"","_jetpack_dont_email_post_to_subs":false,"_jetpack_newsletter_tier_id":0,"_jetpack_memberships_contains_paywalled_content":false,"_jetpack_memberships_contains_paid_content":false,"footnotes":""},"categories":[54],"tags":[],"class_list":["post-29767","post","type-post","status-publish","format-standard","hentry","category-medios"],"jetpack_featured_media_url":"","jetpack_shortlink":"https:\/\/wp.me\/p2JWE0-7K7","jetpack-related-posts":[{"id":21833,"url":"https:\/\/www.24baires.com\/?p=21833","url_meta":{"origin":29767,"position":0},"title":"Magnetto se encerr\u00f3 en un cuarto y se neg\u00f3 a dialogar con los representantes de la CNV","author":"Grupo Sierra","date":"24\/04\/2013","format":false,"excerpt":"El CEO del Grupo Clar\u00edn, H\u00e9ctor Magnetto, se neg\u00f3, en el marco de una mediaci\u00f3n, a dialogar con los representantes de la Comisi\u00f3n Nacional de Valores (CNV), entre ellos su titular, Alejandro Vanoli, luego de denunciarlos por da\u00f1os y perjuicios. En lo que fue el segundo llamado a una mediaci\u00f3n,\u2026","rel":"","context":"En \u00abMedios\u00bb","block_context":{"text":"Medios","link":"https:\/\/www.24baires.com\/?cat=54"},"img":{"alt_text":"magnetto","src":"https:\/\/i0.wp.com\/www.24baires.com\/wp-content\/uploads\/2012\/11\/magnetto.jpg?resize=350%2C200","width":350,"height":200,"srcset":"https:\/\/i0.wp.com\/www.24baires.com\/wp-content\/uploads\/2012\/11\/magnetto.jpg?resize=350%2C200 1x, https:\/\/i0.wp.com\/www.24baires.com\/wp-content\/uploads\/2012\/11\/magnetto.jpg?resize=525%2C300 1.5x"},"classes":[]},{"id":29499,"url":"https:\/\/www.24baires.com\/?p=29499","url_meta":{"origin":29767,"position":1},"title":"Convocan a marchar en respaldo de V\u00edctor Hugo por el ataque a la libertad de expresi\u00f3n de Magnetto","author":"Grupo Sierra","date":"04\/08\/2013","format":false,"excerpt":"La entidad Comunicadores de la Argentina (Comuna) repudi\u00f3 mediante un documento la acci\u00f3n judicial que el empresario de Clar\u00edn H\u00e9ctor Magnetto inici\u00f3 contra el periodista V\u00edctor Hugo Morales y convoc\u00f3 a marchar en su apoyo este jueves cuando se haga la audiencia de conciliaci\u00f3n. \"Atacando otra vez a V\u00edctor Hugo,\u2026","rel":"","context":"En \u00abMedios\u00bb","block_context":{"text":"Medios","link":"https:\/\/www.24baires.com\/?cat=54"},"img":{"alt_text":"","src":"","width":0,"height":0},"classes":[]},{"id":72662,"url":"https:\/\/www.24baires.com\/?p=72662","url_meta":{"origin":29767,"position":2},"title":"Clar\u00edn le embarg\u00f3 el sueldo a V\u00edctor Hugo","author":"AF","date":"25\/09\/2015","format":false,"excerpt":"Luego de que el grupo de medios embargara su sueldo por haber transmitido un partido cuando el f\u00fatbol estaba privatizado, en 2000, el periodista hizo un descargo en su programa. \u201cAyer Clar\u00edn y Magnetto sumaron un ataque m\u00e1s a la persecuci\u00f3n iniciada a\u00f1os atr\u00e1s contra mi persona. Pasaron 15 a\u00f1os\u2026","rel":"","context":"En \u00abJUDICIALES\u00bb","block_context":{"text":"JUDICIALES","link":"https:\/\/www.24baires.com\/?cat=68"},"img":{"alt_text":"VICTOR HUGO MORALES","src":"https:\/\/i0.wp.com\/www.24baires.com\/wp-content\/uploads\/2015\/04\/VICTOR-HUGO-MORALES.jpg?resize=350%2C200","width":350,"height":200,"srcset":"https:\/\/i0.wp.com\/www.24baires.com\/wp-content\/uploads\/2015\/04\/VICTOR-HUGO-MORALES.jpg?resize=350%2C200 1x, https:\/\/i0.wp.com\/www.24baires.com\/wp-content\/uploads\/2015\/04\/VICTOR-HUGO-MORALES.jpg?resize=525%2C300 1.5x"},"classes":[]},{"id":29752,"url":"https:\/\/www.24baires.com\/?p=29752","url_meta":{"origin":29767,"position":3},"title":"Sabbatella: Magnetto pretende que V\u00edctor Hugo \u00abse someta\u00bb","author":"AF","date":"08\/08\/2013","format":false,"excerpt":"El CEO de la corporaci\u00f3n medi\u00e1tica que ejerce la posici\u00f3n dominante en el mercado gr\u00e1fico y audiovisual ya no s\u00f3lo restringe la libertad de expresi\u00f3n escrachando periodistas en los medios que domina; ya no le alcanza con regular a su antojo la salida o no de publicaciones a trav\u00e9s de\u2026","rel":"","context":"En \u00abMedios\u00bb","block_context":{"text":"Medios","link":"https:\/\/www.24baires.com\/?cat=54"},"img":{"alt_text":"","src":"","width":0,"height":0},"classes":[]},{"id":68023,"url":"https:\/\/www.24baires.com\/?p=68023","url_meta":{"origin":29767,"position":4},"title":"Ratifican el pedido de indagatorias a Herrera de Noble, Magnetto y Mitre por Papel Prensa","author":"GB","date":"23\/06\/2015","format":false,"excerpt":"La Secretar\u00eda de Derechos Humanos pidi\u00f3 a la C\u00e1mara Federal porte\u00f1a que se cite a indagatoria a los directivos del grupo Clar\u00edn y de La Naci\u00f3n, porque \"es la \u00fanica forma en que la causa\" por el desapoderamiento de la empresa Papel Prensa durante la dictadura c\u00edvico militar, \"pueda progresar\u2026","rel":"","context":"En \u00abPol\u00edtica\u00bb","block_context":{"text":"Pol\u00edtica","link":"https:\/\/www.24baires.com\/?cat=51"},"img":{"alt_text":"mitre magnetto","src":"https:\/\/i0.wp.com\/www.24baires.com\/wp-content\/uploads\/2015\/04\/mitre-magnetto.jpg?resize=350%2C200","width":350,"height":200,"srcset":"https:\/\/i0.wp.com\/www.24baires.com\/wp-content\/uploads\/2015\/04\/mitre-magnetto.jpg?resize=350%2C200 1x, https:\/\/i0.wp.com\/www.24baires.com\/wp-content\/uploads\/2015\/04\/mitre-magnetto.jpg?resize=525%2C300 1.5x"},"classes":[]},{"id":25867,"url":"https:\/\/www.24baires.com\/?p=25867","url_meta":{"origin":29767,"position":5},"title":"Lidia Papaleo tras declarar en la causa Papel Prensa: \u00abMagnetto va a terminar preso\u00bb","author":"Grupo Sierra","date":"13\/06\/2013","format":false,"excerpt":"La viuda del banquero David Graiver, Lidia Papaleo, afirm\u00f3 que la investigaci\u00f3n penal por la venta de la empresa Papel Prensa durante la \u00faltima dictadura \"va a terminar bien, con el se\u00f1or (H\u00e9ctor) Magnetto preso\". As\u00ed lo expres\u00f3 luego de declarar por espacio de casi seis horas como testigo de\u2026","rel":"","context":"En \u00abPol\u00edtica\u00bb","block_context":{"text":"Pol\u00edtica","link":"https:\/\/www.24baires.com\/?cat=51"},"img":{"alt_text":"","src":"","width":0,"height":0},"classes":[]}],"jetpack_sharing_enabled":true,"jetpack_likes_enabled":true,"_links":{"self":[{"href":"https:\/\/www.24baires.com\/index.php?rest_route=\/wp\/v2\/posts\/29767","targetHints":{"allow":["GET"]}}],"collection":[{"href":"https:\/\/www.24baires.com\/index.php?rest_route=\/wp\/v2\/posts"}],"about":[{"href":"https:\/\/www.24baires.com\/index.php?rest_route=\/wp\/v2\/types\/post"}],"author":[{"embeddable":true,"href":"https:\/\/www.24baires.com\/index.php?rest_route=\/wp\/v2\/users\/8"}],"replies":[{"embeddable":true,"href":"https:\/\/www.24baires.com\/index.php?rest_route=%2Fwp%2Fv2%2Fcomments&post=29767"}],"version-history":[{"count":2,"href":"https:\/\/www.24baires.com\/index.php?rest_route=\/wp\/v2\/posts\/29767\/revisions"}],"predecessor-version":[{"id":29770,"href":"https:\/\/www.24baires.com\/index.php?rest_route=\/wp\/v2\/posts\/29767\/revisions\/29770"}],"wp:attachment":[{"href":"https:\/\/www.24baires.com\/index.php?rest_route=%2Fwp%2Fv2%2Fmedia&parent=29767"}],"wp:term":[{"taxonomy":"category","embeddable":true,"href":"https:\/\/www.24baires.com\/index.php?rest_route=%2Fwp%2Fv2%2Fcategories&post=29767"},{"taxonomy":"post_tag","embeddable":true,"href":"https:\/\/www.24baires.com\/index.php?rest_route=%2Fwp%2Fv2%2Ftags&post=29767"}],"curies":[{"name":"wp","href":"https:\/\/api.w.org\/{rel}","templated":true}]}}