{"id":29752,"date":"2013-08-08T18:30:17","date_gmt":"2013-08-08T21:30:17","guid":{"rendered":"http:\/\/www.24baires.com\/?p=29752"},"modified":"2013-08-08T20:56:12","modified_gmt":"2013-08-08T23:56:12","slug":"sabbatella-magnetto-pretende-que-victor-hugo-se-someta","status":"publish","type":"post","link":"https:\/\/www.24baires.com\/?p=29752","title":{"rendered":"Sabbatella: Magnetto pretende que V\u00edctor Hugo \u00abse someta\u00bb"},"content":{"rendered":"<p>El CEO de la corporaci\u00f3n medi\u00e1tica que ejerce la posici\u00f3n dominante en el mercado gr\u00e1fico y audiovisual ya no s\u00f3lo restringe la libertad de expresi\u00f3n escrachando periodistas en los medios que domina; ya no le alcanza con regular a su antojo la salida o no de publicaciones a trav\u00e9s de Papel Prensa; ya le resulta insuficiente censurar canales en la grilla de Cablevisi\u00f3n; ya no se limita a cerrar las posibilidades laborales de miles de profesionales en los cientos de canales que domina. Ahora, adem\u00e1s, pretende que un referente de quienes no aceptan su dominio se someta a trav\u00e9s de deudas econ\u00f3micas.<!--more--><\/p>\n<p>En una Argentina en la que la libertad de expresi\u00f3n brilla en todos lados menos en los relatos del Grupo Clar\u00edn y sus sat\u00e9lites, la opini\u00f3n de V\u00edctor Hugo es muy valiosa, como lo son todas las opiniones, las que nos gustan y las que no, las que compartimos y aquellas con las que no estamos de acuerdo. Al menos lo son para millones de argentinos y argentinas y, por supuesto, para nuestro gobierno, que impuls\u00f3 una ley de servicios de comunicaci\u00f3n audiovisual calificada como modelo y referencia de numerosas legislaciones en todo el mundo. Fue el kirchnerismo, y no los gobiernos dictatoriales, liberales y corruptos alumbrados por la corporaci\u00f3n de Magnetto, el que despenaliz\u00f3 el delito de calumnias e injurias que pesaba como una espada sobre los periodistas y su trabajo, so pena de ir presos por informar y opinar; esa misma espada que hoy el poderoso CEO blande con soberbia sobre la cabeza de V\u00edctor Hugo porque no acepta rendirse a su hegemon\u00eda.<\/p>\n<p>Felizmente, los argentinos en general y los trabajadores de prensa en particular, sin distinci\u00f3n de color pol\u00edtico ni opini\u00f3n, contamos con un Estado que garantiza los derechos de todos y todas frente a los desmadres y la prepotencia de personajes como Magnetto, que no quieren acostumbrarse a la democracia y sus leyes.<\/p>\n<p>Al margen, como en un limbo, quedar\u00e1n aquellos pocos que, abducidos por el relato de la corporaci\u00f3n, se llaman a un silencio c\u00f3mplice ante esta nueva amenaza violenta del CEO, despu\u00e9s de agotar ojos y o\u00eddos de millones con la cantinela de que somos nosotros los que atemorizamos al periodismo independiente.<\/p>\n<p>&nbsp;<\/p>\n<p>&nbsp;<\/p>\n<p>&nbsp;<\/p>\n<p>&nbsp;<\/p>\n<p>&nbsp;<\/p>\n<p>&nbsp;<\/p>\n<p>&nbsp;<\/p>\n<p>&nbsp;<\/p>\n<p>&nbsp;<\/p>\n<p>&nbsp;<\/p>\n<p>&nbsp;<\/p>\n<p>&nbsp;<\/p>\n<p>&nbsp;<\/p>\n<p>&nbsp;<\/p>\n<p>&nbsp;<\/p>\n<p>&nbsp;<\/p>\n","protected":false},"excerpt":{"rendered":"<p>El CEO de la corporaci\u00f3n medi\u00e1tica que ejerce la posici\u00f3n dominante en el mercado gr\u00e1fico y audiovisual ya no s\u00f3lo restringe la libertad de expresi\u00f3n escrachando periodistas en los medios que domina; ya no le alcanza con regular a su antojo la salida o no de publicaciones a trav\u00e9s de Papel Prensa; ya le resulta insuficiente censurar canales en la [&#8230;]<\/p>\n","protected":false},"author":4,"featured_media":0,"comment_status":"open","ping_status":"open","sticky":false,"template":"","format":"standard","meta":{"_jetpack_newsletter_access":"","_jetpack_dont_email_post_to_subs":false,"_jetpack_newsletter_tier_id":0,"_jetpack_memberships_contains_paywalled_content":false,"_jetpack_memberships_contains_paid_content":false,"footnotes":""},"categories":[54],"tags":[],"class_list":["post-29752","post","type-post","status-publish","format-standard","hentry","category-medios"],"jetpack_featured_media_url":"","jetpack_shortlink":"https:\/\/wp.me\/p2JWE0-7JS","jetpack-related-posts":[{"id":29499,"url":"https:\/\/www.24baires.com\/?p=29499","url_meta":{"origin":29752,"position":0},"title":"Convocan a marchar en respaldo de V\u00edctor Hugo por el ataque a la libertad de expresi\u00f3n de Magnetto","author":"Grupo Sierra","date":"04\/08\/2013","format":false,"excerpt":"La entidad Comunicadores de la Argentina (Comuna) repudi\u00f3 mediante un documento la acci\u00f3n judicial que el empresario de Clar\u00edn H\u00e9ctor Magnetto inici\u00f3 contra el periodista V\u00edctor Hugo Morales y convoc\u00f3 a marchar en su apoyo este jueves cuando se haga la audiencia de conciliaci\u00f3n. \"Atacando otra vez a V\u00edctor Hugo,\u2026","rel":"","context":"En \u00abMedios\u00bb","block_context":{"text":"Medios","link":"https:\/\/www.24baires.com\/?cat=54"},"img":{"alt_text":"","src":"","width":0,"height":0},"classes":[]},{"id":98811,"url":"https:\/\/www.24baires.com\/?p=98811","url_meta":{"origin":29752,"position":1},"title":"Echaron a V\u00edctor Hugo Morales de C5N","author":"AF","date":"17\/11\/2017","format":false,"excerpt":"El legendario periodista y conductor fue echado del canal donde encabezaba la franja de 18 a 21. Cada vez hay m\u00e1s periodistas censurados en Argentina y se monopoliza el relato \"M\" del Gobierno. V\u00edctor Hugo Morales fue echado esta tarde de la cadena de noticias C5N y no saldr\u00e1 al\u2026","rel":"","context":"En \u00abSociedad\u00bb","block_context":{"text":"Sociedad","link":"https:\/\/www.24baires.com\/?cat=1"},"img":{"alt_text":"","src":"https:\/\/i0.wp.com\/www.24baires.com\/wp-content\/uploads\/2014\/07\/v%C3%ADctor-hugo.jpg?resize=350%2C200","width":350,"height":200,"srcset":"https:\/\/i0.wp.com\/www.24baires.com\/wp-content\/uploads\/2014\/07\/v%C3%ADctor-hugo.jpg?resize=350%2C200 1x, https:\/\/i0.wp.com\/www.24baires.com\/wp-content\/uploads\/2014\/07\/v%C3%ADctor-hugo.jpg?resize=525%2C300 1.5x"},"classes":[]},{"id":77424,"url":"https:\/\/www.24baires.com\/?p=77424","url_meta":{"origin":29752,"position":2},"title":"V\u00edctor Hugo fue despedido de Continental","author":"AF","date":"11\/01\/2016","format":false,"excerpt":"El periodista dijo que la situaci\u00f3n se da \u201cen el contexto de una situaci\u00f3n agobiante y asfixiante para la democracia y la libertad de expresi\u00f3n\u201d. \u201cMe echan de la radio. No voy a poder hacer mi programa. Tratar\u00e9 de buscar v\u00edas de comunicaci\u00f3n\u201d. Con esas palabras, el periodista V\u00edctor Hugo\u2026","rel":"","context":"En \u00abMedios\u00bb","block_context":{"text":"Medios","link":"https:\/\/www.24baires.com\/?cat=54"},"img":{"alt_text":"VICTOR HUGO MORALES","src":"https:\/\/i0.wp.com\/www.24baires.com\/wp-content\/uploads\/2015\/04\/VICTOR-HUGO-MORALES.jpg?resize=350%2C200","width":350,"height":200,"srcset":"https:\/\/i0.wp.com\/www.24baires.com\/wp-content\/uploads\/2015\/04\/VICTOR-HUGO-MORALES.jpg?resize=350%2C200 1x, https:\/\/i0.wp.com\/www.24baires.com\/wp-content\/uploads\/2015\/04\/VICTOR-HUGO-MORALES.jpg?resize=525%2C300 1.5x"},"classes":[]},{"id":12418,"url":"https:\/\/www.24baires.com\/?p=12418","url_meta":{"origin":29752,"position":3},"title":"V\u00edctor Hugo en Mar del Plata charl\u00f3 sobre el periodismo, Aldrey Iglesias y la Ley de Medios","author":"Grupo Sierra","date":"16\/01\/2013","format":false,"excerpt":"El periodista V\u00edctor Hugo Morales brind\u00f3 una entrevista al programa radial Un D\u00eda Perfecto de esa ciudad balnearia, donde descansa y adem\u00e1s ocupa sus ma\u00f1anas radiales desde un Balneario. Durante el transcurso de la misma se refiri\u00f3 al periodismo a nivel nacional, pero tambi\u00e9n opin\u00f3 sobre Mar del Plata y\u2026","rel":"","context":"En \u00abMedios\u00bb","block_context":{"text":"Medios","link":"https:\/\/www.24baires.com\/?cat=54"},"img":{"alt_text":"victor hugo","src":"https:\/\/i0.wp.com\/www.24baires.com\/wp-content\/uploads\/2013\/01\/victor-hugo.jpg?resize=350%2C200","width":350,"height":200,"srcset":"https:\/\/i0.wp.com\/www.24baires.com\/wp-content\/uploads\/2013\/01\/victor-hugo.jpg?resize=350%2C200 1x, https:\/\/i0.wp.com\/www.24baires.com\/wp-content\/uploads\/2013\/01\/victor-hugo.jpg?resize=525%2C300 1.5x"},"classes":[]},{"id":72662,"url":"https:\/\/www.24baires.com\/?p=72662","url_meta":{"origin":29752,"position":4},"title":"Clar\u00edn le embarg\u00f3 el sueldo a V\u00edctor Hugo","author":"AF","date":"25\/09\/2015","format":false,"excerpt":"Luego de que el grupo de medios embargara su sueldo por haber transmitido un partido cuando el f\u00fatbol estaba privatizado, en 2000, el periodista hizo un descargo en su programa. \u201cAyer Clar\u00edn y Magnetto sumaron un ataque m\u00e1s a la persecuci\u00f3n iniciada a\u00f1os atr\u00e1s contra mi persona. Pasaron 15 a\u00f1os\u2026","rel":"","context":"En \u00abJUDICIALES\u00bb","block_context":{"text":"JUDICIALES","link":"https:\/\/www.24baires.com\/?cat=68"},"img":{"alt_text":"VICTOR HUGO MORALES","src":"https:\/\/i0.wp.com\/www.24baires.com\/wp-content\/uploads\/2015\/04\/VICTOR-HUGO-MORALES.jpg?resize=350%2C200","width":350,"height":200,"srcset":"https:\/\/i0.wp.com\/www.24baires.com\/wp-content\/uploads\/2015\/04\/VICTOR-HUGO-MORALES.jpg?resize=350%2C200 1x, https:\/\/i0.wp.com\/www.24baires.com\/wp-content\/uploads\/2015\/04\/VICTOR-HUGO-MORALES.jpg?resize=525%2C300 1.5x"},"classes":[]},{"id":77479,"url":"https:\/\/www.24baires.com\/?p=77479","url_meta":{"origin":29752,"position":5},"title":"\u00abHemos declarado nuestro compromiso con la libertad de expresi\u00f3n y prensa\u00bb","author":"AF","date":"12\/01\/2016","format":false,"excerpt":"\"Lamento\" que V\u00edctor Hugo Morales \"crea que nosotros tenemos algo que ver\" con su despido de radio Continental, sostuvo el presidente Mauricio Macri en una conferencia de prensa desde Casa de Gobierno. \"No vamos a opinar acerca de qu\u00e9 periodistas tienen que trabajar en cada medio y tampoco en los\u2026","rel":"","context":"En \u00abPol\u00edtica\u00bb","block_context":{"text":"Pol\u00edtica","link":"https:\/\/www.24baires.com\/?cat=51"},"img":{"alt_text":"macriii","src":"https:\/\/i0.wp.com\/www.24baires.com\/wp-content\/uploads\/2016\/01\/macriii.jpg?resize=350%2C200","width":350,"height":200,"srcset":"https:\/\/i0.wp.com\/www.24baires.com\/wp-content\/uploads\/2016\/01\/macriii.jpg?resize=350%2C200 1x, https:\/\/i0.wp.com\/www.24baires.com\/wp-content\/uploads\/2016\/01\/macriii.jpg?resize=525%2C300 1.5x"},"classes":[]}],"jetpack_sharing_enabled":true,"jetpack_likes_enabled":true,"_links":{"self":[{"href":"https:\/\/www.24baires.com\/index.php?rest_route=\/wp\/v2\/posts\/29752","targetHints":{"allow":["GET"]}}],"collection":[{"href":"https:\/\/www.24baires.com\/index.php?rest_route=\/wp\/v2\/posts"}],"about":[{"href":"https:\/\/www.24baires.com\/index.php?rest_route=\/wp\/v2\/types\/post"}],"author":[{"embeddable":true,"href":"https:\/\/www.24baires.com\/index.php?rest_route=\/wp\/v2\/users\/4"}],"replies":[{"embeddable":true,"href":"https:\/\/www.24baires.com\/index.php?rest_route=%2Fwp%2Fv2%2Fcomments&post=29752"}],"version-history":[{"count":1,"href":"https:\/\/www.24baires.com\/index.php?rest_route=\/wp\/v2\/posts\/29752\/revisions"}],"predecessor-version":[{"id":29753,"href":"https:\/\/www.24baires.com\/index.php?rest_route=\/wp\/v2\/posts\/29752\/revisions\/29753"}],"wp:attachment":[{"href":"https:\/\/www.24baires.com\/index.php?rest_route=%2Fwp%2Fv2%2Fmedia&parent=29752"}],"wp:term":[{"taxonomy":"category","embeddable":true,"href":"https:\/\/www.24baires.com\/index.php?rest_route=%2Fwp%2Fv2%2Fcategories&post=29752"},{"taxonomy":"post_tag","embeddable":true,"href":"https:\/\/www.24baires.com\/index.php?rest_route=%2Fwp%2Fv2%2Ftags&post=29752"}],"curies":[{"name":"wp","href":"https:\/\/api.w.org\/{rel}","templated":true}]}}