{"id":2968,"date":"2012-10-22T11:04:59","date_gmt":"2012-10-22T14:04:59","guid":{"rendered":"http:\/\/www.24baires.com\/?p=2968"},"modified":"2012-10-23T14:45:13","modified_gmt":"2012-10-23T17:45:13","slug":"confirman-el-paro-docente-provincial-para-este-martes-y-miercoles","status":"publish","type":"post","link":"https:\/\/www.24baires.com\/?p=2968","title":{"rendered":"Confirman el paro docente provincial para este martes y mi\u00e9rcoles"},"content":{"rendered":"<p>Este martes y mi\u00e9rcoles se cumplir\u00e1 el paro docente de 48 horas convocado por el Frente Gremial Bonaerense. Reclaman la reapertura de paritarias, la universalizaci\u00f3n del cobro de las asignaciones familiares, la regularizaci\u00f3n de los pagos a m\u00e1s de 3 mil docentes a los que se les adeudan haberes, la eliminaci\u00f3n del impuesto a las ganancias y una respuesta \u201curgente\u201d a los problemas de infraestructura.<!--more--><br \/>\nLa presidente de la FEB, Mirta Petrocini, asegur\u00f3 que \u201chay docentes que hace meses no cobran su salario y otros a los que a\u00fan no se les ha liquidado marzo y abril\u201d. Y asegur\u00f3 que \u201cno deben ser los trabajadores quienes paguen el ajuste del Gobierno\u201d.<\/p>\n<p>\u201cDesde hace varios meses venimos reclamando Paritarias, Reuniones de Cogesti\u00f3n, la conformaci\u00f3n de la Comisi\u00f3n para tratar Asignaciones Familiares (que es un acuerdo paritario) y no obtenemos ning\u00fan tipo de respuesta\u201d, sostuvo Petrocini.<\/p>\n<p>En este contexto, la titular del gremio indic\u00f3 que \u201cla respuesta al reclamo de los trabajadores docentes no puede seguir esperando\u201d y agreg\u00f3 que \u201cla sordera del Gobierno ha llevado a estos niveles de conflictividad\u201d.<\/p>\n<p>Asimismo, Petrocini ratific\u00f3 la realizaci\u00f3n de un paro de 48 horas para ma\u00f1ana y pasado ante la falta de respuestas oficiales a los pedidos del sector.<\/p>\n<p>\u201cNos llegan a diario denuncias de escuelas que, por falta de pago del Gobierno a proveedores, deben disminuir la cantidad y la calidad de los alimentos que se les brinda a los chicos\u201d, asegur\u00f3 la titular de la Federaci\u00f3n.<\/p>\n<p>Adem\u00e1s, Petrocini reclam\u00f3 \u201cuna urgente respuesta a los reclamos por infraestructura que venimos realizando. La FEB present\u00f3 un informe pormenorizado con detalles de los establecimientos con problemas y nunca tuvimos una respuesta concreta al respecto\u201d.<\/p>\n<p>Por su parte Roberto Baradel, dispar\u00f3: \u201cHay una grave par\u00e1lisis en el sistema educativo provincial. (La direcci\u00f3n de Educaci\u00f3n) no resuelve ning\u00fan conflicto, de manera que cada d\u00eda se agravan m\u00e1s\u201d.<\/p>\n<p>Otro sindicato que integra el Frente Gremial Docente y que nuclea a los maestros y profesores de los colegios privados, el Sadop, anunci\u00f3 que se sumaba a la huelga de 48 horas.<\/p>\n","protected":false},"excerpt":{"rendered":"<p>Este martes y mi\u00e9rcoles se cumplir\u00e1 el paro docente de 48 horas convocado por el Frente Gremial Bonaerense. Reclaman la reapertura de paritarias, la universalizaci\u00f3n del cobro de las asignaciones familiares, la regularizaci\u00f3n de los pagos a m\u00e1s de 3 mil docentes a los que se les adeudan haberes, la eliminaci\u00f3n del impuesto a las ganancias y una respuesta \u201curgente\u201d [&#8230;]<\/p>\n","protected":false},"author":11,"featured_media":0,"comment_status":"open","ping_status":"open","sticky":false,"template":"","format":"standard","meta":{"_jetpack_newsletter_access":"","_jetpack_dont_email_post_to_subs":false,"_jetpack_newsletter_tier_id":0,"_jetpack_memberships_contains_paywalled_content":false,"_jetpack_memberships_contains_paid_content":false,"footnotes":""},"categories":[40],"tags":[],"class_list":["post-2968","post","type-post","status-publish","format-standard","hentry","category-provincia"],"jetpack_featured_media_url":"","jetpack_shortlink":"https:\/\/wp.me\/p2JWE0-LS","jetpack-related-posts":[{"id":2341,"url":"https:\/\/www.24baires.com\/?p=2341","url_meta":{"origin":2968,"position":0},"title":"Docentes bonaerenses convocan a paro de 48 horas por \u00abpar\u00e1lisis en Educaci\u00f3n\u00bb","author":"AF","date":"16\/10\/2012","format":false,"excerpt":"Integrantes del Suteba, FEB, AMET, Sadop y UDA convocaron a una medida de fuerza para el martes 23 y el mi\u00e9rcoles 24 en reclamos del correcto cobro de salarios y la reapertura de paritarias del sector. Ma\u00f1ana habr\u00e1 una movilizaci\u00f3n a la Direcci\u00f3n General de Escuelas. El Frente Gremial Docente,\u2026","rel":"","context":"En \u00abSociedad\u00bb","block_context":{"text":"Sociedad","link":"https:\/\/www.24baires.com\/?cat=1"},"img":{"alt_text":"","src":"https:\/\/i0.wp.com\/www.24baires.com\/wp-content\/uploads\/2012\/10\/frentegremialdocentes1-300x226.jpg?resize=350%2C200","width":350,"height":200},"classes":[]},{"id":2412,"url":"https:\/\/www.24baires.com\/?p=2412","url_meta":{"origin":2968,"position":1},"title":"El Frente Gremial docente marcha a Direcci\u00f3n General de Educaci\u00f3n","author":"AF","date":"17\/10\/2012","format":false,"excerpt":"Miembros de la FEB, Suteba, Sadop, AMET y UDA, se concentran esta ma\u00f1ana para marchar al edificio de la cartera que conduce Nora de Luc\u00eda. Exigen el correcto pago de salarios de 3 mil docentes y la reapertura de paritarias. A partir de las 10 de la ma\u00f1ana, la Plaza\u2026","rel":"","context":"En \u00abSociedad\u00bb","block_context":{"text":"Sociedad","link":"https:\/\/www.24baires.com\/?cat=1"},"img":{"alt_text":"","src":"https:\/\/i0.wp.com\/www.24baires.com\/wp-content\/uploads\/2012\/10\/frentegremialdocentes2-300x179.jpg?resize=350%2C200","width":350,"height":200},"classes":[]},{"id":13275,"url":"https:\/\/www.24baires.com\/?p=13275","url_meta":{"origin":2968,"position":2},"title":"La FEB firme reclamando por eliminar el Impuesto a las Ganancias","author":"AF","date":"23\/01\/2013","format":false,"excerpt":"La presidente de la Federaci\u00f3n de Educadores Bonaerenses (FEB), Mirta Petrocini, afirm\u00f3 este mi\u00e9rcoles que \u201caunque la paritaria comenz\u00f3 en enero como reclamamos y se cumpli\u00f3, esta din\u00e1mica de la prolongaci\u00f3n provoca que las fechas de definici\u00f3n se acerquen demasiado a la del inicio del ciclo lectivo\u201d. En declaraciones period\u00edsticas,\u2026","rel":"","context":"En \u00abSociedad\u00bb","block_context":{"text":"Sociedad","link":"https:\/\/www.24baires.com\/?cat=1"},"img":{"alt_text":"","src":"","width":0,"height":0},"classes":[]},{"id":116246,"url":"https:\/\/www.24baires.com\/?p=116246","url_meta":{"origin":2968,"position":3},"title":"Docentes le piden a Kicillof que los llame a paritarias","author":"GB","date":"16\/09\/2020","format":false,"excerpt":"Los docentes bonaerenses agrupados en el FUDB hicieron saber su reclamo al Gobierno provincial para exigir un aumento salarial. Los docentes bonaerenses nucleados en el FUDB elevaron un nuevo pedido al gobierno de Axel Kicillof para que los convoque a paritarias para discutir aumento salarial. El reclamo se suma al\u2026","rel":"","context":"En \u00abProvincia\u00bb","block_context":{"text":"Provincia","link":"https:\/\/www.24baires.com\/?cat=40"},"img":{"alt_text":"","src":"https:\/\/i0.wp.com\/www.24baires.com\/wp-content\/uploads\/2020\/01\/kicillof-docentes.jpeg?resize=350%2C200","width":350,"height":200,"srcset":"https:\/\/i0.wp.com\/www.24baires.com\/wp-content\/uploads\/2020\/01\/kicillof-docentes.jpeg?resize=350%2C200 1x, https:\/\/i0.wp.com\/www.24baires.com\/wp-content\/uploads\/2020\/01\/kicillof-docentes.jpeg?resize=525%2C300 1.5x"},"classes":[]},{"id":18113,"url":"https:\/\/www.24baires.com\/?p=18113","url_meta":{"origin":2968,"position":4},"title":"Luego de otro fracaso en las paritarias, los docentes endurecen las medidas de fuerza","author":"Grupo Sierra","date":"11\/03\/2013","format":false,"excerpt":"LA PLATA-\u00a0Tras fracasar una nueva reuni\u00f3n entre el gobierno y representantes del Frente Gremial, a quienes se les ofreci\u00f3 una suba del 18,6%, los docentes redoblan la apuesta y anuncian grandes movilizaciones tanto en el interior provincial, como en la capital bonaerense con marchas a la Casa de Gobierno. Luego\u2026","rel":"","context":"En \u00abProvincia\u00bb","block_context":{"text":"Provincia","link":"https:\/\/www.24baires.com\/?cat=40"},"img":{"alt_text":"","src":"","width":0,"height":0},"classes":[]},{"id":4468,"url":"https:\/\/www.24baires.com\/?p=4468","url_meta":{"origin":2968,"position":5},"title":"El Frente Gremial Docente se reunir\u00e1 este martes con Nora de Luc\u00eda","author":"AF","date":"05\/11\/2012","format":false,"excerpt":"Lo confirm\u00f3 el titular de Suteba, Roberto Baradel, quien adelant\u00f3 que \u201ccreemos que la convocatoria es un paso positivo para comenzar a resolver este conflicto\u201d, que ya lleva varias semanas. El encuentro ser\u00e1 a las 18 en la Direcci\u00f3n de Escuelas y se espera que finalmente De Luc\u00eda atienda los\u2026","rel":"","context":"En \u00abSociedad\u00bb","block_context":{"text":"Sociedad","link":"https:\/\/www.24baires.com\/?cat=1"},"img":{"alt_text":"","src":"","width":0,"height":0},"classes":[]}],"jetpack_sharing_enabled":true,"jetpack_likes_enabled":true,"_links":{"self":[{"href":"https:\/\/www.24baires.com\/index.php?rest_route=\/wp\/v2\/posts\/2968","targetHints":{"allow":["GET"]}}],"collection":[{"href":"https:\/\/www.24baires.com\/index.php?rest_route=\/wp\/v2\/posts"}],"about":[{"href":"https:\/\/www.24baires.com\/index.php?rest_route=\/wp\/v2\/types\/post"}],"author":[{"embeddable":true,"href":"https:\/\/www.24baires.com\/index.php?rest_route=\/wp\/v2\/users\/11"}],"replies":[{"embeddable":true,"href":"https:\/\/www.24baires.com\/index.php?rest_route=%2Fwp%2Fv2%2Fcomments&post=2968"}],"version-history":[{"count":3,"href":"https:\/\/www.24baires.com\/index.php?rest_route=\/wp\/v2\/posts\/2968\/revisions"}],"predecessor-version":[{"id":3027,"href":"https:\/\/www.24baires.com\/index.php?rest_route=\/wp\/v2\/posts\/2968\/revisions\/3027"}],"wp:attachment":[{"href":"https:\/\/www.24baires.com\/index.php?rest_route=%2Fwp%2Fv2%2Fmedia&parent=2968"}],"wp:term":[{"taxonomy":"category","embeddable":true,"href":"https:\/\/www.24baires.com\/index.php?rest_route=%2Fwp%2Fv2%2Fcategories&post=2968"},{"taxonomy":"post_tag","embeddable":true,"href":"https:\/\/www.24baires.com\/index.php?rest_route=%2Fwp%2Fv2%2Ftags&post=2968"}],"curies":[{"name":"wp","href":"https:\/\/api.w.org\/{rel}","templated":true}]}}