{"id":29632,"date":"2013-08-06T19:00:50","date_gmt":"2013-08-06T22:00:50","guid":{"rendered":"http:\/\/www.24baires.com\/?p=29632"},"modified":"2013-08-06T13:20:18","modified_gmt":"2013-08-06T16:20:18","slug":"crean-un-smartplate-que-transforma-la-comida-en-sonido","status":"publish","type":"post","link":"https:\/\/www.24baires.com\/?p=29632","title":{"rendered":"Crean un &#8216;SmartPlate&#8217; que transforma la comida en sonido"},"content":{"rendered":"<p><img data-recalc-dims=\"1\" loading=\"lazy\" decoding=\"async\" class=\"aligncenter size-full wp-image-29633\" alt=\"SMART PLATO\" src=\"https:\/\/i0.wp.com\/www.24baires.com\/wp-content\/uploads\/2013\/08\/SMART-PLATO.jpg?resize=560%2C421\" width=\"560\" height=\"421\" srcset=\"https:\/\/i0.wp.com\/www.24baires.com\/wp-content\/uploads\/2013\/08\/SMART-PLATO.jpg?w=560&amp;ssl=1 560w, https:\/\/i0.wp.com\/www.24baires.com\/wp-content\/uploads\/2013\/08\/SMART-PLATO.jpg?resize=300%2C225&amp;ssl=1 300w\" sizes=\"auto, (max-width: 560px) 100vw, 560px\" \/><\/p>\n<p>A un dise\u00f1ador rumano se le ocurri\u00f3 que cada comida puede traducirse en m\u00fasica, ritmo y armon\u00eda. Con este aparato, pod\u00e9s elegir el men\u00fa de acuerdo con qu\u00e9 ten\u00e9s ganas de escuchar.<!--more--><br \/>\nQu\u00e9 ten\u00e9s ganas de cenar esta noche? \u00bfBach? \u00bfThe Clash? \u00bfO un poco de Andr\u00e9s Calamaro? Estos pensamientos suenan absurdos, a menos que tengas en casa el SmartPlate, proyecto presentado por el rumano Julian Caraulani, uno de los finalistas del concurso Electrolux Design Lab 2012. Este plato inteligente \u201centiende la comida y la transforma en sonido\u201d, seg\u00fan explica su creador.<br \/>\n\u201cDe esta forma \u2013a\u00f1ade\u2013 se completa el circulo de sentidos a trav\u00e9s los cuales entendemos lo que comemos\u201d. Concretamente, el plato mide los diferentes aspectos de la comida servida (PH, peso, temperatura) y las transforma en m\u00fasica, ritmo y armon\u00eda. El proyecto incluye tambi\u00e9n una lista de recetas agrupadas, no por sabor, sino por sonido, como para que elijas tu cena de acuerdo a lo que tengas ganas de escuchar. \u00bfQu\u00e9 pasa si vos quer\u00e9s comer Rolling Stones y tu hijita tiene antojo del Sapo Pepe? No lo sabemos.<\/p>\n<p>&nbsp;<\/p>\n<p>&nbsp;<\/p>\n<p>&nbsp;<\/p>\n<p>&nbsp;<\/p>\n<p>&nbsp;<\/p>\n<p>&nbsp;<\/p>\n<p>&nbsp;<\/p>\n<p>&nbsp;<\/p>\n<p>&nbsp;<\/p>\n<p>&nbsp;<\/p>\n<p>&nbsp;<\/p>\n<p>&nbsp;<\/p>\n<p>&nbsp;<\/p>\n<p>&nbsp;<\/p>\n","protected":false},"excerpt":{"rendered":"<p>A un dise\u00f1ador rumano se le ocurri\u00f3 que cada comida puede traducirse en m\u00fasica, ritmo y armon\u00eda. Con este aparato, pod\u00e9s elegir el men\u00fa de acuerdo con qu\u00e9 ten\u00e9s ganas de escuchar.<\/p>\n","protected":false},"author":4,"featured_media":0,"comment_status":"open","ping_status":"open","sticky":false,"template":"","format":"standard","meta":{"_jetpack_newsletter_access":"","_jetpack_dont_email_post_to_subs":false,"_jetpack_newsletter_tier_id":0,"_jetpack_memberships_contains_paywalled_content":false,"_jetpack_memberships_contains_paid_content":false,"footnotes":""},"categories":[52],"tags":[],"class_list":["post-29632","post","type-post","status-publish","format-standard","hentry","category-cocina-vinos"],"jetpack_featured_media_url":"","jetpack_shortlink":"https:\/\/wp.me\/p2JWE0-7HW","jetpack-related-posts":[{"id":6767,"url":"https:\/\/www.24baires.com\/?p=6767","url_meta":{"origin":29632,"position":0},"title":"El Astor de Oro fue para una pel\u00edcula rumana","author":"Grupo Sierra","date":"25\/11\/2012","format":false,"excerpt":"El filme rumano \u201cBeyond the hills\u201d, en el que Cristian Mungiu narra la historia de un amor imposible entre dos j\u00f3venes que viven en un contexto de religiosidad extrema, se consagr\u00f3 como la Mejor Pel\u00edcula del 27mo. Festival Internacional de Cine de Mar del Plata, que concluy\u00f3 hoy en una\u2026","rel":"","context":"En \u00abArte &amp; Cultura\u00bb","block_context":{"text":"Arte &amp; Cultura","link":"https:\/\/www.24baires.com\/?cat=53"},"img":{"alt_text":"","src":"https:\/\/i0.wp.com\/www.24baires.com\/wp-content\/uploads\/2012\/11\/beyondthehills.jpg?resize=350%2C200","width":350,"height":200,"srcset":"https:\/\/i0.wp.com\/www.24baires.com\/wp-content\/uploads\/2012\/11\/beyondthehills.jpg?resize=350%2C200 1x, https:\/\/i0.wp.com\/www.24baires.com\/wp-content\/uploads\/2012\/11\/beyondthehills.jpg?resize=525%2C300 1.5x"},"classes":[]},{"id":10559,"url":"https:\/\/www.24baires.com\/?p=10559","url_meta":{"origin":29632,"position":1},"title":"Scioli: \u00abCon Mariotto arrancamos con dificultades, pero terminamos el a\u00f1o en armon\u00eda\u201d","author":"AF","date":"27\/12\/2012","format":false,"excerpt":"LA PLATA - El gobernador Daniel Scioli, encabez\u00f3 el tradicional brindis de fin de a\u00f1o con los periodistas acreditados en la Gobernaci\u00f3n bonaerense. Repas\u00f3 diferentes puntos de su gesti\u00f3n y asegur\u00f3: \u201csomos el gobierno que m\u00e1s coparticipaci\u00f3n ha girado en la historia de la provincia Buenos Aires a los municipios\u201d.\u2026","rel":"","context":"En \u00abPol\u00edtica\u00bb","block_context":{"text":"Pol\u00edtica","link":"https:\/\/www.24baires.com\/?cat=51"},"img":{"alt_text":"scioli conferencia","src":"https:\/\/i0.wp.com\/www.24baires.com\/wp-content\/uploads\/2012\/12\/scioli-conferencia.jpg?resize=350%2C200","width":350,"height":200,"srcset":"https:\/\/i0.wp.com\/www.24baires.com\/wp-content\/uploads\/2012\/12\/scioli-conferencia.jpg?resize=350%2C200 1x, https:\/\/i0.wp.com\/www.24baires.com\/wp-content\/uploads\/2012\/12\/scioli-conferencia.jpg?resize=525%2C300 1.5x"},"classes":[]},{"id":47089,"url":"https:\/\/www.24baires.com\/?p=47089","url_meta":{"origin":29632,"position":2},"title":"Los Rolling Stones podr\u00edan hacer un show en Mar del Plata","author":"GB","date":"31\/05\/2014","format":false,"excerpt":"Grinbank anticipa que el proyecto con los Rolling Stones es que den tres recitales (o m\u00e1s) en el primer cuatrimestre de 2015. \"\u00bfD\u00f3nde? No vamos a producir en ning\u00fan estadio de f\u00fatbol, porque el tema de las barras es excluyente. Pas\u00f3 en River con Roger Waters: les cost\u00f3 5 mil\u2026","rel":"","context":"En \u00abEspectaculos\u00bb","block_context":{"text":"Espectaculos","link":"https:\/\/www.24baires.com\/?cat=41"},"img":{"alt_text":"The Rolling Stones on the Pyramid stage","src":"https:\/\/i0.wp.com\/www.24baires.com\/wp-content\/uploads\/2014\/05\/rolling.jpg?resize=350%2C200","width":350,"height":200,"srcset":"https:\/\/i0.wp.com\/www.24baires.com\/wp-content\/uploads\/2014\/05\/rolling.jpg?resize=350%2C200 1x, https:\/\/i0.wp.com\/www.24baires.com\/wp-content\/uploads\/2014\/05\/rolling.jpg?resize=525%2C300 1.5x"},"classes":[]},{"id":61138,"url":"https:\/\/www.24baires.com\/?p=61138","url_meta":{"origin":29632,"position":3},"title":"Subasta su virginidad por mil d\u00f3lares pero nadie la quiere comprar","author":"GB","date":"02\/02\/2015","format":false,"excerpt":"Un rumano de 29 a\u00f1os puso en venta su virginidad ya que necesitaba el dinero, aunque luego se llev\u00f3 la gran decepci\u00f3n de no encontrar a alg\u00fan interesado. El rumano Seb Ciercies, de 29 a\u00f1os, puso en venta su \u201cexcelente cuerpo\u201d y su virginidad, por la suma de 850 euros\u2026","rel":"","context":"En \u00abMuy Bizarro\u00bb","block_context":{"text":"Muy Bizarro","link":"https:\/\/www.24baires.com\/?cat=77"},"img":{"alt_text":"vende virginidad","src":"https:\/\/i0.wp.com\/www.24baires.com\/wp-content\/uploads\/2015\/02\/vende-virginidad.png?resize=350%2C200","width":350,"height":200,"srcset":"https:\/\/i0.wp.com\/www.24baires.com\/wp-content\/uploads\/2015\/02\/vende-virginidad.png?resize=350%2C200 1x, https:\/\/i0.wp.com\/www.24baires.com\/wp-content\/uploads\/2015\/02\/vende-virginidad.png?resize=525%2C300 1.5x"},"classes":[]},{"id":41590,"url":"https:\/\/www.24baires.com\/?p=41590","url_meta":{"origin":29632,"position":4},"title":"La Selecci\u00f3n empat\u00f3 con Rumania en un flojo amistoso","author":"Grupo Sierra","date":"05\/03\/2014","format":false,"excerpt":"El equipo de Alejandro Sabella no pudo superar a su par rumano en una floja actuaci\u00f3n en Budapest en el marco de un amistoso de cara a la Copa del Mundo Brasil 2014. Fue un opaco 0 a 0. El encuentro se disput\u00f3 en el estadio Nacional de la ciudad\u2026","rel":"","context":"En \u00abDeportes\u00bb","block_context":{"text":"Deportes","link":"https:\/\/www.24baires.com\/?cat=12"},"img":{"alt_text":"messi","src":"https:\/\/i0.wp.com\/www.24baires.com\/wp-content\/uploads\/2014\/03\/messi.jpg?resize=350%2C200","width":350,"height":200},"classes":[]},{"id":24260,"url":"https:\/\/www.24baires.com\/?p=24260","url_meta":{"origin":29632,"position":5},"title":"Forster: \u201cCuando la sociedad recupera la pol\u00edtica el lugar del periodista cambia\u00bb","author":"Grupo Sierra","date":"24\/05\/2013","format":false,"excerpt":"Ricardo Forster, intelectual e integrante de Carta Abierta, en contacto con Radio La Plata expres\u00f3 que: \u201cMuchas veces se ha pensado que el periodismo viene a salvar a la sociedad ante la falta de justicia; cuando la sociedad vuelve a recuperar la pol\u00edtica, los debates, y lo hace con actores\u2026","rel":"","context":"En \u00abPol\u00edtica\u00bb","block_context":{"text":"Pol\u00edtica","link":"https:\/\/www.24baires.com\/?cat=51"},"img":{"alt_text":"forster","src":"https:\/\/i0.wp.com\/www.24baires.com\/wp-content\/uploads\/2013\/05\/forster-298x300.jpg?resize=350%2C200","width":350,"height":200},"classes":[]}],"jetpack_sharing_enabled":true,"jetpack_likes_enabled":true,"_links":{"self":[{"href":"https:\/\/www.24baires.com\/index.php?rest_route=\/wp\/v2\/posts\/29632","targetHints":{"allow":["GET"]}}],"collection":[{"href":"https:\/\/www.24baires.com\/index.php?rest_route=\/wp\/v2\/posts"}],"about":[{"href":"https:\/\/www.24baires.com\/index.php?rest_route=\/wp\/v2\/types\/post"}],"author":[{"embeddable":true,"href":"https:\/\/www.24baires.com\/index.php?rest_route=\/wp\/v2\/users\/4"}],"replies":[{"embeddable":true,"href":"https:\/\/www.24baires.com\/index.php?rest_route=%2Fwp%2Fv2%2Fcomments&post=29632"}],"version-history":[{"count":2,"href":"https:\/\/www.24baires.com\/index.php?rest_route=\/wp\/v2\/posts\/29632\/revisions"}],"predecessor-version":[{"id":29635,"href":"https:\/\/www.24baires.com\/index.php?rest_route=\/wp\/v2\/posts\/29632\/revisions\/29635"}],"wp:attachment":[{"href":"https:\/\/www.24baires.com\/index.php?rest_route=%2Fwp%2Fv2%2Fmedia&parent=29632"}],"wp:term":[{"taxonomy":"category","embeddable":true,"href":"https:\/\/www.24baires.com\/index.php?rest_route=%2Fwp%2Fv2%2Fcategories&post=29632"},{"taxonomy":"post_tag","embeddable":true,"href":"https:\/\/www.24baires.com\/index.php?rest_route=%2Fwp%2Fv2%2Ftags&post=29632"}],"curies":[{"name":"wp","href":"https:\/\/api.w.org\/{rel}","templated":true}]}}