{"id":29616,"date":"2013-08-06T17:00:58","date_gmt":"2013-08-06T20:00:58","guid":{"rendered":"http:\/\/www.24baires.com\/?p=29616"},"modified":"2013-08-06T12:20:45","modified_gmt":"2013-08-06T15:20:45","slug":"el-massagate","status":"publish","type":"post","link":"https:\/\/www.24baires.com\/?p=29616","title":{"rendered":"El Massagate"},"content":{"rendered":"<p><img data-recalc-dims=\"1\" loading=\"lazy\" decoding=\"async\" class=\"aligncenter size-full wp-image-26900\" alt=\"massa otra\" src=\"https:\/\/i0.wp.com\/www.24baires.com\/wp-content\/uploads\/2013\/06\/massa-otra.jpg?resize=560%2C320\" width=\"560\" height=\"320\" srcset=\"https:\/\/i0.wp.com\/www.24baires.com\/wp-content\/uploads\/2013\/06\/massa-otra.jpg?w=560&amp;ssl=1 560w, https:\/\/i0.wp.com\/www.24baires.com\/wp-content\/uploads\/2013\/06\/massa-otra.jpg?resize=300%2C171&amp;ssl=1 300w\" sizes=\"auto, (max-width: 560px) 100vw, 560px\" \/>A poco menos de una semana de las elecciones Primarias, Abiertas, Simult\u00e1neas y Obligatorias, la campa\u00f1a del pre candidato del Frente Renovador, Sergio Massa, parece no haber terminado.<!--more--><\/p>\n<p>Una red de intrigas se teji\u00f3 alrededor del robo que sufri\u00f3 el intendente en su casa del barrio privado Isla del Sol el pasado 20 de Julio, en donde se extrajo dinero, informaci\u00f3n contenida en pen drives y art\u00edculos personales. En la causa se encuentra detenido un miembro de la Prefectura Nacional vinculada con la Secretar\u00eda de Seguridad de la Naci\u00f3n, Alcides D\u00edaz Gorgonio.<br \/>\nEn una primera instancia, el hecho qued\u00f3 oculto a los ojos de la prensa, algo quiz\u00e1s conveniente para Massa quien insiste en la inseguridad como foco central de su campa\u00f1a. Pero fue en vano, porque aun as\u00ed la noticia lleg\u00f3 a conocerse. Entonces hab\u00eda que buscar una manera para que este hecho de infortunio no tuviera una repercusi\u00f3n negativa en los d\u00edas previos a las elecciones.<br \/>\nPara esto, Sergio Massa decidi\u00f3 dar una conferencia de prensa y ofrecer su declaraci\u00f3n y parecer sobre lo ocurrido, asegur\u00f3 que no se trat\u00f3 de encubrir el episodio y que el mismo no opacar\u00eda su candidatura ya que \u201cel robo fue esclarecido en 24 horas y eso demostrar\u00eda que el sistema de vigilancia funciona\u201d.<br \/>\n\u201cPartimos del supuesto de que se trata de un vivo, pero tampoco queremos descartar ninguna otra cosa\u201d dijo el ahora candidato a diputado nacional, abriendo la puerta a la posibilidad de que todo se trate de un acto pol\u00edtico.<br \/>\nY ac\u00e1 la pregunta, un hecho pol\u00edtico \u00bfen su contra u organizado para favorecer su compa\u00f1a? El diario la Naci\u00f3n, por su parte mostr\u00f3 su teor\u00eda al escribir en sus p\u00e1ginas que existe una sospecha sobre un nexo entre el prefecto detenido y el \u00e1rea de inteligencia del Gobierno Nacional. Por su parte, el secretario de Seguridad de la Naci\u00f3n, Sergio Berni asegur\u00f3 que D\u00edaz Gorgonio era un conocido de la familia de Massa y que \u201cactuaba como su puntero pol\u00edtico\u201d. Adem\u00e1s, asever\u00f3 que el intendente de Tigre, en 2007 pidi\u00f3 que, el ahora delincuente, sea seguridad privada de su barrio.<br \/>\nEl fiscal a cargo de la causa, Mariano Magaz, se encuentra en el ojo de la tormenta despu\u00e9s que, tanto Berni como el Ministro de Justicia y Seguridad bonaerense, Roberto Casal, cuestionaron c\u00f3mo se est\u00e1 realizando la investigaci\u00f3n y las condiciones que llevaron al arresto de D\u00edaz Gorgorio. El secretario de Seguridad afirm\u00f3 que dichas acciones fueron \u201cirregularidades que tienden a llevar a esta investigaci\u00f3n a una nulidad absoluta\u201d.<br \/>\nSe manejan entonces varias opciones acerca del trasfondo de este robo, que vale recordar se encontraron todos los objetos ultrajados. \u00bfSe trat\u00f3 de una \u00faltima estrategia en la campa\u00f1a pol\u00edtica?, \u00bftrataron de victimizar al candidato, de asegurar la eficacia de la video vigilancia?, \u00bfpudo haberse organizado un auto-robo que terminar\u00e1 con la nulidad del proceso? o como deja a entre ver despu\u00e9s de la conferencia de prensa, \u00bfse trat\u00f3 de un golpe para \u201casustarlo\u201d? Lo cierto es que a 6 d\u00edas de las elecciones primarias, Massa est\u00e1 en boca de todas las vertientes pol\u00edticas, sea cual fuere su real organizaci\u00f3n.<\/p>\n","protected":false},"excerpt":{"rendered":"<p>A poco menos de una semana de las elecciones Primarias, Abiertas, Simult\u00e1neas y Obligatorias, la campa\u00f1a del pre candidato del Frente Renovador, Sergio Massa, parece no haber terminado.<\/p>\n","protected":false},"author":4,"featured_media":0,"comment_status":"open","ping_status":"open","sticky":false,"template":"","format":"standard","meta":{"_jetpack_newsletter_access":"","_jetpack_dont_email_post_to_subs":false,"_jetpack_newsletter_tier_id":0,"_jetpack_memberships_contains_paywalled_content":false,"_jetpack_memberships_contains_paid_content":false,"footnotes":""},"categories":[64],"tags":[],"class_list":["post-29616","post","type-post","status-publish","format-standard","hentry","category-opinion"],"jetpack_featured_media_url":"","jetpack_shortlink":"https:\/\/wp.me\/p2JWE0-7HG","jetpack-related-posts":[{"id":119844,"url":"https:\/\/www.24baires.com\/?p=119844","url_meta":{"origin":29616,"position":0},"title":"Massa present\u00f3 una denuncia para que se investigue el origen del apag\u00f3n","author":"AF","date":"01\/03\/2023","format":false,"excerpt":"El ministro de Econom\u00eda, Sergio Massa, present\u00f3 hoy una denuncia ante la justicia federal \"a fin de investigar, perseguir y en su caso detener\" a los responsables de los incendios que afectaron a redes de alta tensi\u00f3n en el partido bonaerense de Campana, episodios sobre los que expres\u00f3 sus sospechas\u2026","rel":"","context":"En \u00abPol\u00edtica\u00bb","block_context":{"text":"Pol\u00edtica","link":"https:\/\/www.24baires.com\/?cat=51"},"img":{"alt_text":"","src":"https:\/\/i0.wp.com\/www.24baires.com\/wp-content\/uploads\/2023\/03\/massa.webp?resize=350%2C200","width":350,"height":200,"srcset":"https:\/\/i0.wp.com\/www.24baires.com\/wp-content\/uploads\/2023\/03\/massa.webp?resize=350%2C200 1x, https:\/\/i0.wp.com\/www.24baires.com\/wp-content\/uploads\/2023\/03\/massa.webp?resize=525%2C300 1.5x, https:\/\/i0.wp.com\/www.24baires.com\/wp-content\/uploads\/2023\/03\/massa.webp?resize=700%2C400 2x"},"classes":[]},{"id":27652,"url":"https:\/\/www.24baires.com\/?p=27652","url_meta":{"origin":29616,"position":1},"title":"\u00abSi tuviera que votar en Provincia lo har\u00eda por Massa\u00bb, asegur\u00f3 Macri","author":"AF","date":"05\/07\/2013","format":false,"excerpt":"El jefe de Gobierno porte\u00f1o que hizo \"un acuerdo y una apuesta a futuro\" con el intendente de Tigre y precandidato a diputado, aunque se mostr\u00f3 prudente ante el inicio de la campa\u00f1a electoral. En la antesala del inicio de la campa\u00f1a electoral, el jefe de Gobierno porte\u00f1o, Mauricio Macri,\u2026","rel":"","context":"En \u00abPol\u00edtica\u00bb","block_context":{"text":"Pol\u00edtica","link":"https:\/\/www.24baires.com\/?cat=51"},"img":{"alt_text":"macri massa","src":"https:\/\/i0.wp.com\/www.24baires.com\/wp-content\/uploads\/2013\/07\/macri-massa.jpg?resize=350%2C200","width":350,"height":200,"srcset":"https:\/\/i0.wp.com\/www.24baires.com\/wp-content\/uploads\/2013\/07\/macri-massa.jpg?resize=350%2C200 1x, https:\/\/i0.wp.com\/www.24baires.com\/wp-content\/uploads\/2013\/07\/macri-massa.jpg?resize=525%2C300 1.5x"},"classes":[]},{"id":29557,"url":"https:\/\/www.24baires.com\/?p=29557","url_meta":{"origin":29616,"position":2},"title":"Berni: \u00abel asaltante de Massa es un puntero pol\u00edtico y su remisero\u00bb","author":"AF","date":"05\/08\/2013","format":false,"excerpt":"El secretario de Seguridad de la Naci\u00f3n, Sergio Berni, asegur\u00f3 este lunes que el prefecto que asalt\u00f3 la casa de Sergio Massa tiene un v\u00ednculo cercano con el intendente de Tigre. \"No me como que fue un hecho de inseguridad cuando la v\u00edctima conoc\u00eda al victimario\", dijo en declaraciones radiales.\u2026","rel":"","context":"En \u00abPol\u00edtica\u00bb","block_context":{"text":"Pol\u00edtica","link":"https:\/\/www.24baires.com\/?cat=51"},"img":{"alt_text":"","src":"","width":0,"height":0},"classes":[]},{"id":30147,"url":"https:\/\/www.24baires.com\/?p=30147","url_meta":{"origin":29616,"position":3},"title":"\u00abMassa y su gente son los que nos jodieron la vida en 2001\u00bb","author":"AF","date":"14\/08\/2013","format":false,"excerpt":"As\u00ed lo asegur\u00f3 Mario Secco, intendente de Ensenada, quien agreg\u00f3 que el intendente de Tigre \"oculta los intereses que representa, no tiene ninguna clase de proyecto colectivo, es un proyecto unipersonal y vac\u00edo ideol\u00f3gicamente\u201d. Mario Secco, asegur\u00f3 hoy que el candidato a diputado nacional por el Frente Renovador de Buenos\u2026","rel":"","context":"En \u00abPol\u00edtica\u00bb","block_context":{"text":"Pol\u00edtica","link":"https:\/\/www.24baires.com\/?cat=51"},"img":{"alt_text":"massa","src":"https:\/\/i0.wp.com\/www.24baires.com\/wp-content\/uploads\/2013\/08\/massa.png?resize=350%2C200","width":350,"height":200,"srcset":"https:\/\/i0.wp.com\/www.24baires.com\/wp-content\/uploads\/2013\/08\/massa.png?resize=350%2C200 1x, https:\/\/i0.wp.com\/www.24baires.com\/wp-content\/uploads\/2013\/08\/massa.png?resize=525%2C300 1.5x"},"classes":[]},{"id":48351,"url":"https:\/\/www.24baires.com\/?p=48351","url_meta":{"origin":29616,"position":4},"title":"Massa arruin\u00f3 un acto de escuela y lo transform\u00f3 en campa\u00f1a pol\u00edtica","author":"Grupo Sierra","date":"19\/06\/2014","format":false,"excerpt":"El diputado ech\u00f3 a los funcionarios que ten\u00edan que tomarle juramento a la Bandera a los alumnos y decidi\u00f3 hacerlo \u00e9l mismo. \"Nunca vivimos una situaci\u00f3n semejante, es lamentable\", reclamaron del colegio. El titular del Frente Renovador, Sergio Massa, protagoniz\u00f3 un nuevo esc\u00e1ndalo en la Provincia cuando sac\u00f3 a quienes\u2026","rel":"","context":"En \u00abPol\u00edtica\u00bb","block_context":{"text":"Pol\u00edtica","link":"https:\/\/www.24baires.com\/?cat=51"},"img":{"alt_text":"massa otra","src":"https:\/\/i0.wp.com\/www.24baires.com\/wp-content\/uploads\/2013\/06\/massa-otra.jpg?resize=350%2C200","width":350,"height":200,"srcset":"https:\/\/i0.wp.com\/www.24baires.com\/wp-content\/uploads\/2013\/06\/massa-otra.jpg?resize=350%2C200 1x, https:\/\/i0.wp.com\/www.24baires.com\/wp-content\/uploads\/2013\/06\/massa-otra.jpg?resize=525%2C300 1.5x"},"classes":[]},{"id":32705,"url":"https:\/\/www.24baires.com\/?p=32705","url_meta":{"origin":29616,"position":5},"title":"\u00abMassa no habla nunca y todos los d\u00edas es tapa del diario\u00bb asever\u00f3 Insaurralde","author":"GB","date":"29\/09\/2013","format":false,"excerpt":"As\u00ed lo afirm\u00f3 el primer candidato a diputado nacional por el Frente Para la Victoria, Mart\u00edn Insaurralde, quien adem\u00e1s critic\u00f3 que el referente y candidato por el Frente Renovador, Sergio Massa. Adem\u00e1s, asegur\u00f3 que la candidatura del intendente de Tigre es \"un atajo para un plan personal\". El primer candidato\u2026","rel":"","context":"En \u00abPol\u00edtica\u00bb","block_context":{"text":"Pol\u00edtica","link":"https:\/\/www.24baires.com\/?cat=51"},"img":{"alt_text":"","src":"","width":0,"height":0},"classes":[]}],"jetpack_sharing_enabled":true,"jetpack_likes_enabled":true,"_links":{"self":[{"href":"https:\/\/www.24baires.com\/index.php?rest_route=\/wp\/v2\/posts\/29616","targetHints":{"allow":["GET"]}}],"collection":[{"href":"https:\/\/www.24baires.com\/index.php?rest_route=\/wp\/v2\/posts"}],"about":[{"href":"https:\/\/www.24baires.com\/index.php?rest_route=\/wp\/v2\/types\/post"}],"author":[{"embeddable":true,"href":"https:\/\/www.24baires.com\/index.php?rest_route=\/wp\/v2\/users\/4"}],"replies":[{"embeddable":true,"href":"https:\/\/www.24baires.com\/index.php?rest_route=%2Fwp%2Fv2%2Fcomments&post=29616"}],"version-history":[{"count":2,"href":"https:\/\/www.24baires.com\/index.php?rest_route=\/wp\/v2\/posts\/29616\/revisions"}],"predecessor-version":[{"id":29620,"href":"https:\/\/www.24baires.com\/index.php?rest_route=\/wp\/v2\/posts\/29616\/revisions\/29620"}],"wp:attachment":[{"href":"https:\/\/www.24baires.com\/index.php?rest_route=%2Fwp%2Fv2%2Fmedia&parent=29616"}],"wp:term":[{"taxonomy":"category","embeddable":true,"href":"https:\/\/www.24baires.com\/index.php?rest_route=%2Fwp%2Fv2%2Fcategories&post=29616"},{"taxonomy":"post_tag","embeddable":true,"href":"https:\/\/www.24baires.com\/index.php?rest_route=%2Fwp%2Fv2%2Ftags&post=29616"}],"curies":[{"name":"wp","href":"https:\/\/api.w.org\/{rel}","templated":true}]}}