{"id":2960,"date":"2012-10-22T20:05:06","date_gmt":"2012-10-22T23:05:06","guid":{"rendered":"http:\/\/www.24baires.com\/?p=2960"},"modified":"2012-10-22T20:28:53","modified_gmt":"2012-10-22T23:28:53","slug":"scioli-es-el-comodin-de-los-diarios-hegemonicos","status":"publish","type":"post","link":"https:\/\/www.24baires.com\/?p=2960","title":{"rendered":"Scioli es el comod\u00edn de los diarios hegem\u00f3nicos"},"content":{"rendered":"<p><img data-recalc-dims=\"1\" loading=\"lazy\" decoding=\"async\" class=\"aligncenter size-full wp-image-2961\" title=\"scioli medios\" src=\"https:\/\/i0.wp.com\/www.24baires.com\/wp-content\/uploads\/2012\/10\/scioli-medios.jpg?resize=560%2C323\" alt=\"\" width=\"560\" height=\"323\" srcset=\"https:\/\/i0.wp.com\/www.24baires.com\/wp-content\/uploads\/2012\/10\/scioli-medios.jpg?w=560&amp;ssl=1 560w, https:\/\/i0.wp.com\/www.24baires.com\/wp-content\/uploads\/2012\/10\/scioli-medios.jpg?resize=300%2C173&amp;ssl=1 300w\" sizes=\"auto, (max-width: 560px) 100vw, 560px\" \/><\/p>\n<p>Aunque buscan posicionar a Macri como l\u00edder de la oposici\u00f3n, varios medios vienen especulando con las posibilidades del gobernador bonaerense y su grupo pol\u00edtico en la antesala de la campa\u00f1a por la sucesi\u00f3n presidencial. Lo hacen en medio de su disputa por la inminente aplicaci\u00f3n de la Ley Servicios de Comunicaci\u00f3n Audiovisual.<!--more--><\/p>\n<p>Este lunes, el diario Clar\u00edn busca relacionar el 7 de diciembre \u2013fecha en la cual vence el recurso judicial que frena el art\u00edculo 161 de la Ley de Servicios de Comunicaci\u00f3n Audiovisual- con la situaci\u00f3n interna en el oficialismo.<\/p>\n<p>Eduardo Aulicino dice que la disputa con Clar\u00edn \u201ces utilizada tambi\u00e9n por Olivos para mantener alineado al oficialismo frente a la sucesi\u00f3n de conflictos y esc\u00e1ndalos que mueven la agenda p\u00fablica (\u2026) pero curiosamente, tambi\u00e9n aquella ofensiva encendi\u00f3 alertas en el justicialismo: la designaci\u00f3n de Mart\u00edn Sabbatella al frente del operativo no es un dato irrelevante para los jefes territoriales del PJ bonaerense, en especial del GBA, que no lo ven como un socio sino como un competidor amenazante\u201d<\/p>\n<p>Seg\u00fan Aulicino, \u201cen el peronismo bonaerense, la designaci\u00f3n de Sabbattella al frente de AFSCA es registrado como una reafirmaci\u00f3n del esquema pol\u00edtico que moldea Cristina Fern\u00e1ndez de Kirchner, con el justicialismo como estructura que aporta votos, pero en un segundo plano del entramado de Olivos\u201d.<\/p>\n<p>Adem\u00e1s, afirma que \u201clos intendentes que se quedan sin el manejo del cuerpo de concejales terminan, por lo general, fuera de juego: son destituidos (\u2026) Ese es el fantasma que no quiere enfrentar ning\u00fan dirigente al frente de un municipio\u201d y por eso ver\u00edan mal a Sabbatella.<\/p>\n<p>\u201cEn un segundo escal\u00f3n se ubica la definici\u00f3n de las listas para la legislatura bonaerense, centro del juego de poder a nivel provincial (\u2026) En ese escenario, Scioli sabe que es vital lograr cierto manejo de la Legislatura (\u2026) que le permita asegurarse al menos que all\u00ed no se desarrollar\u00e1n maniobras desestabilizantes\u201d, dice Aulicino, y alude al supuesto \u201cdesprecio al PJ como formato partidario del peronismo\u201d por parte de la Presidenta.<\/p>\n<p>El diario Hoy habla por su parte de \u201cla pelea que se viene por las candidaturas\u201d, ya que \u201caltas fuentes de la Gobernaci\u00f3n, que se muestran convencidas acerca de que el sciolismo, con el apoyo de otros sectores del justicialismo kirchnerista, est\u00e1 en condiciones de exigirle a Cristina el 50% de los lugares en las listas para las elecciones legislativas del a\u00f1o que viene. De lo contrario, amenazan con ir a todo o nada, compitiendo en primarias contra los candidatos digitados por la Casa Rosada\u201d, desde donde seg\u00fan el diario se impulsar\u00eda la re-relecci\u00f3n de la Jefa de Estado.<\/p>\n<p>Para el matutino platense \u201ces evidente que el kirchnerismo no dar\u00e1 ning\u00fan tipo de concesi\u00f3n que pueda beneficiar al gobernador Daniel Scioli, cuando hoy por hoy es el enemigo p\u00fablico n\u00famero uno de la Casa Rosada, al ser el peronista mejor posicionado para suceder a Cristina en el sill\u00f3n de Rivadavia\u201d. Acorde con esta idea, el portal La Tecla alude al postergado lanzamiento de la agrupaci\u00f3n \u201csciolista\u201d denominada DOS.<\/p>\n<p>Scioli fue uno de los pol\u00edticos m\u00e1s mencionados en los art\u00edculos referidos al Coloquio de IDEA. El s\u00e1bado en Clar\u00edn, Silvia Naishtat alude a una encuesta de Poliarqu\u00eda seg\u00fan la cual \u201cse profundiza la ca\u00edda de la imagen de Cristina (\u2026) y aunque crecen Daniel Scioli y Sergio Massa, Mauricio Macri se posiciona como el l\u00edder de la oposici\u00f3n\u201d.<\/p>\n<p>A su vez, seg\u00fan Carlos Pagni, en La Naci\u00f3n, \u201ccuando a Daniel Scioli le preguntan a qui\u00e9n le gustar\u00eda parecerse si alg\u00fan d\u00eda fuera presidente\u201d menciona a Lula, por lo cual \u201cdebe haber sido doloroso para \u00e9l, entonces, no poder agasajar al ex presidente de Brasil en el Coloquio de IDEA, como ten\u00eda previsto\u201d, ya que particip\u00f3 de un acto con la Presidenta, que \u201cquer\u00eda que Scioli estuviera presente cuando los intendentes le ped\u00edan la relecci\u00f3n\u201d.<\/p>\n","protected":false},"excerpt":{"rendered":"<p>Aunque buscan posicionar a Macri como l\u00edder de la oposici\u00f3n, varios medios vienen especulando con las posibilidades del gobernador bonaerense y su grupo pol\u00edtico en la antesala de la campa\u00f1a por la sucesi\u00f3n presidencial. Lo hacen en medio de su disputa por la inminente aplicaci\u00f3n de la Ley Servicios de Comunicaci\u00f3n Audiovisual.<\/p>\n","protected":false},"author":11,"featured_media":0,"comment_status":"open","ping_status":"open","sticky":false,"template":"","format":"standard","meta":{"_jetpack_newsletter_access":"","_jetpack_dont_email_post_to_subs":false,"_jetpack_newsletter_tier_id":0,"_jetpack_memberships_contains_paywalled_content":false,"_jetpack_memberships_contains_paid_content":false,"footnotes":""},"categories":[54],"tags":[],"class_list":["post-2960","post","type-post","status-publish","format-standard","hentry","category-medios"],"jetpack_featured_media_url":"","jetpack_shortlink":"https:\/\/wp.me\/p2JWE0-LK","jetpack-related-posts":[{"id":30950,"url":"https:\/\/www.24baires.com\/?p=30950","url_meta":{"origin":2960,"position":0},"title":"Sabbatella: \u00abClar\u00edn quiere condicionar a los poderes p\u00fablicos y definir el rumbo del pa\u00eds\u00bb","author":"GB","date":"28\/08\/2013","format":false,"excerpt":"El titular de la Autoridad Federal de Servicios de Comunicaci\u00f3n Audiovisual (Afsca), Mart\u00edn Sabbatella, afirm\u00f3 que \"la democracia necesita que la ley de medios se aplique integralmente\", y expres\u00f3 que \"espero que este sea el paso previo para que la Corte (Suprema de Justicia) se pronuncie\", con respecto a la\u2026","rel":"","context":"En \u00abMedios\u00bb","block_context":{"text":"Medios","link":"https:\/\/www.24baires.com\/?cat=54"},"img":{"alt_text":"Sabbatella","src":"https:\/\/i0.wp.com\/www.24baires.com\/wp-content\/uploads\/2013\/08\/Sabbatella.jpg?resize=350%2C200","width":350,"height":200},"classes":[]},{"id":62039,"url":"https:\/\/www.24baires.com\/?p=62039","url_meta":{"origin":2960,"position":1},"title":"Ley de Medios: confirmaron la suspensi\u00f3n de la adecuaci\u00f3n de Clar\u00edn","author":"Grupo Sierra","date":"20\/02\/2015","format":false,"excerpt":"La Sala I de la C\u00e1mara Nacional de Apelaciones en lo Civil y Comercial Federal ratific\u00f3 este viernes el fallo del juez Horacio Alfonso que, como medida cautelar, hab\u00eda dispuesto el 9 de diciembre pasado la suspensi\u00f3n de los efectos de la Resoluci\u00f3n N\u00ba 1121\/AFSCA\/2014 y, por ende, del \"Procedimiento\u2026","rel":"","context":"En \u00abJUDICIALES\u00bb","block_context":{"text":"JUDICIALES","link":"https:\/\/www.24baires.com\/?cat=68"},"img":{"alt_text":"clar\u00edn","src":"https:\/\/i0.wp.com\/www.24baires.com\/wp-content\/uploads\/2014\/10\/clar%C3%ADn.jpg?resize=350%2C200","width":350,"height":200,"srcset":"https:\/\/i0.wp.com\/www.24baires.com\/wp-content\/uploads\/2014\/10\/clar%C3%ADn.jpg?resize=350%2C200 1x, https:\/\/i0.wp.com\/www.24baires.com\/wp-content\/uploads\/2014\/10\/clar%C3%ADn.jpg?resize=525%2C300 1.5x"},"classes":[]},{"id":34400,"url":"https:\/\/www.24baires.com\/?p=34400","url_meta":{"origin":2960,"position":2},"title":"Sabbatella notific\u00f3 al Grupo Clar\u00edn sobre el proceso de adecuaci\u00f3n","author":"AF","date":"31\/10\/2013","format":false,"excerpt":"El titular de la Autoridad Federal de Servicios de Comunicaci\u00f3n Audiovisual (Afsca), Mart\u00edn Sabbatella, notific\u00f3 la continuidad de la adecuaci\u00f3n de oficio al grupo Clar\u00edn tras el fallo de la Corte Suprema de Justicia que declar\u00f3 constitucional en todos los art\u00edculos la ley de servicios de comunicaci\u00f3n audiovisual. \"Con esto\u2026","rel":"","context":"En \u00abMedios\u00bb","block_context":{"text":"Medios","link":"https:\/\/www.24baires.com\/?cat=54"},"img":{"alt_text":"sabbatella","src":"https:\/\/i0.wp.com\/www.24baires.com\/wp-content\/uploads\/2013\/10\/sabbatella.jpg?resize=350%2C200","width":350,"height":200,"srcset":"https:\/\/i0.wp.com\/www.24baires.com\/wp-content\/uploads\/2013\/10\/sabbatella.jpg?resize=350%2C200 1x, https:\/\/i0.wp.com\/www.24baires.com\/wp-content\/uploads\/2013\/10\/sabbatella.jpg?resize=525%2C300 1.5x"},"classes":[]},{"id":17619,"url":"https:\/\/www.24baires.com\/?p=17619","url_meta":{"origin":2960,"position":3},"title":"\u201cQueremos que est\u00e9n todas las voces; incluso las que mienten, como Clar\u00edn y La Naci\u00f3n\u201d","author":"AF","date":"06\/03\/2013","format":false,"excerpt":"Todas las empresas de medios audiovisuales de la Argentina, excepto el Grupo Clar\u00edn, han presentado su plan de adecuaci\u00f3n voluntaria para cumplir con la ley, y el Afsca est\u00e1 trabajando en la evaluaci\u00f3n y admisi\u00f3n de esos planes\u201d, afirm\u00f3 en declaraciones period\u00edsticas el titular de la Autoridad Federal de Servicios\u2026","rel":"","context":"En \u00abMedios\u00bb","block_context":{"text":"Medios","link":"https:\/\/www.24baires.com\/?cat=54"},"img":{"alt_text":"sabbatella desafio","src":"https:\/\/i0.wp.com\/www.24baires.com\/wp-content\/uploads\/2012\/10\/sabbatella-desafio.jpg?resize=350%2C200","width":350,"height":200,"srcset":"https:\/\/i0.wp.com\/www.24baires.com\/wp-content\/uploads\/2012\/10\/sabbatella-desafio.jpg?resize=350%2C200 1x, https:\/\/i0.wp.com\/www.24baires.com\/wp-content\/uploads\/2012\/10\/sabbatella-desafio.jpg?resize=525%2C300 1.5x"},"classes":[]},{"id":10694,"url":"https:\/\/www.24baires.com\/?p=10694","url_meta":{"origin":2960,"position":4},"title":"Cynthia Ottaviano tuvo que salir a desmentir como es habitual una columna de La Naci\u00f3n","author":"Grupo Sierra","date":"28\/12\/2012","format":false,"excerpt":"Ante inexactitudes publicadas por el diario La Naci\u00f3n, la Defensor\u00eda del P\u00fablico establecida por la Ley de Servicios de Comunicaci\u00f3n Audiovisual, cuya titular es\u00a0Cynthia Ottaviano,\u00a0debi\u00f3 salir a aclarar a trav\u00e9s de un comunicado - una vez m\u00e1s- que lo publicado por ese medio como es habitual no es verdadero. El\u2026","rel":"","context":"En \u00abMedios\u00bb","block_context":{"text":"Medios","link":"https:\/\/www.24baires.com\/?cat=54"},"img":{"alt_text":"Ottaviano Cynthia","src":"https:\/\/i0.wp.com\/www.24baires.com\/wp-content\/uploads\/2012\/12\/Ottaviano-Cynthia.jpg?resize=350%2C200","width":350,"height":200,"srcset":"https:\/\/i0.wp.com\/www.24baires.com\/wp-content\/uploads\/2012\/12\/Ottaviano-Cynthia.jpg?resize=350%2C200 1x, https:\/\/i0.wp.com\/www.24baires.com\/wp-content\/uploads\/2012\/12\/Ottaviano-Cynthia.jpg?resize=525%2C300 1.5x"},"classes":[]},{"id":7759,"url":"https:\/\/www.24baires.com\/?p=7759","url_meta":{"origin":2960,"position":5},"title":"El juez Alfonso reconoci\u00f3 a la AFSCA como autoridad de aplicaci\u00f3n de la Ley de Medios","author":"Grupo Sierra","date":"03\/12\/2012","format":false,"excerpt":"El juez civil y comercial federal Horacio Alfonso hizo lugar al pedido de la Autoridad Federal de Servicios de Comunicaci\u00f3n Audiovisual (AFSCA) e incorpor\u00f3 al organismo como parte en el juicio por la constitucionalidad del art\u00edculo 161 de la Ley de Medios. El magistrado dict\u00f3 esa resoluci\u00f3n cuatro d\u00edas antes\u2026","rel":"","context":"En \u00abMedios\u00bb","block_context":{"text":"Medios","link":"https:\/\/www.24baires.com\/?cat=54"},"img":{"alt_text":"","src":"","width":0,"height":0},"classes":[]}],"jetpack_sharing_enabled":true,"jetpack_likes_enabled":true,"_links":{"self":[{"href":"https:\/\/www.24baires.com\/index.php?rest_route=\/wp\/v2\/posts\/2960","targetHints":{"allow":["GET"]}}],"collection":[{"href":"https:\/\/www.24baires.com\/index.php?rest_route=\/wp\/v2\/posts"}],"about":[{"href":"https:\/\/www.24baires.com\/index.php?rest_route=\/wp\/v2\/types\/post"}],"author":[{"embeddable":true,"href":"https:\/\/www.24baires.com\/index.php?rest_route=\/wp\/v2\/users\/11"}],"replies":[{"embeddable":true,"href":"https:\/\/www.24baires.com\/index.php?rest_route=%2Fwp%2Fv2%2Fcomments&post=2960"}],"version-history":[{"count":2,"href":"https:\/\/www.24baires.com\/index.php?rest_route=\/wp\/v2\/posts\/2960\/revisions"}],"predecessor-version":[{"id":2963,"href":"https:\/\/www.24baires.com\/index.php?rest_route=\/wp\/v2\/posts\/2960\/revisions\/2963"}],"wp:attachment":[{"href":"https:\/\/www.24baires.com\/index.php?rest_route=%2Fwp%2Fv2%2Fmedia&parent=2960"}],"wp:term":[{"taxonomy":"category","embeddable":true,"href":"https:\/\/www.24baires.com\/index.php?rest_route=%2Fwp%2Fv2%2Fcategories&post=2960"},{"taxonomy":"post_tag","embeddable":true,"href":"https:\/\/www.24baires.com\/index.php?rest_route=%2Fwp%2Fv2%2Ftags&post=2960"}],"curies":[{"name":"wp","href":"https:\/\/api.w.org\/{rel}","templated":true}]}}