{"id":29499,"date":"2013-08-04T19:35:13","date_gmt":"2013-08-04T22:35:13","guid":{"rendered":"http:\/\/www.24baires.com\/?p=29499"},"modified":"2013-08-04T19:35:13","modified_gmt":"2013-08-04T22:35:13","slug":"convocan-a-marchar-en-respaldo-de-victor-hugo-por-el-ataque-a-la-libertad-de-expresion-de-magnetto","status":"publish","type":"post","link":"https:\/\/www.24baires.com\/?p=29499","title":{"rendered":"Convocan a marchar en respaldo de V\u00edctor Hugo por el ataque a la libertad de expresi\u00f3n de Magnetto"},"content":{"rendered":"<p>La entidad Comunicadores de la Argentina (Comuna) repudi\u00f3 mediante un documento la acci\u00f3n judicial que el empresario de Clar\u00edn H\u00e9ctor Magnetto inici\u00f3 contra el periodista V\u00edctor Hugo Morales y convoc\u00f3 a marchar en su apoyo este jueves cuando se haga la audiencia de conciliaci\u00f3n.<!--more--><br \/>\n\u00abAtacando otra vez a V\u00edctor Hugo, el empresario quiere acallar voces y opiniones y apuntalar la posici\u00f3n dominante de su grupo, contraria a la ley y conseguida mediante la complicidad con la dictadura c\u00edvico-militar, cuyos cr\u00edmenes Clar\u00edn apoy\u00f3 descaradamente a cambio de la cesi\u00f3n de la empresa Papel Prensa y otros beneficios\u00bb, consideraron desde Comuna.<br \/>\nSeg\u00fan la asociaci\u00f3n de periodistas y comunicadores, \u00abel momento elegido para emprender la acci\u00f3n judicial constituye adem\u00e1s un t\u00edpico mensaje extorsivo: la Corte Suprema de Justicia debe decidir sobre la constitucionalidad de algunos art\u00edculos de la Ley de Servicios de Comunicaci\u00f3n Audiovisual\u00bb Los art\u00edculos \u00abm\u00e1s resistidos por el grupo bajo el mando de Magnetto\u00bb son los que \u00ablo obliga a resignar la posici\u00f3n monop\u00f3lica que detenta, lo que motiva sus operaciones constantes contra el Gobierno y las instituciones democr\u00e1ticas\u00bb, explic\u00f3 Comuna, en el documento difundido hoy.<br \/>\nPor este motivo, la organizaci\u00f3n consider\u00f3 que se trata de un \u00abnuevo ataque a la libertad de expresi\u00f3n\u00bb, que se inscribe \u00aben la serie que, semanas atr\u00e1s, incluy\u00f3 otra iniciativa judicial para acallar e intentar llevar a prisi\u00f3n a un grupo de comunicadores que no responden a los intereses del Grupo Clar\u00edn\u00bb.<br \/>\n\u00abConvocamos a acompa\u00f1ar el jueves 8 de agosto al colega V\u00edctor Hugo Morales, cuando debe presentarse a la audiencia de mediaci\u00f3n por este pleito emprendido por el empresario\u00bb, difundi\u00f3 Comuna, respecto a la movilizaci\u00f3n que har\u00e1n ese d\u00eda desde las 14 en Carlos Pellegrini 1175 para debatir e informar lo que ocurra en el 5 piso de esas oficinas.<\/p>\n","protected":false},"excerpt":{"rendered":"<p>La entidad Comunicadores de la Argentina (Comuna) repudi\u00f3 mediante un documento la acci\u00f3n judicial que el empresario de Clar\u00edn H\u00e9ctor Magnetto inici\u00f3 contra el periodista V\u00edctor Hugo Morales y convoc\u00f3 a marchar en su apoyo este jueves cuando se haga la audiencia de conciliaci\u00f3n.<\/p>\n","protected":false},"author":11,"featured_media":0,"comment_status":"open","ping_status":"open","sticky":false,"template":"","format":"standard","meta":{"_jetpack_newsletter_access":"","_jetpack_dont_email_post_to_subs":false,"_jetpack_newsletter_tier_id":0,"_jetpack_memberships_contains_paywalled_content":false,"_jetpack_memberships_contains_paid_content":false,"footnotes":""},"categories":[54],"tags":[],"class_list":["post-29499","post","type-post","status-publish","format-standard","hentry","category-medios"],"jetpack_featured_media_url":"","jetpack_shortlink":"https:\/\/wp.me\/p2JWE0-7FN","jetpack-related-posts":[{"id":72662,"url":"https:\/\/www.24baires.com\/?p=72662","url_meta":{"origin":29499,"position":0},"title":"Clar\u00edn le embarg\u00f3 el sueldo a V\u00edctor Hugo","author":"AF","date":"25\/09\/2015","format":false,"excerpt":"Luego de que el grupo de medios embargara su sueldo por haber transmitido un partido cuando el f\u00fatbol estaba privatizado, en 2000, el periodista hizo un descargo en su programa. \u201cAyer Clar\u00edn y Magnetto sumaron un ataque m\u00e1s a la persecuci\u00f3n iniciada a\u00f1os atr\u00e1s contra mi persona. Pasaron 15 a\u00f1os\u2026","rel":"","context":"En \u00abJUDICIALES\u00bb","block_context":{"text":"JUDICIALES","link":"https:\/\/www.24baires.com\/?cat=68"},"img":{"alt_text":"VICTOR HUGO MORALES","src":"https:\/\/i0.wp.com\/www.24baires.com\/wp-content\/uploads\/2015\/04\/VICTOR-HUGO-MORALES.jpg?resize=350%2C200","width":350,"height":200,"srcset":"https:\/\/i0.wp.com\/www.24baires.com\/wp-content\/uploads\/2015\/04\/VICTOR-HUGO-MORALES.jpg?resize=350%2C200 1x, https:\/\/i0.wp.com\/www.24baires.com\/wp-content\/uploads\/2015\/04\/VICTOR-HUGO-MORALES.jpg?resize=525%2C300 1.5x"},"classes":[]},{"id":29767,"url":"https:\/\/www.24baires.com\/?p=29767","url_meta":{"origin":29499,"position":1},"title":"Magnetto esquiv\u00f3 a V\u00edctor Hugo en la primera mediaci\u00f3n","author":"GB","date":"08\/08\/2013","format":false,"excerpt":"El CEO de Clar\u00edn no quiso dar la cara en la primera audiencia por la denuncia que inici\u00f3 contra el periodista. El conductor lament\u00f3 no haberlo podido decir cara a cara \u201ctodo el da\u00f1o que le ha hecho a la sociedad\u201d, pero igualmente anunci\u00f3 que presentar\u00e1 un juicio contra Magnetto\u2026","rel":"","context":"En \u00abMedios\u00bb","block_context":{"text":"Medios","link":"https:\/\/www.24baires.com\/?cat=54"},"img":{"alt_text":"V\u00edctor Hugo","src":"https:\/\/i0.wp.com\/www.24baires.com\/wp-content\/uploads\/2013\/08\/V%C3%ADctor-Hugo.jpg?resize=350%2C200","width":350,"height":200,"srcset":"https:\/\/i0.wp.com\/www.24baires.com\/wp-content\/uploads\/2013\/08\/V%C3%ADctor-Hugo.jpg?resize=350%2C200 1x, https:\/\/i0.wp.com\/www.24baires.com\/wp-content\/uploads\/2013\/08\/V%C3%ADctor-Hugo.jpg?resize=525%2C300 1.5x"},"classes":[]},{"id":29752,"url":"https:\/\/www.24baires.com\/?p=29752","url_meta":{"origin":29499,"position":2},"title":"Sabbatella: Magnetto pretende que V\u00edctor Hugo \u00abse someta\u00bb","author":"AF","date":"08\/08\/2013","format":false,"excerpt":"El CEO de la corporaci\u00f3n medi\u00e1tica que ejerce la posici\u00f3n dominante en el mercado gr\u00e1fico y audiovisual ya no s\u00f3lo restringe la libertad de expresi\u00f3n escrachando periodistas en los medios que domina; ya no le alcanza con regular a su antojo la salida o no de publicaciones a trav\u00e9s de\u2026","rel":"","context":"En \u00abMedios\u00bb","block_context":{"text":"Medios","link":"https:\/\/www.24baires.com\/?cat=54"},"img":{"alt_text":"","src":"","width":0,"height":0},"classes":[]},{"id":50380,"url":"https:\/\/www.24baires.com\/?p=50380","url_meta":{"origin":29499,"position":3},"title":"Victor Hugo le respondi\u00f3 a Lanata y lo cit\u00f3 a su programa","author":"Grupo Sierra","date":"22\/07\/2014","format":false,"excerpt":"El relator uruguayo se enfrent\u00f3 a las acusaciones del periodista, quien revel\u00f3 un supuesto documento de cu\u00e1nto habr\u00eda cobrado por conducir el ciclo deportivo durante el Mundial. Jorge Lanata afirm\u00f3 en su programa que su colega, el uruguayo V\u00edctor Hugo Morales, hab\u00eda cobrado 1,2 millones de d\u00f3lares por conducir el\u2026","rel":"","context":"En \u00abMedios\u00bb","block_context":{"text":"Medios","link":"https:\/\/www.24baires.com\/?cat=54"},"img":{"alt_text":"v\u00edctor hugo","src":"https:\/\/i0.wp.com\/www.24baires.com\/wp-content\/uploads\/2014\/07\/v%C3%ADctor-hugo.jpg?resize=350%2C200","width":350,"height":200,"srcset":"https:\/\/i0.wp.com\/www.24baires.com\/wp-content\/uploads\/2014\/07\/v%C3%ADctor-hugo.jpg?resize=350%2C200 1x, https:\/\/i0.wp.com\/www.24baires.com\/wp-content\/uploads\/2014\/07\/v%C3%ADctor-hugo.jpg?resize=525%2C300 1.5x"},"classes":[]},{"id":69156,"url":"https:\/\/www.24baires.com\/?p=69156","url_meta":{"origin":29499,"position":4},"title":"La corpo judicial ataca de nuevo","author":"AF","date":"16\/07\/2015","format":false,"excerpt":"Hoy la Sala I de la C\u00e1mara Federal apart\u00f3 al Juez Bonad\u00edo de la causa Hotesur. La informaci\u00f3n breve, en una l\u00ednea, puede disparar alg\u00fan alerta sobre la independencia de los miembros del Poder Judicial y sus acciones. De seguro haya quienes ya se est\u00e9n transitando el gastado camino de\u2026","rel":"","context":"En \u00abOpini\u00f3n\u00bb","block_context":{"text":"Opini\u00f3n","link":"https:\/\/www.24baires.com\/?cat=64"},"img":{"alt_text":"bonad\u00edo","src":"https:\/\/i0.wp.com\/www.24baires.com\/wp-content\/uploads\/2015\/07\/bonad%C3%ADo.jpg?resize=350%2C200","width":350,"height":200,"srcset":"https:\/\/i0.wp.com\/www.24baires.com\/wp-content\/uploads\/2015\/07\/bonad%C3%ADo.jpg?resize=350%2C200 1x, https:\/\/i0.wp.com\/www.24baires.com\/wp-content\/uploads\/2015\/07\/bonad%C3%ADo.jpg?resize=525%2C300 1.5x"},"classes":[]},{"id":64342,"url":"https:\/\/www.24baires.com\/?p=64342","url_meta":{"origin":29499,"position":5},"title":"Denuncian agresi\u00f3n al periodista Morales mientras filmaba cerca del Grupo Clar\u00edn","author":"Grupo Sierra","date":"16\/04\/2015","format":false,"excerpt":"Seg\u00fan denunci\u00f3 la periodista Cynthia Garc\u00eda, mientras Morales grababa para su programa \"Bajada de l\u00ednea\", \u201cun auto se le tir\u00f3 encima\u201d y como consecuencia, el comunicador result\u00f3 golpeado en una pierna. El periodista y relator V\u00edctor Hugo Morales sufri\u00f3 una agresi\u00f3n cuando filmaba, junto al equipo de producci\u00f3n de su\u2026","rel":"","context":"En \u00abMedios\u00bb","block_context":{"text":"Medios","link":"https:\/\/www.24baires.com\/?cat=54"},"img":{"alt_text":"VICTOR HUGO MORALES","src":"https:\/\/i0.wp.com\/www.24baires.com\/wp-content\/uploads\/2015\/04\/VICTOR-HUGO-MORALES.jpg?resize=350%2C200","width":350,"height":200,"srcset":"https:\/\/i0.wp.com\/www.24baires.com\/wp-content\/uploads\/2015\/04\/VICTOR-HUGO-MORALES.jpg?resize=350%2C200 1x, https:\/\/i0.wp.com\/www.24baires.com\/wp-content\/uploads\/2015\/04\/VICTOR-HUGO-MORALES.jpg?resize=525%2C300 1.5x"},"classes":[]}],"jetpack_sharing_enabled":true,"jetpack_likes_enabled":true,"_links":{"self":[{"href":"https:\/\/www.24baires.com\/index.php?rest_route=\/wp\/v2\/posts\/29499","targetHints":{"allow":["GET"]}}],"collection":[{"href":"https:\/\/www.24baires.com\/index.php?rest_route=\/wp\/v2\/posts"}],"about":[{"href":"https:\/\/www.24baires.com\/index.php?rest_route=\/wp\/v2\/types\/post"}],"author":[{"embeddable":true,"href":"https:\/\/www.24baires.com\/index.php?rest_route=\/wp\/v2\/users\/11"}],"replies":[{"embeddable":true,"href":"https:\/\/www.24baires.com\/index.php?rest_route=%2Fwp%2Fv2%2Fcomments&post=29499"}],"version-history":[{"count":4,"href":"https:\/\/www.24baires.com\/index.php?rest_route=\/wp\/v2\/posts\/29499\/revisions"}],"predecessor-version":[{"id":29504,"href":"https:\/\/www.24baires.com\/index.php?rest_route=\/wp\/v2\/posts\/29499\/revisions\/29504"}],"wp:attachment":[{"href":"https:\/\/www.24baires.com\/index.php?rest_route=%2Fwp%2Fv2%2Fmedia&parent=29499"}],"wp:term":[{"taxonomy":"category","embeddable":true,"href":"https:\/\/www.24baires.com\/index.php?rest_route=%2Fwp%2Fv2%2Fcategories&post=29499"},{"taxonomy":"post_tag","embeddable":true,"href":"https:\/\/www.24baires.com\/index.php?rest_route=%2Fwp%2Fv2%2Ftags&post=29499"}],"curies":[{"name":"wp","href":"https:\/\/api.w.org\/{rel}","templated":true}]}}