{"id":2946,"date":"2012-10-22T19:29:41","date_gmt":"2012-10-22T22:29:41","guid":{"rendered":"http:\/\/www.24baires.com\/?p=2946"},"modified":"2012-10-22T19:29:41","modified_gmt":"2012-10-22T22:29:41","slug":"batakis-y-arlia-recibieron-una-delegacion-de-empresarios-chinos","status":"publish","type":"post","link":"https:\/\/www.24baires.com\/?p=2946","title":{"rendered":"Batakis y Arl\u00eda recibieron una delegaci\u00f3n de empresarios chinos"},"content":{"rendered":"<p><img data-recalc-dims=\"1\" loading=\"lazy\" decoding=\"async\" class=\"aligncenter size-full wp-image-2947\" title=\"Batakis-Arl\u00eda\" src=\"https:\/\/i0.wp.com\/www.24baires.com\/wp-content\/uploads\/2012\/10\/Batakis-Arl%C3%ADa.jpg?resize=560%2C372\" alt=\"\" width=\"560\" height=\"372\" srcset=\"https:\/\/i0.wp.com\/www.24baires.com\/wp-content\/uploads\/2012\/10\/Batakis-Arl%C3%ADa.jpg?w=560&amp;ssl=1 560w, https:\/\/i0.wp.com\/www.24baires.com\/wp-content\/uploads\/2012\/10\/Batakis-Arl%C3%ADa.jpg?resize=300%2C199&amp;ssl=1 300w\" sizes=\"auto, (max-width: 560px) 100vw, 560px\" \/><\/p>\n<p>La ministra de Econom\u00eda, Silvina Batakis, y el ministro de Infraestructura, Alejandro Arl\u00eda, se reunieron con la delegaci\u00f3n de empresarios chinos de la regi\u00f3n de Heilongjiang con el objetivo de profundizar los ejes de cooperaci\u00f3n entre ambas provincias en materia de infraestructura.<!--more--><\/p>\n<p>Durante el encuentro con el grupo inversor Heilongjiang Zhongjing New Energy Co, se analizaron futuros proyectos de infraestructura vial, energ\u00eda renovable, puertos, acuerdos de cooperaci\u00f3n contra la desertificaci\u00f3n del sudoeste, y financiamiento para el acueducto del noroeste y sudoeste de la provincia de Buenos Aires.<\/p>\n<p>Luego de la reuni\u00f3n, la titular del Palacio de Hacienda, Silvina Batakis, destac\u00f3 que \u201cdesde la gesti\u00f3n de Daniel Scioli trabajamos d\u00eda a d\u00eda para trazar cada vez m\u00e1s puentes desde Buenos Aires al mundo\u201d, y agreg\u00f3 que \u201cel objetivo es la cooperaci\u00f3n mutua entre las regiones; el intercambio de potencialidades, recursos, necesidades y conocimientos. Este es un gran paso para ambas provincias\u201d.<\/p>\n<p>Por su parte, el ministro de Infraestructura Alejandro Arl\u00eda se\u00f1al\u00f3 que \u00abdialogamos con este grupo inversor sobre las posibilidades de proyectos y financiamiento en cuestiones de caminos y energ\u00eda. Tambi\u00e9n abordamos temas de desertificaci\u00f3n en funci\u00f3n de los problemas que tenemos en el sudoeste de la provincia de Buenos Aires, cuyos tratados de cooperaci\u00f3n abordar\u00e1 el ministro de Asuntos Agrarios, Gustavo Arrieta\u00bb.<\/p>\n<p>Del encuentro participaron la presidenta de la empresa Dou xiu ping, y el asesor de la compa\u00f1\u00eda y vicepresidente de la fundaci\u00f3n China para el control de la desertificaci\u00f3n, Zhang Jian Hong. Por el Ministerio de Econom\u00eda particip\u00f3 el Subsecretario de Coordinaci\u00f3n con Estados y Organismos de Cr\u00e9dito Internacionales del Gobierno de la Provincia, Gerardo Hita.<\/p>\n","protected":false},"excerpt":{"rendered":"<p>La ministra de Econom\u00eda, Silvina Batakis, y el ministro de Infraestructura, Alejandro Arl\u00eda, se reunieron con la delegaci\u00f3n de empresarios chinos de la regi\u00f3n de Heilongjiang con el objetivo de profundizar los ejes de cooperaci\u00f3n entre ambas provincias en materia de infraestructura.<\/p>\n","protected":false},"author":11,"featured_media":0,"comment_status":"open","ping_status":"open","sticky":false,"template":"","format":"standard","meta":{"_jetpack_newsletter_access":"","_jetpack_dont_email_post_to_subs":false,"_jetpack_newsletter_tier_id":0,"_jetpack_memberships_contains_paywalled_content":false,"_jetpack_memberships_contains_paid_content":false,"footnotes":""},"categories":[40],"tags":[],"class_list":["post-2946","post","type-post","status-publish","format-standard","hentry","category-provincia"],"jetpack_featured_media_url":"","jetpack_shortlink":"https:\/\/wp.me\/p2JWE0-Lw","jetpack-related-posts":[{"id":119120,"url":"https:\/\/www.24baires.com\/?p=119120","url_meta":{"origin":2946,"position":0},"title":"Batakis recibi\u00f3 el apoyo de intendentes bonaerenses","author":"AF","date":"20\/07\/2022","format":false,"excerpt":"El encuentro marca una continuidad respecto a la reuni\u00f3n previa que la titular del Palacio de Hacienda mantuvo el lunes con el gobernador Axel Kicillof y otros cuatros mandatarios provinciales, en el contexto de adhesi\u00f3n a las disposiciones anunciadas. La ministra de Econom\u00eda, Silvina Batakis, mantuvo un encuentro este mi\u00e9rcoles\u2026","rel":"","context":"En \u00abProvincia\u00bb","block_context":{"text":"Provincia","link":"https:\/\/www.24baires.com\/?cat=40"},"img":{"alt_text":"","src":"https:\/\/i0.wp.com\/www.24baires.com\/wp-content\/uploads\/2022\/07\/batakis-intendentes.jpg?resize=350%2C200","width":350,"height":200,"srcset":"https:\/\/i0.wp.com\/www.24baires.com\/wp-content\/uploads\/2022\/07\/batakis-intendentes.jpg?resize=350%2C200 1x, https:\/\/i0.wp.com\/www.24baires.com\/wp-content\/uploads\/2022\/07\/batakis-intendentes.jpg?resize=525%2C300 1.5x, https:\/\/i0.wp.com\/www.24baires.com\/wp-content\/uploads\/2022\/07\/batakis-intendentes.jpg?resize=700%2C400 2x"},"classes":[]},{"id":119065,"url":"https:\/\/www.24baires.com\/?p=119065","url_meta":{"origin":2946,"position":1},"title":"Batakis confirm\u00f3 la conformaci\u00f3n de una nueva canasta de precios cuidados","author":"GB","date":"07\/07\/2022","format":false,"excerpt":"Silvina Batakis sostuvo que \"el control de los precios es uno de los mecanismos para controlar la inflaci\u00f3n\" La ministra de Econom\u00eda Silvina Batakis confirm\u00f3 que se encuentra trabajando en una nueva canasta de bienes y servicios de Precios Cuidados y asegur\u00f3 que \"el control de los precios es uno\u2026","rel":"","context":"En \u00abEconom\u00eda\u00bb","block_context":{"text":"Econom\u00eda","link":"https:\/\/www.24baires.com\/?cat=45"},"img":{"alt_text":"","src":"https:\/\/i0.wp.com\/www.24baires.com\/wp-content\/uploads\/2022\/07\/silvina-batakisjpg.jpg?resize=350%2C200","width":350,"height":200,"srcset":"https:\/\/i0.wp.com\/www.24baires.com\/wp-content\/uploads\/2022\/07\/silvina-batakisjpg.jpg?resize=350%2C200 1x, https:\/\/i0.wp.com\/www.24baires.com\/wp-content\/uploads\/2022\/07\/silvina-batakisjpg.jpg?resize=525%2C300 1.5x, https:\/\/i0.wp.com\/www.24baires.com\/wp-content\/uploads\/2022\/07\/silvina-batakisjpg.jpg?resize=700%2C400 2x"},"classes":[]},{"id":119049,"url":"https:\/\/www.24baires.com\/?p=119049","url_meta":{"origin":2946,"position":2},"title":"Silvina Batakis es la nueva Ministra de Econom\u00eda","author":"GB","date":"04\/07\/2022","format":false,"excerpt":"Tras largas horas de negociaciones, el presidente Alberto Fern\u00e1ndez design\u00f3 a Batakis en reemplazo de Mart\u00edn Guzm\u00e1n La nueva ministra de Econom\u00eda ser\u00e1 Silvina Batakis confirmaron este domingo fuentes oficiales, luego de intensas negociaciones de los diferentes espacios que integran el Frente de Todos (FdT) en el marco de cambios\u2026","rel":"","context":"En \u00abEconom\u00eda\u00bb","block_context":{"text":"Econom\u00eda","link":"https:\/\/www.24baires.com\/?cat=45"},"img":{"alt_text":"","src":"https:\/\/i0.wp.com\/www.24baires.com\/wp-content\/uploads\/2022\/07\/batakis.jpg?resize=350%2C200","width":350,"height":200,"srcset":"https:\/\/i0.wp.com\/www.24baires.com\/wp-content\/uploads\/2022\/07\/batakis.jpg?resize=350%2C200 1x, https:\/\/i0.wp.com\/www.24baires.com\/wp-content\/uploads\/2022\/07\/batakis.jpg?resize=525%2C300 1.5x, https:\/\/i0.wp.com\/www.24baires.com\/wp-content\/uploads\/2022\/07\/batakis.jpg?resize=700%2C400 2x"},"classes":[]},{"id":122361,"url":"https:\/\/www.24baires.com\/?p=122361","url_meta":{"origin":2946,"position":3},"title":"Provincia retoma obras que Milei dej\u00f3 abandonadas","author":"GB","date":"19\/06\/2025","format":false,"excerpt":"Ante la paralizaci\u00f3n de obras por parte del gobierno nacional, la gesti\u00f3n bonaerense retoma construcciones y busca soluciones El plan de Milei trajo muchos cambios para la estructura del Estado. Miles de trabajadores quedaron sin empleo y el recorte en \u00e1reas esenciales tuvo un fuerte impacto en el pa\u00eds, como\u2026","rel":"","context":"En \u00abProvincia\u00bb","block_context":{"text":"Provincia","link":"https:\/\/www.24baires.com\/?cat=40"},"img":{"alt_text":"","src":"https:\/\/i0.wp.com\/www.24baires.com\/wp-content\/uploads\/2025\/06\/obras.webp?resize=350%2C200","width":350,"height":200,"srcset":"https:\/\/i0.wp.com\/www.24baires.com\/wp-content\/uploads\/2025\/06\/obras.webp?resize=350%2C200 1x, https:\/\/i0.wp.com\/www.24baires.com\/wp-content\/uploads\/2025\/06\/obras.webp?resize=525%2C300 1.5x, https:\/\/i0.wp.com\/www.24baires.com\/wp-content\/uploads\/2025\/06\/obras.webp?resize=700%2C400 2x"},"classes":[]},{"id":56640,"url":"https:\/\/www.24baires.com\/?p=56640","url_meta":{"origin":2946,"position":4},"title":"El Presupuesto bonaerense 2015, con el eje en infraestructura","author":"Grupo Sierra","date":"05\/11\/2014","format":false,"excerpt":"Ante un plenario conjunto de las comisiones de Presupuesto e Impuestos de la C\u00e1mara de Diputados y el Senado, el ministro de Infraestructura bonaerense, Alejandro Arl\u00eda, expuso \u00e9ste mediod\u00eda los alcances del c\u00e1lculo de recursos y los planes de obra a desarrollar durante el a\u00f1o pr\u00f3ximo, acompa\u00f1ado por su par\u2026","rel":"","context":"En \u00abProvincia\u00bb","block_context":{"text":"Provincia","link":"https:\/\/www.24baires.com\/?cat=40"},"img":{"alt_text":"arl\u00eda","src":"https:\/\/i0.wp.com\/www.24baires.com\/wp-content\/uploads\/2014\/06\/arl%C3%ADa.jpg?resize=350%2C200","width":350,"height":200,"srcset":"https:\/\/i0.wp.com\/www.24baires.com\/wp-content\/uploads\/2014\/06\/arl%C3%ADa.jpg?resize=350%2C200 1x, https:\/\/i0.wp.com\/www.24baires.com\/wp-content\/uploads\/2014\/06\/arl%C3%ADa.jpg?resize=525%2C300 1.5x"},"classes":[]},{"id":58477,"url":"https:\/\/www.24baires.com\/?p=58477","url_meta":{"origin":2946,"position":5},"title":"Batakis: \u201cEn la Provincia se redujo la tasa de desempleo del 21,7 al 7,9%\u201d","author":"GB","date":"11\/12\/2014","format":false,"excerpt":"Lo anunci\u00f3 Silvia Batakis, ministra de Econom\u00eda de la provincia. \"Todos los indicadores de la provincia han sido positivos, acompa\u00f1ando las variables a nivel nacional\u201d, agreg\u00f3. La ministra de Econom\u00eda bonaerense, Silvina Batakis, asegur\u00f3 hoy que en la \u00faltima d\u00e9cada la provincia redujo la tasa de desempleo de manera notable,\u2026","rel":"","context":"En \u00abEconom\u00eda\u00bb","block_context":{"text":"Econom\u00eda","link":"https:\/\/www.24baires.com\/?cat=45"},"img":{"alt_text":"Silvina-Batakis","src":"https:\/\/i0.wp.com\/www.24baires.com\/wp-content\/uploads\/2014\/01\/Silvina-Batakis.jpg?resize=350%2C200","width":350,"height":200,"srcset":"https:\/\/i0.wp.com\/www.24baires.com\/wp-content\/uploads\/2014\/01\/Silvina-Batakis.jpg?resize=350%2C200 1x, https:\/\/i0.wp.com\/www.24baires.com\/wp-content\/uploads\/2014\/01\/Silvina-Batakis.jpg?resize=525%2C300 1.5x"},"classes":[]}],"jetpack_sharing_enabled":true,"jetpack_likes_enabled":true,"_links":{"self":[{"href":"https:\/\/www.24baires.com\/index.php?rest_route=\/wp\/v2\/posts\/2946","targetHints":{"allow":["GET"]}}],"collection":[{"href":"https:\/\/www.24baires.com\/index.php?rest_route=\/wp\/v2\/posts"}],"about":[{"href":"https:\/\/www.24baires.com\/index.php?rest_route=\/wp\/v2\/types\/post"}],"author":[{"embeddable":true,"href":"https:\/\/www.24baires.com\/index.php?rest_route=\/wp\/v2\/users\/11"}],"replies":[{"embeddable":true,"href":"https:\/\/www.24baires.com\/index.php?rest_route=%2Fwp%2Fv2%2Fcomments&post=2946"}],"version-history":[{"count":2,"href":"https:\/\/www.24baires.com\/index.php?rest_route=\/wp\/v2\/posts\/2946\/revisions"}],"predecessor-version":[{"id":2949,"href":"https:\/\/www.24baires.com\/index.php?rest_route=\/wp\/v2\/posts\/2946\/revisions\/2949"}],"wp:attachment":[{"href":"https:\/\/www.24baires.com\/index.php?rest_route=%2Fwp%2Fv2%2Fmedia&parent=2946"}],"wp:term":[{"taxonomy":"category","embeddable":true,"href":"https:\/\/www.24baires.com\/index.php?rest_route=%2Fwp%2Fv2%2Fcategories&post=2946"},{"taxonomy":"post_tag","embeddable":true,"href":"https:\/\/www.24baires.com\/index.php?rest_route=%2Fwp%2Fv2%2Ftags&post=2946"}],"curies":[{"name":"wp","href":"https:\/\/api.w.org\/{rel}","templated":true}]}}