{"id":29411,"date":"2013-08-02T23:03:07","date_gmt":"2013-08-03T02:03:07","guid":{"rendered":"http:\/\/www.24baires.com\/?p=29411"},"modified":"2013-08-02T23:03:07","modified_gmt":"2013-08-03T02:03:07","slug":"insaurralde-para-algunos-muy-cerca-de-sergio-massa-para-otros-arriba","status":"publish","type":"post","link":"https:\/\/www.24baires.com\/?p=29411","title":{"rendered":"Insaurralde, para algunos muy cerca de Sergio Massa, para otros arriba"},"content":{"rendered":"<p><img data-recalc-dims=\"1\" loading=\"lazy\" decoding=\"async\" class=\"aligncenter size-full wp-image-27272\" alt=\"insaurralde otra\" src=\"https:\/\/i0.wp.com\/www.24baires.com\/wp-content\/uploads\/2013\/06\/insaurralde-otra.jpg?resize=560%2C390\" width=\"560\" height=\"390\" srcset=\"https:\/\/i0.wp.com\/www.24baires.com\/wp-content\/uploads\/2013\/06\/insaurralde-otra.jpg?w=560&amp;ssl=1 560w, https:\/\/i0.wp.com\/www.24baires.com\/wp-content\/uploads\/2013\/06\/insaurralde-otra.jpg?resize=300%2C208&amp;ssl=1 300w\" sizes=\"auto, (max-width: 560px) 100vw, 560px\" \/><\/p>\n<p>Datos, encuestas, opiniones y vaticinios. A poco m\u00e1s de una semana para las PASO, circulan todo tipo de informaciones sobre los candidatos, sobre todo porcentajes de intenci\u00f3n de voto. Analizando los \u00faltimos d\u00edas, cotejando todas las encuestas y, lo que resulta muy importante, teniendo en cuenta de d\u00f3nde provienen esos datos, ya que la tendenciosidad y los intereses est\u00e1n a la orden del d\u00eda, podemos destacar tendencias que ya resultan innegables.<!--more--><br \/>\nSergio Massa, en cifras difundidas en una encuesta de Poliarqu\u00eda Consultores para LA NACION, hace una semana aventajaba a Mart\u00edn Insaurralde por un escaso margen: el intendente de Tigre alcanzaba una intenci\u00f3n de votos de 32,5%, frente al 27,4% candidato del Frente para la Victoria y jefe comunal de Lomas de Zamora. La distancia entre ambos candidatos, quienes han polarizado la elecci\u00f3n, se viene reduciendo paulatinamente con el transcurso de los d\u00edas, desde que se lanz\u00f3 la campa\u00f1a, porque hace menos de un mes atr\u00e1s, la diferencia a favor de Massa era de once puntos.<br \/>\n&nbsp;<\/p>\n<p>En la \u00faltima encuesta de la consultora OPSM, de Enrique Zuelta Puceiro, que se difundi\u00f3 este jueves, la lista del Frente Renovador tiene una intenci\u00f3n de voto de 31,4%, mientras que el Frente para la Victoria se acerca a con un 29,2%. M\u00e1s cerca.<\/p>\n<p>Pero ahora, muchas encuestadoras, inclusive las que no son nada afines al gobierno nacional, dan un empate t\u00e9cnico entre ambos candidatos, ya que, incluso con un margen de error de unos 4 puntos, Insaurralde abr\u00eda alcanzado a Massa. De hecho, seg\u00fan los resultados del \u00faltimo relevamiento electoral hecho ayer en el \u00e1mbito del Gran Buenos Aires por la consultora Nueva Comunicaci\u00f3n, los n\u00fameros se habr\u00edan revertido a favor del candidato del oficialismo, Mart\u00edn Insaurralde, quien estar\u00eda alcanzando el 36% de las intenciones de voto, por sobre un 33% de Sergio Massa, es decir, 3 puntos arriba.<\/p>\n<p>Mucho circular\u00e1 en esta semana, pero la tendencia es clara, Insaurralde si no pas\u00f3 a Massa en la Provincia de Buenos Aires, le viene pisando los talones. En las PASO se marcar\u00e1 la cancha, luego habr\u00e1 dos meses m\u00e1s para las Generales de Octubre, que seguramente diagramar\u00e1n el escenario pol\u00edtico de los pr\u00f3ximos dos a\u00f1os.<\/p>\n<p>&nbsp;<\/p>\n<p>&nbsp;<\/p>\n","protected":false},"excerpt":{"rendered":"<p>Datos, encuestas, opiniones y vaticinios. A poco m\u00e1s de una semana para las PASO, circulan todo tipo de informaciones sobre los candidatos, sobre todo porcentajes de intenci\u00f3n de voto. Analizando los \u00faltimos d\u00edas, cotejando todas las encuestas y, lo que resulta muy importante, teniendo en cuenta de d\u00f3nde provienen esos datos, ya que la tendenciosidad y los intereses est\u00e1n a [&#8230;]<\/p>\n","protected":false},"author":11,"featured_media":0,"comment_status":"open","ping_status":"open","sticky":false,"template":"","format":"standard","meta":{"_jetpack_newsletter_access":"","_jetpack_dont_email_post_to_subs":false,"_jetpack_newsletter_tier_id":0,"_jetpack_memberships_contains_paywalled_content":false,"_jetpack_memberships_contains_paid_content":false,"footnotes":""},"categories":[64],"tags":[],"class_list":["post-29411","post","type-post","status-publish","format-standard","hentry","category-opinion"],"jetpack_featured_media_url":"","jetpack_shortlink":"https:\/\/wp.me\/p2JWE0-7En","jetpack-related-posts":[{"id":96341,"url":"https:\/\/www.24baires.com\/?p=96341","url_meta":{"origin":29411,"position":0},"title":"Dos nuevas encuestas confirman que Cristina sigue arriba y Massa-Bullrich pelean el segundo lugar","author":"Grupo Sierra","date":"31\/07\/2017","format":false,"excerpt":"Un sondeo de Gonz\u00e1lez y Valladares revela que Unidad Ciudadana tiene 5 puntos de ventaja sobre 1Pa\u00eds y Cambiemos. Analog\u00edas confirma la tendencia y estira la diferencia de la expresidenta hasta 10 puntos. Seg\u00fan revel\u00f3 este lunes el portal Infocielo, a dos semanas de las PASO, las encuestas confirman la\u2026","rel":"","context":"En \u00abELECCIONES 2017\u00bb","block_context":{"text":"ELECCIONES 2017","link":"https:\/\/www.24baires.com\/?cat=325"},"img":{"alt_text":"","src":"https:\/\/i0.wp.com\/www.24baires.com\/wp-content\/uploads\/2017\/07\/cristina.jpg?resize=350%2C200","width":350,"height":200,"srcset":"https:\/\/i0.wp.com\/www.24baires.com\/wp-content\/uploads\/2017\/07\/cristina.jpg?resize=350%2C200 1x, https:\/\/i0.wp.com\/www.24baires.com\/wp-content\/uploads\/2017\/07\/cristina.jpg?resize=525%2C300 1.5x"},"classes":[]},{"id":30097,"url":"https:\/\/www.24baires.com\/?p=30097","url_meta":{"origin":29411,"position":1},"title":"Despu\u00e9s de las PASO","author":"AF","date":"13\/08\/2013","format":false,"excerpt":"Con el diario del d\u00eda siguiente, como suele decirse, resulta mucho m\u00e1s f\u00e1cil analizar los sucesos. Siempre es m\u00e1s dif\u00edcil hacerlo basados en pareceres, proyecciones y especulaciones, que es lo que solemos hacer en la previa a una elecci\u00f3n. Encuestas, datos y dem\u00e1s n\u00fameros componen la realidad que todos podemos\u2026","rel":"","context":"En \u00abOpini\u00f3n\u00bb","block_context":{"text":"Opini\u00f3n","link":"https:\/\/www.24baires.com\/?cat=64"},"img":{"alt_text":"urna3","src":"https:\/\/i0.wp.com\/www.24baires.com\/wp-content\/uploads\/2013\/08\/urna3.jpg?resize=350%2C200","width":350,"height":200,"srcset":"https:\/\/i0.wp.com\/www.24baires.com\/wp-content\/uploads\/2013\/08\/urna3.jpg?resize=350%2C200 1x, https:\/\/i0.wp.com\/www.24baires.com\/wp-content\/uploads\/2013\/08\/urna3.jpg?resize=525%2C300 1.5x"},"classes":[]},{"id":120523,"url":"https:\/\/www.24baires.com\/?p=120523","url_meta":{"origin":29411,"position":2},"title":"Mart\u00edn Insaurralde renunci\u00f3 a su candidatura en Lomas de Zamora","author":"GB","date":"02\/10\/2023","format":false,"excerpt":"Lo hab\u00eda reclamado Sergio Massa anoche, al t\u00e9rmino del debate, y hoy se hizo realidad: Mart\u00edn Insaurralde no ser\u00e1 candidato en Lomas de Zamora. Mart\u00edn Insaurralde renunci\u00f3 esta ma\u00f1ana a su candidatura a primer concejal de Lomas de Zamora, en medio del esc\u00e1ndalo que gener\u00f3 la filtraci\u00f3n de fotos de\u2026","rel":"","context":"En \u00abElecciones\u00bb","block_context":{"text":"Elecciones","link":"https:\/\/www.24baires.com\/?cat=316"},"img":{"alt_text":"","src":"https:\/\/i0.wp.com\/www.24baires.com\/wp-content\/uploads\/2023\/10\/insaurraldejpg.jpg?resize=350%2C200","width":350,"height":200,"srcset":"https:\/\/i0.wp.com\/www.24baires.com\/wp-content\/uploads\/2023\/10\/insaurraldejpg.jpg?resize=350%2C200 1x, https:\/\/i0.wp.com\/www.24baires.com\/wp-content\/uploads\/2023\/10\/insaurraldejpg.jpg?resize=525%2C300 1.5x, https:\/\/i0.wp.com\/www.24baires.com\/wp-content\/uploads\/2023\/10\/insaurraldejpg.jpg?resize=700%2C400 2x"},"classes":[]},{"id":90781,"url":"https:\/\/www.24baires.com\/?p=90781","url_meta":{"origin":29411,"position":3},"title":"Seg\u00fan una encuesta, Cristina lidera la intenci\u00f3n de voto en el Conurbano","author":"AF","date":"15\/12\/2016","format":false,"excerpt":"De acuerdo a un estudio realizado por la consultora Analog\u00edas durante los primeros d\u00edas de diciembre, la expresidenta Cristina Fern\u00e1ndez de Kirchner est\u00e1 primera en intenci\u00f3n de voto como posible candidata a senadora nacional con algo m\u00e1s de 30 puntos seguida por Elisa Carri\u00f3 y Sergio Massa que rondan los\u2026","rel":"","context":"En \u00abPol\u00edtica\u00bb","block_context":{"text":"Pol\u00edtica","link":"https:\/\/www.24baires.com\/?cat=51"},"img":{"alt_text":"","src":"https:\/\/i0.wp.com\/www.24baires.com\/wp-content\/uploads\/2016\/08\/Cristina...jpg?resize=350%2C200","width":350,"height":200,"srcset":"https:\/\/i0.wp.com\/www.24baires.com\/wp-content\/uploads\/2016\/08\/Cristina...jpg?resize=350%2C200 1x, https:\/\/i0.wp.com\/www.24baires.com\/wp-content\/uploads\/2016\/08\/Cristina...jpg?resize=525%2C300 1.5x"},"classes":[]},{"id":112624,"url":"https:\/\/www.24baires.com\/?p=112624","url_meta":{"origin":29411,"position":4},"title":"Olavarr\u00eda: Aguilera se despega de Galli y el peronismo est\u00e1 a un paso de ser gobierno","author":"GB","date":"24\/10\/2019","format":false,"excerpt":"Alberto Fern\u00e1ndez y Axel Kicillof visitaron el distrito para impulsar a su candidato local que seg\u00fan las \u00faltimas encuestas ser\u00e1 el mas votado logrando un triunfo sobre le intendente. Tras las visita de Alberto Fern\u00e1ndez el lunes pasado, Olavarr\u00eda se encamina a ser uno de los distritos en los que\u2026","rel":"","context":"En \u00abMunicipios\u00bb","block_context":{"text":"Municipios","link":"https:\/\/www.24baires.com\/?cat=44"},"img":{"alt_text":"","src":"https:\/\/i0.wp.com\/www.24baires.com\/wp-content\/uploads\/2019\/10\/intendento-olavarria.jpg?resize=350%2C200","width":350,"height":200,"srcset":"https:\/\/i0.wp.com\/www.24baires.com\/wp-content\/uploads\/2019\/10\/intendento-olavarria.jpg?resize=350%2C200 1x, https:\/\/i0.wp.com\/www.24baires.com\/wp-content\/uploads\/2019\/10\/intendento-olavarria.jpg?resize=525%2C300 1.5x"},"classes":[]},{"id":57817,"url":"https:\/\/www.24baires.com\/?p=57817","url_meta":{"origin":29411,"position":5},"title":"\u00abNing\u00fan candidato a Gobernador llega al 3% de los votos\u00bb","author":"Grupo Sierra","date":"27\/11\/2014","format":false,"excerpt":"As\u00ed lo indic\u00f3 el diputado nacional Ricardo Alfons\u00edn, quien cuestion\u00f3 hoy las encuestas de opini\u00f3n que circulan. Asegur\u00f3 que \u201cno hay un candidato para la provincia que rompa los relojes\u201d y que el FA Unen est\u00e1 \u201cexpectante\u201d, a tres puntos de Massa a nivel nacional. El titular del Comit\u00e9 Provincia\u2026","rel":"","context":"En \u00abElecciones 2015\u00bb","block_context":{"text":"Elecciones 2015","link":"https:\/\/www.24baires.com\/?cat=74"},"img":{"alt_text":"alfonsin","src":"https:\/\/i0.wp.com\/www.24baires.com\/wp-content\/uploads\/2013\/09\/alfonsin.jpg?resize=350%2C200","width":350,"height":200,"srcset":"https:\/\/i0.wp.com\/www.24baires.com\/wp-content\/uploads\/2013\/09\/alfonsin.jpg?resize=350%2C200 1x, https:\/\/i0.wp.com\/www.24baires.com\/wp-content\/uploads\/2013\/09\/alfonsin.jpg?resize=525%2C300 1.5x"},"classes":[]}],"jetpack_sharing_enabled":true,"jetpack_likes_enabled":true,"_links":{"self":[{"href":"https:\/\/www.24baires.com\/index.php?rest_route=\/wp\/v2\/posts\/29411","targetHints":{"allow":["GET"]}}],"collection":[{"href":"https:\/\/www.24baires.com\/index.php?rest_route=\/wp\/v2\/posts"}],"about":[{"href":"https:\/\/www.24baires.com\/index.php?rest_route=\/wp\/v2\/types\/post"}],"author":[{"embeddable":true,"href":"https:\/\/www.24baires.com\/index.php?rest_route=\/wp\/v2\/users\/11"}],"replies":[{"embeddable":true,"href":"https:\/\/www.24baires.com\/index.php?rest_route=%2Fwp%2Fv2%2Fcomments&post=29411"}],"version-history":[{"count":3,"href":"https:\/\/www.24baires.com\/index.php?rest_route=\/wp\/v2\/posts\/29411\/revisions"}],"predecessor-version":[{"id":29414,"href":"https:\/\/www.24baires.com\/index.php?rest_route=\/wp\/v2\/posts\/29411\/revisions\/29414"}],"wp:attachment":[{"href":"https:\/\/www.24baires.com\/index.php?rest_route=%2Fwp%2Fv2%2Fmedia&parent=29411"}],"wp:term":[{"taxonomy":"category","embeddable":true,"href":"https:\/\/www.24baires.com\/index.php?rest_route=%2Fwp%2Fv2%2Fcategories&post=29411"},{"taxonomy":"post_tag","embeddable":true,"href":"https:\/\/www.24baires.com\/index.php?rest_route=%2Fwp%2Fv2%2Ftags&post=29411"}],"curies":[{"name":"wp","href":"https:\/\/api.w.org\/{rel}","templated":true}]}}