{"id":29402,"date":"2013-08-02T20:00:26","date_gmt":"2013-08-02T23:00:26","guid":{"rendered":"http:\/\/www.24baires.com\/?p=29402"},"modified":"2013-08-03T11:49:01","modified_gmt":"2013-08-03T14:49:01","slug":"la-demora-de-la-justicia-por-la-ley-de-medios-va-a-entrar-en-el-libro-guinness","status":"publish","type":"post","link":"https:\/\/www.24baires.com\/?p=29402","title":{"rendered":"\u00abLa demora de la Justicia por la Ley de Medios va a entrar en el libro Guinness\u00bb"},"content":{"rendered":"<p>De esta manera, el ministro de Justicia, Julio Alak, se refiri\u00f3 a la \u00abdemora excesiva de la justicia\u00bb y afirm\u00f3 que \u00abresulta incre\u00edble\u00bb que tengan paralizada su total aplicaci\u00f3n desde hace cuatro a\u00f1os.<!--more--><br \/>\nEl ministro de Justicia, Julio Alak, asegur\u00f3 que \u00abresulta incre\u00edble que la justicia tenga paralizada por cuatro a\u00f1os\u00bb la aplicaci\u00f3n total de la ley de Medios.<\/p>\n<p>Luego de los diversos amparos presentados por el grupo Clar\u00edn, afirm\u00f3: \u00abCreo que va a entrar en el libro Guinness (de los r\u00e9cords) del mundo\u00bb.<\/p>\n<p>\u00abCreemos que la demora excesiva de la justicia en pronunciarse sobre su constitucionalidad debe cesar, no se puede esperar m\u00e1s que una voluntad del pueblo a trav\u00e9s de sus representantes est\u00e9 paralizada\u00bb, indic\u00f3 el titular de Justicia al hablar tras la presentaci\u00f3n del nuevo Sistema de Mediaci\u00f3n Prejudicial (MEPRE) en el Banco Naci\u00f3n.<\/p>\n<p>\u00abCreo que cuatro a\u00f1os es un plazo insoportable para una democracia, en cuanto a dejar en suspenso una ley que reviste todas las garant\u00edas de aprobaci\u00f3n\u00bb, sostuvo el ministro.<\/p>\n<p>El funcionario adem\u00e1s subray\u00f3 que la aplicaci\u00f3n integral de la norma \u00abva a ser un aporte para terminar con los monopolios en la Argentina y para democratizar la palabra\u00bb.<\/p>\n<p>La ley de Servicios de Comunicaci\u00f3n Audiovisual, sancionada por el Parlamento a fines de 2009, a\u00fan no pudo entrar en vigencia plenamente debido a distintos planteos judiciales del grupo Clar\u00edn, que ahora debe resolver la Corte Suprema.<\/p>\n<p>&nbsp;<\/p>\n<p>&nbsp;<\/p>\n<p>&nbsp;<\/p>\n<p>&nbsp;<\/p>\n<p>&nbsp;<\/p>\n<p>&nbsp;<\/p>\n<p>&nbsp;<\/p>\n<p>&nbsp;<\/p>\n<p>&nbsp;<\/p>\n<p>&nbsp;<\/p>\n<p>&nbsp;<\/p>\n<p>&nbsp;<\/p>\n<p>&nbsp;<\/p>\n","protected":false},"excerpt":{"rendered":"<p>De esta manera, el ministro de Justicia, Julio Alak, se refiri\u00f3 a la \u00abdemora excesiva de la justicia\u00bb y afirm\u00f3 que \u00abresulta incre\u00edble\u00bb que tengan paralizada su total aplicaci\u00f3n desde hace cuatro a\u00f1os.<\/p>\n","protected":false},"author":4,"featured_media":0,"comment_status":"open","ping_status":"open","sticky":false,"template":"","format":"standard","meta":{"_jetpack_newsletter_access":"","_jetpack_dont_email_post_to_subs":false,"_jetpack_newsletter_tier_id":0,"_jetpack_memberships_contains_paywalled_content":false,"_jetpack_memberships_contains_paid_content":false,"footnotes":""},"categories":[54],"tags":[],"class_list":["post-29402","post","type-post","status-publish","format-standard","hentry","category-medios"],"jetpack_featured_media_url":"","jetpack_shortlink":"https:\/\/wp.me\/p2JWE0-7Ee","jetpack-related-posts":[{"id":33006,"url":"https:\/\/www.24baires.com\/?p=33006","url_meta":{"origin":29402,"position":0},"title":"\u00abEs incre\u00edble que una cautelar demore la aplicaci\u00f3n de una ley nacional 4 a\u00f1os\u00bb","author":"GB","date":"04\/10\/2013","format":false,"excerpt":"El ministro de Justicia, Julio Alak, dijo que \"es incre\u00edble que una cautelar cr\u00f3nica haya demorado la aplicaci\u00f3n de una ley de la Naci\u00f3n durante 4 a\u00f1os\", en referencia a la Ley de Servicios de Comunicaci\u00f3n Audiovisual aprobada por el congreso en 2009. Tras participar de un encuentro con autoridades\u2026","rel":"","context":"En \u00abMedios\u00bb","block_context":{"text":"Medios","link":"https:\/\/www.24baires.com\/?cat=54"},"img":{"alt_text":"","src":"","width":0,"height":0},"classes":[]},{"id":116474,"url":"https:\/\/www.24baires.com\/?p=116474","url_meta":{"origin":29402,"position":1},"title":"La Provincia busca construir nuevas c\u00e1rceles en el conurbano","author":"GB","date":"15\/10\/2020","format":false,"excerpt":"El ministro de Justicia y DDHH de la Provincia de Buenos Aires, Julio Alak, present\u00f3 un proyecto de ley para descomprimir el hacinamiento carcelario Buscando descomprimir el hacinamiento carcelario, el ministro de Justicia y DDHH de la Provincia de Buenos Aires, Julio Alak, present\u00f3 en las comisiones de Asuntos Constitucionales,\u2026","rel":"","context":"En \u00abProvincia\u00bb","block_context":{"text":"Provincia","link":"https:\/\/www.24baires.com\/?cat=40"},"img":{"alt_text":"","src":"https:\/\/i0.wp.com\/www.24baires.com\/wp-content\/uploads\/2020\/08\/kici-alak.jpg?resize=350%2C200","width":350,"height":200,"srcset":"https:\/\/i0.wp.com\/www.24baires.com\/wp-content\/uploads\/2020\/08\/kici-alak.jpg?resize=350%2C200 1x, https:\/\/i0.wp.com\/www.24baires.com\/wp-content\/uploads\/2020\/08\/kici-alak.jpg?resize=525%2C300 1.5x"},"classes":[]},{"id":120620,"url":"https:\/\/www.24baires.com\/?p=120620","url_meta":{"origin":29402,"position":2},"title":"La Justicia rechaz\u00f3 la apertura de m\u00e1s urnas y ratific\u00f3 a Alak como intendente","author":"GB","date":"03\/11\/2023","format":false,"excerpt":"La Justicia confirm\u00f3 a Julio Alak como nuevo intendente de la Ciudad de La Plata tras varios d\u00edas de debates y especulaciones que comenzaron el mismo d\u00eda de la primera vuelta, Julio Garro apelar\u00e1 la decisi\u00f3n. Julio Alak, es el nuevo intendente de la Ciudad de La Plata y asumir\u00e1\u2026","rel":"","context":"En \u00abMunicipios\u00bb","block_context":{"text":"Municipios","link":"https:\/\/www.24baires.com\/?cat=44"},"img":{"alt_text":"","src":"https:\/\/i0.wp.com\/www.24baires.com\/wp-content\/uploads\/2023\/11\/alak.jpg?resize=350%2C200","width":350,"height":200,"srcset":"https:\/\/i0.wp.com\/www.24baires.com\/wp-content\/uploads\/2023\/11\/alak.jpg?resize=350%2C200 1x, https:\/\/i0.wp.com\/www.24baires.com\/wp-content\/uploads\/2023\/11\/alak.jpg?resize=525%2C300 1.5x, https:\/\/i0.wp.com\/www.24baires.com\/wp-content\/uploads\/2023\/11\/alak.jpg?resize=700%2C400 2x"},"classes":[]},{"id":45756,"url":"https:\/\/www.24baires.com\/?p=45756","url_meta":{"origin":29402,"position":3},"title":"\u00abLa muerte de Carmen Argibay es una p\u00e9rdida para el sistema democr\u00e1tico\u00bb","author":"AF","date":"11\/05\/2014","format":false,"excerpt":"Lo dijo el ministro de Justicia, Julio Alak, en el homenaje p\u00fablico que se realiz\u00f3 en Tribunales. Al ser consultado por la reacci\u00f3n de Cristina Kirchner, afirm\u00f3 que \"para la Presidenta es una p\u00e9rdida institucional muy grande\". El presidente de la Corte, Ricardo Lorenzetti, dijo que \"Carmen Argibay represent\u00f3 a\u2026","rel":"","context":"En \u00abPol\u00edtica\u00bb","block_context":{"text":"Pol\u00edtica","link":"https:\/\/www.24baires.com\/?cat=51"},"img":{"alt_text":"alak ley medios","src":"https:\/\/i0.wp.com\/www.24baires.com\/wp-content\/uploads\/2012\/12\/alak-ley-medios.jpg?resize=350%2C200","width":350,"height":200,"srcset":"https:\/\/i0.wp.com\/www.24baires.com\/wp-content\/uploads\/2012\/12\/alak-ley-medios.jpg?resize=350%2C200 1x, https:\/\/i0.wp.com\/www.24baires.com\/wp-content\/uploads\/2012\/12\/alak-ley-medios.jpg?resize=525%2C300 1.5x"},"classes":[]},{"id":10621,"url":"https:\/\/www.24baires.com\/?p=10621","url_meta":{"origin":29402,"position":4},"title":"Alak conf\u00eda en la \u201cpronta vigencia\u201d de la Ley de Medios","author":"AF","date":"27\/12\/2012","format":false,"excerpt":"As\u00ed lo destac\u00f3 el Ministro de Justicia y Derechos Humanos de la Naci\u00f3n Julio Alak al participar de un encuentro en el senado bonaerense junto al vicegobernador Gabriel Mariotto. Asegur\u00f3 que \u201csi no hay regulaci\u00f3n, el monopolio Clar\u00edn va a llegar al control del 100 por ciento de la televisi\u00f3n\u2026","rel":"","context":"En \u00abMedios\u00bb","block_context":{"text":"Medios","link":"https:\/\/www.24baires.com\/?cat=54"},"img":{"alt_text":"","src":"","width":0,"height":0},"classes":[]},{"id":10728,"url":"https:\/\/www.24baires.com\/?p=10728","url_meta":{"origin":29402,"position":5},"title":"\u00abClar\u00edn tiene la esperanza de que se modifique el Congreso por eso extiende la cautelar\u00bb","author":"Grupo Sierra","date":"28\/12\/2012","format":false,"excerpt":"El ministro de Justicia, julio Alak se sum\u00f3 a los pedidos para que la C\u00e1mara Federal Civil y Comercial resuelva cuanto antes la cuesti\u00f3n de fondo sobre los art\u00edculos cuestionados de la Ley de Medios. Adem\u00e1s advirti\u00f3 que \"la estrategia final de Clar\u00edn es extender la cautelar hasta las pr\u00f3ximas\u2026","rel":"","context":"En \u00abPol\u00edtica\u00bb","block_context":{"text":"Pol\u00edtica","link":"https:\/\/www.24baires.com\/?cat=51"},"img":{"alt_text":"","src":"","width":0,"height":0},"classes":[]}],"jetpack_sharing_enabled":true,"jetpack_likes_enabled":true,"_links":{"self":[{"href":"https:\/\/www.24baires.com\/index.php?rest_route=\/wp\/v2\/posts\/29402","targetHints":{"allow":["GET"]}}],"collection":[{"href":"https:\/\/www.24baires.com\/index.php?rest_route=\/wp\/v2\/posts"}],"about":[{"href":"https:\/\/www.24baires.com\/index.php?rest_route=\/wp\/v2\/types\/post"}],"author":[{"embeddable":true,"href":"https:\/\/www.24baires.com\/index.php?rest_route=\/wp\/v2\/users\/4"}],"replies":[{"embeddable":true,"href":"https:\/\/www.24baires.com\/index.php?rest_route=%2Fwp%2Fv2%2Fcomments&post=29402"}],"version-history":[{"count":3,"href":"https:\/\/www.24baires.com\/index.php?rest_route=\/wp\/v2\/posts\/29402\/revisions"}],"predecessor-version":[{"id":29404,"href":"https:\/\/www.24baires.com\/index.php?rest_route=\/wp\/v2\/posts\/29402\/revisions\/29404"}],"wp:attachment":[{"href":"https:\/\/www.24baires.com\/index.php?rest_route=%2Fwp%2Fv2%2Fmedia&parent=29402"}],"wp:term":[{"taxonomy":"category","embeddable":true,"href":"https:\/\/www.24baires.com\/index.php?rest_route=%2Fwp%2Fv2%2Fcategories&post=29402"},{"taxonomy":"post_tag","embeddable":true,"href":"https:\/\/www.24baires.com\/index.php?rest_route=%2Fwp%2Fv2%2Ftags&post=29402"}],"curies":[{"name":"wp","href":"https:\/\/api.w.org\/{rel}","templated":true}]}}