{"id":2935,"date":"2012-10-22T15:51:47","date_gmt":"2012-10-22T18:51:47","guid":{"rendered":"http:\/\/www.24baires.com\/?p=2935"},"modified":"2012-10-22T15:51:47","modified_gmt":"2012-10-22T18:51:47","slug":"curiosa-encuesta-sono-en-telefonos-de-san-miguel-y-tigre-este-fin-de-semana","status":"publish","type":"post","link":"https:\/\/www.24baires.com\/?p=2935","title":{"rendered":"Curiosa encuesta son\u00f3 en tel\u00e9fonos de San Miguel y Tigre este fin de semana"},"content":{"rendered":"<p>Que el Intendente Jes\u00fas Cariglino piensa en el 2013 no es ni ninguna novedad y que dedica gran parte de su tiempo a remarcar que intenta generar una oposici\u00f3n al gobierno nacional tampoco, pero una curiosa encuesta telef\u00f3nica llam\u00f3 la atenci\u00f3n este fin de semana.<!--more--><\/p>\n<p>El d\u00eda s\u00e1bado por la tarde los tel\u00e9fonos de San Miguel y Tigre sonaron al mismo tiempo, al contestar la llamada los vecinos fueron sorprendidos por un:<\/p>\n<p>Buenas Tardes Vecinos, queremos hacerle las siguientes preguntas:<br \/>\n\u00bfUsted conoce a Jes\u00fas Cariglino?<br \/>\nLa vecina contest\u00f3 que si y pas\u00f3 a la pregunta n\u00famero 2 que era:<br \/>\n\u00bfConoce hace cuanto que est\u00e1 en el Municipio de Malvinas Argentina?<br \/>\n3)\u00bfSabe en qu\u00e9 condiciones recibi\u00f3 este Municipio?<br \/>\n4) \u00bfSabe todo lo que hizo, sin fondos del Gobierno Nacional?<br \/>\n6)\u00bfConoce la campa\u00f1a de desprestigio a la que es sometido por estar en contra del gobierno Nacional?<br \/>\nY por \u00faltimo preguntaba: \u00bfSabe que se postula con el Peronismo Verdadero?<br \/>\nEstas preguntas dejan en evidencia la intenci\u00f3n pol\u00edtica del Intendente que busca instalarse en distritos vecinos en busca de aliados y de una alianza para ir de lleno al 2013, opinaron desde el medio on line El Diario de Malvinas.<\/p>\n","protected":false},"excerpt":{"rendered":"<p>Que el Intendente Jes\u00fas Cariglino piensa en el 2013 no es ni ninguna novedad y que dedica gran parte de su tiempo a remarcar que intenta generar una oposici\u00f3n al gobierno nacional tampoco, pero una curiosa encuesta telef\u00f3nica llam\u00f3 la atenci\u00f3n este fin de semana.<\/p>\n","protected":false},"author":11,"featured_media":0,"comment_status":"open","ping_status":"open","sticky":false,"template":"","format":"standard","meta":{"_jetpack_newsletter_access":"","_jetpack_dont_email_post_to_subs":false,"_jetpack_newsletter_tier_id":0,"_jetpack_memberships_contains_paywalled_content":false,"_jetpack_memberships_contains_paid_content":false,"footnotes":""},"categories":[51],"tags":[],"class_list":["post-2935","post","type-post","status-publish","format-standard","hentry","category-politica"],"jetpack_featured_media_url":"","jetpack_shortlink":"https:\/\/wp.me\/p2JWE0-Ll","jetpack-related-posts":[{"id":15996,"url":"https:\/\/www.24baires.com\/?p=15996","url_meta":{"origin":2935,"position":0},"title":"Tras la desaparici\u00f3n de otra menor, preocupa el tema de la trata en Malvinas Argentinas","author":"Grupo Sierra","date":"18\/02\/2013","format":false,"excerpt":"Una chica, de 13 a\u00f1os, desapareci\u00f3 el \u00faltimo domingo. En diciembre una nena hab\u00eda sido raptada y creen que operar\u00eda una red en la zona. Piden que las autoridades del municipio, que tiene a Jes\u00fas Cariglino al mando, tome cartas en el asunto. Parece improbable: sus concejales vienen de archivar\u2026","rel":"","context":"En \u00abSociedad\u00bb","block_context":{"text":"Sociedad","link":"https:\/\/www.24baires.com\/?cat=1"},"img":{"alt_text":"cariglino","src":"https:\/\/i0.wp.com\/www.24baires.com\/wp-content\/uploads\/2013\/02\/cariglino.jpg?resize=350%2C200","width":350,"height":200,"srcset":"https:\/\/i0.wp.com\/www.24baires.com\/wp-content\/uploads\/2013\/02\/cariglino.jpg?resize=350%2C200 1x, https:\/\/i0.wp.com\/www.24baires.com\/wp-content\/uploads\/2013\/02\/cariglino.jpg?resize=525%2C300 1.5x"},"classes":[]},{"id":36802,"url":"https:\/\/www.24baires.com\/?p=36802","url_meta":{"origin":2935,"position":1},"title":"El domingo se renovar\u00e1n los cargos del PJ Bonaerense","author":"GB","date":"13\/12\/2013","format":false,"excerpt":"El 15 de diciembre llega la cita agendada desde mediados de octubre: habr\u00e1 lista \u00fanica para los cargos provinciales, donde el Intendente de La Matanza, Fernando Espinoza, ser\u00e1 ungido como nuevo Presidente del espacio, y contienda en unos veinte municipios, donde -pese al rechazo en el discurso- el massismo anot\u00f3\u2026","rel":"","context":"En \u00abProvincia\u00bb","block_context":{"text":"Provincia","link":"https:\/\/www.24baires.com\/?cat=40"},"img":{"alt_text":"pj bonaerense","src":"https:\/\/i0.wp.com\/www.24baires.com\/wp-content\/uploads\/2013\/12\/pj-bonaerense.jpg?resize=350%2C200","width":350,"height":200,"srcset":"https:\/\/i0.wp.com\/www.24baires.com\/wp-content\/uploads\/2013\/12\/pj-bonaerense.jpg?resize=350%2C200 1x, https:\/\/i0.wp.com\/www.24baires.com\/wp-content\/uploads\/2013\/12\/pj-bonaerense.jpg?resize=525%2C300 1.5x"},"classes":[]},{"id":40103,"url":"https:\/\/www.24baires.com\/?p=40103","url_meta":{"origin":2935,"position":2},"title":"Califican al acuerdo entre Cariglino y Coto por los vueltos como \u00abpoco transparente\u00bb","author":"Grupo Sierra","date":"08\/02\/2014","format":false,"excerpt":"MALVINAS ARGENTINAS.- El concejal de Malvinas Argentinas, Rodolfo Tailhade (FPV), cuestion\u00f3 un convenio suscripto entre el intendente massista, Jes\u00fas Cariglino, y el supermercadista Alfredo Coto y asegur\u00f3 que \u201cexiste un claro acuerdo entre los sectores concentrados de la econom\u00eda y el Frente Renovador de Sergio Massa\u201d. El concejal del Frente\u2026","rel":"","context":"En \u00abPol\u00edtica\u00bb","block_context":{"text":"Pol\u00edtica","link":"https:\/\/www.24baires.com\/?cat=51"},"img":{"alt_text":"","src":"","width":0,"height":0},"classes":[]},{"id":52580,"url":"https:\/\/www.24baires.com\/?p=52580","url_meta":{"origin":2935,"position":3},"title":"Massa reuni\u00f3 a intendentes en Malvinas Argentinas","author":"GB","date":"27\/08\/2014","format":false,"excerpt":"El Diputado nacional encabez\u00f3 un encuentro con intendentes del Frente Renovador en el Palacio Municipal de Malvinas Argentinas. \"Vemos a la Provincia en una situaci\u00f3n preocupante en materia fiscal, los intendentes manifestaron un alto nivel de retraso en las transferencias de recursos por parte de la Provincia\", dijo Massa. El\u2026","rel":"","context":"En \u00abElecciones 2015\u00bb","block_context":{"text":"Elecciones 2015","link":"https:\/\/www.24baires.com\/?cat=74"},"img":{"alt_text":"massa y secuaces","src":"https:\/\/i0.wp.com\/www.24baires.com\/wp-content\/uploads\/2014\/08\/massa-y-secuaces.jpg?resize=350%2C200","width":350,"height":200},"classes":[]},{"id":80845,"url":"https:\/\/www.24baires.com\/?p=80845","url_meta":{"origin":2935,"position":4},"title":"Nueva denuncia contra Cariglino en Malvinas Argentinas","author":"GB","date":"31\/03\/2016","format":false,"excerpt":"Bajo el amparo de gobernar el municipio de Malvinas Argentinas por m\u00e1s de 20 a\u00f1os, ahora sale a la luz que compraban tierras a bajo precio para luego construir condominios de alta gama y venderlos a elevados precios. La maniobra salpica de manera directa a Jes\u00fas Cariglino, ex Intendente; su\u2026","rel":"","context":"En \u00abMunicipios\u00bb","block_context":{"text":"Municipios","link":"https:\/\/www.24baires.com\/?cat=44"},"img":{"alt_text":"cariglino","src":"https:\/\/i0.wp.com\/www.24baires.com\/wp-content\/uploads\/2014\/04\/cariglino-300x199.jpg?resize=350%2C200","width":350,"height":200},"classes":[]},{"id":28227,"url":"https:\/\/www.24baires.com\/?p=28227","url_meta":{"origin":2935,"position":5},"title":"Amenazan de muerte a una denunciante de Cariglino en una causa que lo compromete","author":"Grupo Sierra","date":"14\/07\/2013","format":false,"excerpt":"Se trata de Mar\u00eda Claudia Ledesma, cuya hija M\u00e9lani muri\u00f3 por mala praxis y desidia del sistema de salud local en 2009. Acusa a Jes\u00fas Cariglino por el fallecimiento y fue atacada en varias oportunidades, incluyendo un episodio ocurrido en junio de 2012 (tras el fallecimiento de otra criatura, Celeste\u2026","rel":"","context":"En \u00abMunicipios\u00bb","block_context":{"text":"Municipios","link":"https:\/\/www.24baires.com\/?cat=44"},"img":{"alt_text":"CARIGLINO VICTIMA","src":"https:\/\/i0.wp.com\/www.24baires.com\/wp-content\/uploads\/2013\/07\/CARIGLINO-VICTIMA.jpg?resize=350%2C200","width":350,"height":200,"srcset":"https:\/\/i0.wp.com\/www.24baires.com\/wp-content\/uploads\/2013\/07\/CARIGLINO-VICTIMA.jpg?resize=350%2C200 1x, https:\/\/i0.wp.com\/www.24baires.com\/wp-content\/uploads\/2013\/07\/CARIGLINO-VICTIMA.jpg?resize=525%2C300 1.5x"},"classes":[]}],"jetpack_sharing_enabled":true,"jetpack_likes_enabled":true,"_links":{"self":[{"href":"https:\/\/www.24baires.com\/index.php?rest_route=\/wp\/v2\/posts\/2935","targetHints":{"allow":["GET"]}}],"collection":[{"href":"https:\/\/www.24baires.com\/index.php?rest_route=\/wp\/v2\/posts"}],"about":[{"href":"https:\/\/www.24baires.com\/index.php?rest_route=\/wp\/v2\/types\/post"}],"author":[{"embeddable":true,"href":"https:\/\/www.24baires.com\/index.php?rest_route=\/wp\/v2\/users\/11"}],"replies":[{"embeddable":true,"href":"https:\/\/www.24baires.com\/index.php?rest_route=%2Fwp%2Fv2%2Fcomments&post=2935"}],"version-history":[{"count":1,"href":"https:\/\/www.24baires.com\/index.php?rest_route=\/wp\/v2\/posts\/2935\/revisions"}],"predecessor-version":[{"id":2936,"href":"https:\/\/www.24baires.com\/index.php?rest_route=\/wp\/v2\/posts\/2935\/revisions\/2936"}],"wp:attachment":[{"href":"https:\/\/www.24baires.com\/index.php?rest_route=%2Fwp%2Fv2%2Fmedia&parent=2935"}],"wp:term":[{"taxonomy":"category","embeddable":true,"href":"https:\/\/www.24baires.com\/index.php?rest_route=%2Fwp%2Fv2%2Fcategories&post=2935"},{"taxonomy":"post_tag","embeddable":true,"href":"https:\/\/www.24baires.com\/index.php?rest_route=%2Fwp%2Fv2%2Ftags&post=2935"}],"curies":[{"name":"wp","href":"https:\/\/api.w.org\/{rel}","templated":true}]}}