{"id":2930,"date":"2012-10-22T15:31:47","date_gmt":"2012-10-22T18:31:47","guid":{"rendered":"http:\/\/www.24baires.com\/?p=2930"},"modified":"2012-10-22T15:32:37","modified_gmt":"2012-10-22T18:32:37","slug":"intendentes-de-la-quinta-seccion-van-en-respaldo-de-tellechea","status":"publish","type":"post","link":"https:\/\/www.24baires.com\/?p=2930","title":{"rendered":"Intendentes de la Quinta Secci\u00f3n van en respaldo de Tellechea"},"content":{"rendered":"<p><img data-recalc-dims=\"1\" loading=\"lazy\" decoding=\"async\" class=\"aligncenter size-full wp-image-2620\" title=\"tellechea-necochea-la\" src=\"https:\/\/i0.wp.com\/www.24baires.com\/wp-content\/uploads\/2012\/10\/tellechea-necochea-la.jpg?resize=560%2C357\" alt=\"\" width=\"560\" height=\"357\" srcset=\"https:\/\/i0.wp.com\/www.24baires.com\/wp-content\/uploads\/2012\/10\/tellechea-necochea-la.jpg?w=560&amp;ssl=1 560w, https:\/\/i0.wp.com\/www.24baires.com\/wp-content\/uploads\/2012\/10\/tellechea-necochea-la.jpg?resize=300%2C191&amp;ssl=1 300w\" sizes=\"auto, (max-width: 560px) 100vw, 560px\" \/><\/p>\n<p>Los jefes comunales de la Quinta Secci\u00f3n electoral, viajar\u00e1n a Necochea para respaldar al intendente local Horacio Tellechea quien, dijo que puede ser destituido.<!--more--><\/p>\n<p>Sus pares adjudicaron que el intento de desplazarlo de la intendencia responde m\u00e1s a \u201crazones pol\u00edticas\u201d que administrativas.<\/p>\n<p>Llegar\u00e1n al municipio, el jefe comunal de Mar Chiquita, Paredi, Gustavo Pulti (General Pueyrred\u00f3n), Hugo Rodr\u00edguez (Lober\u00eda) y Patricio Hogan (Gral. Alvarado).<\/p>\n<p>En tanto d\u00eda atr\u00e1s, Telechea se reuni\u00f3 con el gobernador Daniel Scioli. Sobre el encuentro Scioli dijo: \u201cMe reun\u00ed con el intendente porque soy un defensor ac\u00e9rrimo de la institucionalidad y gobernabilidad\u201d.<\/p>\n<p>\u201cEsta es una maniobra pol\u00edtica que involucra a varios sectores y que lejos de buscar la verdad, busca un circo basado en el chicaneo\u201d, asegur\u00f3 Tellechea, y remarc\u00f3 que \u201cno ocultamos absolutamente nada, y esperamos que la verdad resulte triunfadora\u201d.<\/p>\n<p>Y agreg\u00f3 que \u201ccomo la verdad es hija del tiempo, no tengo dudas que esto se va a esclarecer\u201d.<\/p>\n","protected":false},"excerpt":{"rendered":"<p>Los jefes comunales de la Quinta Secci\u00f3n electoral, viajar\u00e1n a Necochea para respaldar al intendente local Horacio Tellechea quien, dijo que puede ser destituido.<\/p>\n","protected":false},"author":11,"featured_media":0,"comment_status":"open","ping_status":"open","sticky":false,"template":"","format":"standard","meta":{"_jetpack_newsletter_access":"","_jetpack_dont_email_post_to_subs":false,"_jetpack_newsletter_tier_id":0,"_jetpack_memberships_contains_paywalled_content":false,"_jetpack_memberships_contains_paid_content":false,"footnotes":""},"categories":[51],"tags":[],"class_list":["post-2930","post","type-post","status-publish","format-standard","hentry","category-politica"],"jetpack_featured_media_url":"","jetpack_shortlink":"https:\/\/wp.me\/p2JWE0-Lg","jetpack-related-posts":[{"id":2998,"url":"https:\/\/www.24baires.com\/?p=2998","url_meta":{"origin":2930,"position":0},"title":"Pulti, Paredi, Hogan y Rodr\u00edguez juntos por Tellechea","author":"AF","date":"23\/10\/2012","format":false,"excerpt":"Intendentes de la Quinta Secci\u00f3n electoral se reunir\u00e1n este martes en Necochea para respaldar a su par de esa localidad, Horacio Tellechea, quien afronta una comisi\u00f3n investigadora por irregularidades en la compra de instrumental m\u00e9dico para el hospital necochense. El intendente de Mar Chiquita, Jorge Paredi, confirm\u00f3 que hoy los\u2026","rel":"","context":"En \u00abPol\u00edtica\u00bb","block_context":{"text":"Pol\u00edtica","link":"https:\/\/www.24baires.com\/?cat=51"},"img":{"alt_text":"","src":"https:\/\/i0.wp.com\/www.24baires.com\/wp-content\/uploads\/2012\/10\/tellechea.jpg?resize=350%2C200","width":350,"height":200},"classes":[]},{"id":112156,"url":"https:\/\/www.24baires.com\/?p=112156","url_meta":{"origin":2930,"position":1},"title":"\u201cNos hicieron hacer creer que si cerraba una Pyme, era culpa del productor\u201d","author":"GB","date":"20\/09\/2019","format":false,"excerpt":"El candidato a gobernador por el Frente de Todos estuvo junto al ex senador Patricio Garc\u00eda, quien disputa la intendencia en Florentino Ameghino. El apoyo de Kicillo fue expreso: \u201cYo los vengo a convocar para que llenemos las urnas de votos el 27 de octubre, para que Alberto sea el\u2026","rel":"","context":"En \u00abProvincia\u00bb","block_context":{"text":"Provincia","link":"https:\/\/www.24baires.com\/?cat=40"},"img":{"alt_text":"","src":"https:\/\/i0.wp.com\/www.24baires.com\/wp-content\/uploads\/2019\/08\/kicillof-1-300x200.jpg?resize=350%2C200","width":350,"height":200},"classes":[]},{"id":3844,"url":"https:\/\/www.24baires.com\/?p=3844","url_meta":{"origin":2930,"position":2},"title":"Intendentes bonaerenses negaron haber sido &#8216;obligados&#8217; a apoyar a Tellechea","author":"AF","date":"30\/10\/2012","format":false,"excerpt":"Tras la denuncia del concejal de Necochea, Alejandro Issin (Uni\u00f3n Peronista), quien afirm\u00f3 que los jefes comunales de la regi\u00f3n fueron \u201cobligados\u201d a participar del acto apoyo al alcalde necochense Horacio Tellechea realizado la semana pasada, los mandatarios municipales que participaron de ese encuentro salieron al cruce. \u201cFuimos por propia\u2026","rel":"","context":"En \u00abPol\u00edtica\u00bb","block_context":{"text":"Pol\u00edtica","link":"https:\/\/www.24baires.com\/?cat=51"},"img":{"alt_text":"","src":"https:\/\/i0.wp.com\/www.24baires.com\/wp-content\/uploads\/2012\/10\/tellechea-2-300x211.jpg?resize=350%2C200","width":350,"height":200},"classes":[]},{"id":2619,"url":"https:\/\/www.24baires.com\/?p=2619","url_meta":{"origin":2930,"position":3},"title":"Tellechea resiste la zancadilla del \u201cMomo\u201d Venegas movilizando al kirchnerismo local","author":"Grupo Sierra","date":"19\/10\/2012","format":false,"excerpt":"NECOCHEA.-La agrupaci\u00f3n kirchnerista \u201cUnidos y Organizados\u201d prepara para esta fin de semana una caravana contra \u201cel golpe institucional\u201d en Necochea. Tras la conformaci\u00f3n de una comisi\u00f3n investigadora en el Concejo Deliberante local, el intendente recibi\u00f3 el apoyo de los gobiernos nacional y provincial. Scioli consider\u00f3 que se trata de \u201cmaniobras\u201d\u2026","rel":"","context":"En \u00abPol\u00edtica\u00bb","block_context":{"text":"Pol\u00edtica","link":"https:\/\/www.24baires.com\/?cat=51"},"img":{"alt_text":"","src":"https:\/\/i0.wp.com\/www.24baires.com\/wp-content\/uploads\/2012\/10\/tellechea-necochea-la.jpg?resize=350%2C200","width":350,"height":200,"srcset":"https:\/\/i0.wp.com\/www.24baires.com\/wp-content\/uploads\/2012\/10\/tellechea-necochea-la.jpg?resize=350%2C200 1x, https:\/\/i0.wp.com\/www.24baires.com\/wp-content\/uploads\/2012\/10\/tellechea-necochea-la.jpg?resize=525%2C300 1.5x"},"classes":[]},{"id":14647,"url":"https:\/\/www.24baires.com\/?p=14647","url_meta":{"origin":2930,"position":4},"title":"Llamativa ausencia de Scioli en acto de reinauguraci\u00f3n de puente colgante de Necochea","author":"AF","date":"04\/02\/2013","format":false,"excerpt":"El pr\u00f3ximo viernes el Concejo Deliberante puede destituir al jefe comunal de ese distrito, Horacio Tellechea. La visita del gobernador era vista como un espaldarazo al cuestionado intendente. Sin embargo, el mandatario provincial brill\u00f3 por su ausencia y, en su lugar, env\u00edo al ministro de Infraestructura, Alejandro Arl\u00eda. El concejal\u2026","rel":"","context":"En \u00abPol\u00edtica\u00bb","block_context":{"text":"Pol\u00edtica","link":"https:\/\/www.24baires.com\/?cat=51"},"img":{"alt_text":"","src":"","width":0,"height":0},"classes":[]},{"id":12143,"url":"https:\/\/www.24baires.com\/?p=12143","url_meta":{"origin":2930,"position":5},"title":"Papel\u00f3n en Necochea: el Intendente inaugur\u00f3 una pileta de lona por segundo a\u00f1o consecutivo","author":"AF","date":"14\/01\/2013","format":false,"excerpt":"En medio de las sospechas sobre corrupci\u00f3n que caen sobre el intendente de Necochea, Horacio Tellechea, la apertura de la precaria piscina fue comunicada como una obra en el bolet\u00edn oficial. La misma ya hab\u00eda sido inaugurada hace un a\u00f1o. Para la UCR, la noticia \"parece un sketch del programa\u2026","rel":"","context":"En \u00abPol\u00edtica\u00bb","block_context":{"text":"Pol\u00edtica","link":"https:\/\/www.24baires.com\/?cat=51"},"img":{"alt_text":"tellechea pelopincho","src":"https:\/\/i0.wp.com\/www.24baires.com\/wp-content\/uploads\/2013\/01\/tellechea-pelopincho-300x168.jpg?resize=350%2C200","width":350,"height":200},"classes":[]}],"jetpack_sharing_enabled":true,"jetpack_likes_enabled":true,"_links":{"self":[{"href":"https:\/\/www.24baires.com\/index.php?rest_route=\/wp\/v2\/posts\/2930","targetHints":{"allow":["GET"]}}],"collection":[{"href":"https:\/\/www.24baires.com\/index.php?rest_route=\/wp\/v2\/posts"}],"about":[{"href":"https:\/\/www.24baires.com\/index.php?rest_route=\/wp\/v2\/types\/post"}],"author":[{"embeddable":true,"href":"https:\/\/www.24baires.com\/index.php?rest_route=\/wp\/v2\/users\/11"}],"replies":[{"embeddable":true,"href":"https:\/\/www.24baires.com\/index.php?rest_route=%2Fwp%2Fv2%2Fcomments&post=2930"}],"version-history":[{"count":4,"href":"https:\/\/www.24baires.com\/index.php?rest_route=\/wp\/v2\/posts\/2930\/revisions"}],"predecessor-version":[{"id":2934,"href":"https:\/\/www.24baires.com\/index.php?rest_route=\/wp\/v2\/posts\/2930\/revisions\/2934"}],"wp:attachment":[{"href":"https:\/\/www.24baires.com\/index.php?rest_route=%2Fwp%2Fv2%2Fmedia&parent=2930"}],"wp:term":[{"taxonomy":"category","embeddable":true,"href":"https:\/\/www.24baires.com\/index.php?rest_route=%2Fwp%2Fv2%2Fcategories&post=2930"},{"taxonomy":"post_tag","embeddable":true,"href":"https:\/\/www.24baires.com\/index.php?rest_route=%2Fwp%2Fv2%2Ftags&post=2930"}],"curies":[{"name":"wp","href":"https:\/\/api.w.org\/{rel}","templated":true}]}}