{"id":2925,"date":"2012-10-22T15:10:03","date_gmt":"2012-10-22T18:10:03","guid":{"rendered":"http:\/\/www.24baires.com\/?p=2925"},"modified":"2012-10-22T15:23:22","modified_gmt":"2012-10-22T18:23:22","slug":"se-formo-la-triple-m","status":"publish","type":"post","link":"https:\/\/www.24baires.com\/?p=2925","title":{"rendered":"Se form\u00f3 la &#8216;Triple M&#8217;"},"content":{"rendered":"<p><img data-recalc-dims=\"1\" loading=\"lazy\" decoding=\"async\" class=\"aligncenter size-full wp-image-2926\" title=\"macri_moyano_221012_2_ef_55850\" src=\"https:\/\/i0.wp.com\/www.24baires.com\/wp-content\/uploads\/2012\/10\/macri_moyano_221012_2_ef_55850.jpg?resize=560%2C371\" alt=\"\" width=\"560\" height=\"371\" srcset=\"https:\/\/i0.wp.com\/www.24baires.com\/wp-content\/uploads\/2012\/10\/macri_moyano_221012_2_ef_55850.jpg?w=560&amp;ssl=1 560w, https:\/\/i0.wp.com\/www.24baires.com\/wp-content\/uploads\/2012\/10\/macri_moyano_221012_2_ef_55850.jpg?resize=300%2C198&amp;ssl=1 300w\" sizes=\"auto, (max-width: 560px) 100vw, 560px\" \/><\/p>\n<p>El jefe de Gobierno porte\u00f1o,<strong> Mauricio Macri<\/strong> y el titular de la CGT Azopardo, <strong>Hugo Moyano<\/strong> participaron de una reuni\u00f3n del Grupo Profesional de Trabajadores Agr\u00edcolas, donde expresaron coincidencias pol\u00edticas, aunque descartaron una f\u00f3rmula electoral. Ambos dirigentes participaron este lunes de la Reuni\u00f3n Anual del Grupo Profesional de Trabajadores Agr\u00edcolas encabezada por el titular de la UATRE, <strong>Ger\u00f3nimo \u00abMomo\u00bb Venegas<\/strong>, en el barrio porte\u00f1o de San Crist\u00f3bal.<!--more--><\/p>\n<p>En ese marco, el l\u00edder camionero afirm\u00f3 que \u00abcomparto lo que dice Mauricio Macri de que el campo es la industria fundamental\u00bb, aunque enseguida se apresur\u00f3 en se\u00f1alar que \u00abdespu\u00e9s van a hablar de la f\u00f3rmula Moyano-Macri o Macri-Moyano y de esas tonter\u00edas\u00bb.<\/p>\n<p>\u00abSi Macri se quiere hacer famoso al lado m\u00edo, yo no lo puedo impedir\u00bb, brome\u00f3 el l\u00edder cegetista.<\/p>\n<p>Al respecto, el jefe de la CGT Azopardo tambi\u00e9n dijo que \u00abhoy es m\u00e1s peligrosa la foto con los compa\u00f1eros gastron\u00f3micos que con Macri\u00bb, en referencia a los trabajadores de hoteles y restaurantes presentes en el encuentro que tuvo lugar en la Escuela Pol\u00edtico Sindical de la UATRE.<\/p>\n<p>En tanto, Mauricio Macri, luego de la reuni\u00f3n, al ser consultado sobre si tiempo atr\u00e1s era impensada una foto con Hugo Moyano, respondi\u00f3: \u00abque se yo, las cosas evolucionan y va quedando m\u00e1s claro qui\u00e9nes estamos del lado del di\u00e1logo y del trabajo conjunto, y los que est\u00e1n del lado de la confrontaci\u00f3n\u00bb.<\/p>\n<p>Asimismo, cuando se le pregunt\u00f3 acerca de las declaraciones de Pablo Moyano, quien hab\u00eda asegurado que su padre (Hugo) es el mayor representante de la oposici\u00f3n y que Macri no tiene la fuerza suficiente para conducir un pa\u00eds porque no puede resolver unos d\u00edas de colegios tomados, el jefe de gobierno porte\u00f1o s\u00f3lo contest\u00f3 \u00abPablo pis\u00f3 un palito\u00bb.<\/p>\n<p>Macri realiz\u00f3 estas declaraciones en una rueda de prensa, junto a Venegas y sin la presencia de Hugo Moyano.<\/p>\n<p>Durante el encuentro, el jefe de gobierno porte\u00f1o tambi\u00e9n defendi\u00f3 el rechazo del Grupo Clar\u00edn a adecuarse a la ley de Servicios de Comunicaci\u00f3n Audiovisual al se\u00f1alar que \u00abyo, en vez de intentar atacar a los medios de prensa independientes en un 7D (d\u00eda en el que vence la suspensi\u00f3n del art\u00edculo 161 de la normativa), elijo levantarme cada ma\u00f1ana pensando en cu\u00e1les son las soluciones a los desaf\u00edos que se me plantean, sabiendo que el futuro es hoy, no es ma\u00f1ana ni ayer\u00bb.<\/p>\n<p>\u00abEl 7D, los combates con la Justicia, no son el camino adecuado para que haya m\u00e1s inversiones en la Argentina\u00bb, agreg\u00f3 al respecto.<\/p>\n<p>El jefe de gobierno tambi\u00e9n dijo en la reuni\u00f3n que \u00abme gusta estar ac\u00e1 coincidiendo con gente que tal vez m\u00e1s que nadie sabe la importancia de la cultura del trabajo\u00bb.<\/p>\n<p>Por su parte, Venegas, en di\u00e1logo con T\u00e9lam, remarc\u00f3 que \u00abhay que trabajar en un frente nacional para la pr\u00f3ximas (elecciones) legislativas\u00bb y se manifest\u00f3 a favor de que en ese espacio est\u00e9n Macri y Hugo Moyano juntos.<\/p>\n<p>\u00abEn ese frente podr\u00edamos estar todos los que tenemos responsabilidades pol\u00edticas\u00bb, asegur\u00f3 el titular de la UATRE.<\/p>\n","protected":false},"excerpt":{"rendered":"<p>El jefe de Gobierno porte\u00f1o, Mauricio Macri y el titular de la CGT Azopardo, Hugo Moyano participaron de una reuni\u00f3n del Grupo Profesional de Trabajadores Agr\u00edcolas, donde expresaron coincidencias pol\u00edticas, aunque descartaron una f\u00f3rmula electoral. Ambos dirigentes participaron este lunes de la Reuni\u00f3n Anual del Grupo Profesional de Trabajadores Agr\u00edcolas encabezada por el titular de la UATRE, Ger\u00f3nimo \u00abMomo\u00bb Venegas, [&#8230;]<\/p>\n","protected":false},"author":11,"featured_media":0,"comment_status":"open","ping_status":"open","sticky":false,"template":"","format":"standard","meta":{"_jetpack_newsletter_access":"","_jetpack_dont_email_post_to_subs":false,"_jetpack_newsletter_tier_id":0,"_jetpack_memberships_contains_paywalled_content":false,"_jetpack_memberships_contains_paid_content":false,"footnotes":""},"categories":[51],"tags":[],"class_list":["post-2925","post","type-post","status-publish","format-standard","hentry","category-politica"],"jetpack_featured_media_url":"","jetpack_shortlink":"https:\/\/wp.me\/p2JWE0-Lb","jetpack-related-posts":[{"id":102414,"url":"https:\/\/www.24baires.com\/?p=102414","url_meta":{"origin":2925,"position":0},"title":"Moyano: \u00abSi me ponen entre Mauricio Macri y Urtubey, pido una 45\u00bb","author":"AF","date":"29\/05\/2018","format":false,"excerpt":"As\u00ed brome\u00f3 el titular del gremio de Camioneros en una conferencia de prensa en la que anunci\u00f3 que van a pedir una paritaria del 27%. Dijo que \"los gobiernos pasan, los trabajadores quedan\". Carg\u00f3 contra Macri, Larreta y Urtubey. El l\u00edder camionero, Hugo Moyano, ratific\u00f3 este martes el pedido de\u2026","rel":"","context":"En \u00abPol\u00edtica\u00bb","block_context":{"text":"Pol\u00edtica","link":"https:\/\/www.24baires.com\/?cat=51"},"img":{"alt_text":"","src":"https:\/\/i0.wp.com\/www.24baires.com\/wp-content\/uploads\/2018\/05\/moyano-1.jpg?resize=350%2C200","width":350,"height":200,"srcset":"https:\/\/i0.wp.com\/www.24baires.com\/wp-content\/uploads\/2018\/05\/moyano-1.jpg?resize=350%2C200 1x, https:\/\/i0.wp.com\/www.24baires.com\/wp-content\/uploads\/2018\/05\/moyano-1.jpg?resize=525%2C300 1.5x"},"classes":[]},{"id":100170,"url":"https:\/\/www.24baires.com\/?p=100170","url_meta":{"origin":2925,"position":1},"title":"\u00abQue me den una celda al lado de Franco\u00bb, dijo Hugo Moyano","author":"GB","date":"25\/01\/2018","format":false,"excerpt":"As\u00ed respondi\u00f3 el l\u00edder camionero ante la posibilidad de ir a prisi\u00f3n. Carg\u00f3 contra Graciela Oca\u00f1a y dijo que una eventual \"reconstrucci\u00f3n\" del peronismo \"no puede excluir\" a la ex presidenta Cristina Kirchner. Sin pelos en la lengua, el titular del gremio de Camioneros, Hugo Moyano, se destap\u00f3 y habl\u00f3\u2026","rel":"","context":"En \u00abPol\u00edtica\u00bb","block_context":{"text":"Pol\u00edtica","link":"https:\/\/www.24baires.com\/?cat=51"},"img":{"alt_text":"","src":"https:\/\/i0.wp.com\/www.24baires.com\/wp-content\/uploads\/2018\/01\/macri-moyano.jpg?resize=350%2C200","width":350,"height":200,"srcset":"https:\/\/i0.wp.com\/www.24baires.com\/wp-content\/uploads\/2018\/01\/macri-moyano.jpg?resize=350%2C200 1x, https:\/\/i0.wp.com\/www.24baires.com\/wp-content\/uploads\/2018\/01\/macri-moyano.jpg?resize=525%2C300 1.5x"},"classes":[]},{"id":101023,"url":"https:\/\/www.24baires.com\/?p=101023","url_meta":{"origin":2925,"position":2},"title":"\u00abEstoy convencido de que si se une el peronismo le ganamos a Macri en 2019\u00bb","author":"GB","date":"13\/03\/2018","format":false,"excerpt":"As\u00ed lo asegur\u00f3 Hugo Moyano despu\u00e9s de participar de un acto en homenaje a los 45 a\u00f1os del triunfo de H\u00e9ctor C\u00e1mpora. Afirm\u00f3 que Cristina Fern\u00e1ndez de Kirchner \"por supuesto\" debe sumarse a la construcci\u00f3n de la unidad del peronismo y resalt\u00f3 que \"el mejor homenaje que tenemos que hacerle\u2026","rel":"","context":"En \u00abPol\u00edtica\u00bb","block_context":{"text":"Pol\u00edtica","link":"https:\/\/www.24baires.com\/?cat=51"},"img":{"alt_text":"","src":"https:\/\/i0.wp.com\/www.24baires.com\/wp-content\/uploads\/2018\/02\/moyano-1.jpg?resize=350%2C200","width":350,"height":200,"srcset":"https:\/\/i0.wp.com\/www.24baires.com\/wp-content\/uploads\/2018\/02\/moyano-1.jpg?resize=350%2C200 1x, https:\/\/i0.wp.com\/www.24baires.com\/wp-content\/uploads\/2018\/02\/moyano-1.jpg?resize=525%2C300 1.5x"},"classes":[]},{"id":110893,"url":"https:\/\/www.24baires.com\/?p=110893","url_meta":{"origin":2925,"position":3},"title":"Moyano sobre Macri: \u00abEl Presidente da pena, pero el 10 de diciembre se va\u00bb","author":"AF","date":"21\/06\/2019","format":false,"excerpt":"El secretario general de Camioneros respondi\u00f3 a las desubicadas declaraciones proferidas por el Presidente durante el acto del D\u00eda de la Bandera que el mandatario llev\u00f3 a cabo en Rosario. El secretario general de Camioneros, Hugo Moyano, afirm\u00f3 dijo que Mauricio Macri \"da pena\" y que \"el 10 de diciembre\u2026","rel":"","context":"En \u00abPol\u00edtica\u00bb","block_context":{"text":"Pol\u00edtica","link":"https:\/\/www.24baires.com\/?cat=51"},"img":{"alt_text":"","src":"https:\/\/i0.wp.com\/www.24baires.com\/wp-content\/uploads\/2018\/02\/moyano.jpg?resize=350%2C200","width":350,"height":200,"srcset":"https:\/\/i0.wp.com\/www.24baires.com\/wp-content\/uploads\/2018\/02\/moyano.jpg?resize=350%2C200 1x, https:\/\/i0.wp.com\/www.24baires.com\/wp-content\/uploads\/2018\/02\/moyano.jpg?resize=525%2C300 1.5x"},"classes":[]},{"id":108268,"url":"https:\/\/www.24baires.com\/?p=108268","url_meta":{"origin":2925,"position":4},"title":"Hugo Moyano manifest\u00f3 su apoyo a Alberto Fern\u00e1ndez","author":"GB","date":"20\/05\/2019","format":false,"excerpt":"El l\u00edder de Camioneros asegur\u00f3 que la f\u00f3rmula que el ex jefe de Gabinete integra con Cristina Kirchner \"ampl\u00eda la diferencia que la oposici\u00f3n le saca a Macri\". La presentaci\u00f3n de la f\u00f3rmula presidencial de Alberto Fern\u00e1ndez y Cristina Kirchner todav\u00eda retumba hacia el interior del peronismo y parte del\u2026","rel":"","context":"En \u00abPol\u00edtica\u00bb","block_context":{"text":"Pol\u00edtica","link":"https:\/\/www.24baires.com\/?cat=51"},"img":{"alt_text":"","src":"https:\/\/i0.wp.com\/www.24baires.com\/wp-content\/uploads\/2018\/06\/moyano.jpg?resize=350%2C200","width":350,"height":200,"srcset":"https:\/\/i0.wp.com\/www.24baires.com\/wp-content\/uploads\/2018\/06\/moyano.jpg?resize=350%2C200 1x, https:\/\/i0.wp.com\/www.24baires.com\/wp-content\/uploads\/2018\/06\/moyano.jpg?resize=525%2C300 1.5x"},"classes":[]},{"id":103508,"url":"https:\/\/www.24baires.com\/?p=103508","url_meta":{"origin":2925,"position":5},"title":"Moyano: \u00abMacri act\u00faa como si fuera un gobierno de facto\u00bb","author":"AF","date":"24\/07\/2018","format":false,"excerpt":"El l\u00edder camionero critic\u00f3 al Presidente por sacar por decreto la reforma en las Fuerzas Armadas. \"No nos va a doblegar\", lanz\u00f3. El l\u00edder del sindicato de los Camioneros, Hugo Moyano, critic\u00f3 este martes en conferencia de prensa al presidente Mauricio Macri, por sacar por decreto la reforma al Sistema\u2026","rel":"","context":"En \u00abPol\u00edtica\u00bb","block_context":{"text":"Pol\u00edtica","link":"https:\/\/www.24baires.com\/?cat=51"},"img":{"alt_text":"","src":"https:\/\/i0.wp.com\/www.24baires.com\/wp-content\/uploads\/2018\/06\/moyano.jpg?resize=350%2C200","width":350,"height":200,"srcset":"https:\/\/i0.wp.com\/www.24baires.com\/wp-content\/uploads\/2018\/06\/moyano.jpg?resize=350%2C200 1x, https:\/\/i0.wp.com\/www.24baires.com\/wp-content\/uploads\/2018\/06\/moyano.jpg?resize=525%2C300 1.5x"},"classes":[]}],"jetpack_sharing_enabled":true,"jetpack_likes_enabled":true,"_links":{"self":[{"href":"https:\/\/www.24baires.com\/index.php?rest_route=\/wp\/v2\/posts\/2925","targetHints":{"allow":["GET"]}}],"collection":[{"href":"https:\/\/www.24baires.com\/index.php?rest_route=\/wp\/v2\/posts"}],"about":[{"href":"https:\/\/www.24baires.com\/index.php?rest_route=\/wp\/v2\/types\/post"}],"author":[{"embeddable":true,"href":"https:\/\/www.24baires.com\/index.php?rest_route=\/wp\/v2\/users\/11"}],"replies":[{"embeddable":true,"href":"https:\/\/www.24baires.com\/index.php?rest_route=%2Fwp%2Fv2%2Fcomments&post=2925"}],"version-history":[{"count":3,"href":"https:\/\/www.24baires.com\/index.php?rest_route=\/wp\/v2\/posts\/2925\/revisions"}],"predecessor-version":[{"id":2929,"href":"https:\/\/www.24baires.com\/index.php?rest_route=\/wp\/v2\/posts\/2925\/revisions\/2929"}],"wp:attachment":[{"href":"https:\/\/www.24baires.com\/index.php?rest_route=%2Fwp%2Fv2%2Fmedia&parent=2925"}],"wp:term":[{"taxonomy":"category","embeddable":true,"href":"https:\/\/www.24baires.com\/index.php?rest_route=%2Fwp%2Fv2%2Fcategories&post=2925"},{"taxonomy":"post_tag","embeddable":true,"href":"https:\/\/www.24baires.com\/index.php?rest_route=%2Fwp%2Fv2%2Ftags&post=2925"}],"curies":[{"name":"wp","href":"https:\/\/api.w.org\/{rel}","templated":true}]}}