{"id":2907,"date":"2012-10-22T12:18:01","date_gmt":"2012-10-22T15:18:01","guid":{"rendered":"http:\/\/www.24baires.com\/?p=2907"},"modified":"2012-10-22T12:18:01","modified_gmt":"2012-10-22T15:18:01","slug":"para-nazabal-es-escaso-el-presupuesto-actual-para-tratar-la-violencia-de-genero","status":"publish","type":"post","link":"https:\/\/www.24baires.com\/?p=2907","title":{"rendered":"Para Nazabal, es \u00abescaso\u00bb el presupuesto actual para tratar la Violencia de G\u00e9nero"},"content":{"rendered":"<p><img data-recalc-dims=\"1\" loading=\"lazy\" decoding=\"async\" class=\"alignleft size-medium wp-image-2908\" title=\"nazabal\" src=\"https:\/\/i0.wp.com\/www.24baires.com\/wp-content\/uploads\/2012\/10\/nazabal.jpg?resize=300%2C225\" alt=\"\" width=\"300\" height=\"225\" srcset=\"https:\/\/i0.wp.com\/www.24baires.com\/wp-content\/uploads\/2012\/10\/nazabal.jpg?resize=300%2C225&amp;ssl=1 300w, https:\/\/i0.wp.com\/www.24baires.com\/wp-content\/uploads\/2012\/10\/nazabal.jpg?w=400&amp;ssl=1 400w\" sizes=\"auto, (max-width: 300px) 100vw, 300px\" \/>La diputada provincial oficialista, Karina Nazabal, justific\u00f3 la declaraci\u00f3n de la emergencia en la violencia de g\u00e9nero porque sostuvo que el presupuesto actual para combatir el problema es \u201cescaso\u201d y \u201cse esta usando de manera poco creativa\u201d. Destac\u00f3 el consenso con la oposici\u00f3n.<!--more--><\/p>\n<p>La diputada provincial por el Frente para la Victoria Karina Nazabal defendi\u00f3 la aprobaci\u00f3n de la Ley que declara la emergencia en la violencia de g\u00e9nero ya que consider\u00f3 que \u201clo que se est\u00e1 haciendo ahora es escaso\u201d para combatir la problem\u00e1tica y evalu\u00f3 que el presupuesto \u201cse esta usando de manera poco creativa\u201d.<\/p>\n<p>\u201cLa medida habla de un compromiso para combatir la problem\u00e1tica de violencia que padecen las mujeres\u201d, remarc\u00f3 Nazabal.<\/p>\n<p>La semana pasada, la Legislatura provincial convirti\u00f3 en ley el proyecto que declara la emergencia p\u00fablica en materia social por violencia de g\u00e9nero y establece pautas para reasignar partidas presupuestarias con el fin de paliar y revertir el n\u00famero de v\u00edctimas de esta problem\u00e1tica.<\/p>\n<p>El proyecto fue aprobado por el Senado, luego de que en abril lo hiciera la C\u00e1mara de Diputados, y unifica las propuestas de Nazabal, Fernanda Antonijevic (FAP) y Alejandro Armend\u00e1riz (UCR) y, entre otros aspectos, reclama la adhesi\u00f3n de la provincia a la ley 26.485.<\/p>\n<p>Nazabal sostuvo que la ley tiene \u201ctres grandes objetivos y un esp\u00edritu\u201d. \u201cEste \u00faltimo est\u00e1 dado en poder visibilizar para toda la Provincia la necesidad de tomar de manera extraordinaria esto que esta pasando con la vida de las mujeres. Lo que esta pasando no es algo que se puede resolver con las pol\u00edticas publicas que ya tenemos sino no estar\u00edamos planteando una emergencia\u201d, recalc\u00f3.<\/p>\n<p>Dentro de las finalidades de la normativa, la diputada resalt\u00f3 la adhesi\u00f3n a la ley nacional 26.485 para la erradicaci\u00f3n de todas las formas de violencia contra las mujeres. \u201cTambi\u00e9n el hecho de crear los mecanismos que dicha normativa requiere para poder implementarla en la Provincia\u201d, agreg\u00f3.<\/p>\n<p>En segundo t\u00e9rmino, la necesidad de construir un plan de erradicaci\u00f3n de la problem\u00e1tica que, seg\u00fan puntualiz\u00f3, va a estar circunscripto en la creaci\u00f3n de un \u00abObservatorio para la Erradicaci\u00f3n de la Violencia de G\u00e9nero\u00bb.<\/p>\n<p>Y en tercer lugar, apunt\u00f3 \u201cla potestad que la ley le da al Ejecutivo de poder generar y transferir nuevas partidas en funci\u00f3n de optimizar o crear programas y pol\u00edticas publicas relativos a la cuesti\u00f3n\u201d.<\/p>\n<p>En este sentido, la legisladora oriunda de Lan\u00fas, el presupuesto que existe para hacer frente al flagelo \u201ces escaso y se esta usando de manera poco creativa\u201d, dados los resultados que demuestran las estad\u00edsticas. No obstante, sostuvo que sus expectativas son buenas.<\/p>\n<p>Asegur\u00f3 que se siente \u201ccon mucha plenitud\u201d y que el acuerdo entre todos los bloques del recinto \u201ces muy positivo\u201d. \u201cSon cuestiones que nos atraviesan a todos y en las que no hay discusi\u00f3n\u201d, complet\u00f3 Nazabal.<\/p>\n","protected":false},"excerpt":{"rendered":"<p>La diputada provincial oficialista, Karina Nazabal, justific\u00f3 la declaraci\u00f3n de la emergencia en la violencia de g\u00e9nero porque sostuvo que el presupuesto actual para combatir el problema es \u201cescaso\u201d y \u201cse esta usando de manera poco creativa\u201d. Destac\u00f3 el consenso con la oposici\u00f3n.<\/p>\n","protected":false},"author":4,"featured_media":0,"comment_status":"open","ping_status":"open","sticky":false,"template":"","format":"standard","meta":{"_jetpack_newsletter_access":"","_jetpack_dont_email_post_to_subs":false,"_jetpack_newsletter_tier_id":0,"_jetpack_memberships_contains_paywalled_content":false,"_jetpack_memberships_contains_paid_content":false,"footnotes":""},"categories":[40],"tags":[],"class_list":["post-2907","post","type-post","status-publish","format-standard","hentry","category-provincia"],"jetpack_featured_media_url":"","jetpack_shortlink":"https:\/\/wp.me\/p2JWE0-KT","jetpack-related-posts":[{"id":17104,"url":"https:\/\/www.24baires.com\/?p=17104","url_meta":{"origin":2907,"position":0},"title":"Contin\u00faan reclamando que Scioli reglamente la Ley de Emergencia por Violencia de G\u00e9nero","author":"AF","date":"01\/03\/2013","format":false,"excerpt":"La diputada Karina Naz\u00e1bal consider\u00f3 que la aplicaci\u00f3n de la norma aprobada el a\u00f1o pasado \u201ces fundamental\u201d para enfrentar \u201cla situaci\u00f3n de la provincia de Buenos Aires, que es muy sensible\u201d.\u00a0 El II Plenario de Pol\u00edticas P\u00fablicas para la Provincia de Buenos Aires, tambi\u00e9n cont\u00f3 con la participaci\u00f3n de expertos\u2026","rel":"","context":"En \u00abSociedad\u00bb","block_context":{"text":"Sociedad","link":"https:\/\/www.24baires.com\/?cat=1"},"img":{"alt_text":"","src":"","width":0,"height":0},"classes":[]},{"id":70829,"url":"https:\/\/www.24baires.com\/?p=70829","url_meta":{"origin":2907,"position":1},"title":"Provincia prorrog\u00f3 por dos a\u00f1os m\u00e1s la emergencia por violencia de g\u00e9nero","author":"GB","date":"19\/08\/2015","format":false,"excerpt":"La provincia de Buenos Aires prorrog\u00f3 por dos a\u00f1os m\u00e1s la vigencia de la ley que declara la emergencia p\u00fablica en materia social por violencia de g\u00e9nero. As\u00ed se estableci\u00f3 por ley 14.731, que entr\u00f3 en vigencia hoy con su publicaci\u00f3n en el Bolet\u00edn Oficial, que prorroga la ley 14.407\u2026","rel":"","context":"En \u00abProvincia\u00bb","block_context":{"text":"Provincia","link":"https:\/\/www.24baires.com\/?cat=40"},"img":{"alt_text":"contra la violencia","src":"https:\/\/i0.wp.com\/www.24baires.com\/wp-content\/uploads\/2014\/08\/contra-la-violencia.jpg?resize=350%2C200","width":350,"height":200,"srcset":"https:\/\/i0.wp.com\/www.24baires.com\/wp-content\/uploads\/2014\/08\/contra-la-violencia.jpg?resize=350%2C200 1x, https:\/\/i0.wp.com\/www.24baires.com\/wp-content\/uploads\/2014\/08\/contra-la-violencia.jpg?resize=525%2C300 1.5x"},"classes":[]},{"id":35560,"url":"https:\/\/www.24baires.com\/?p=35560","url_meta":{"origin":2907,"position":2},"title":"Aprobaron la implementaci\u00f3n del bot\u00f3n antip\u00e1nico en la Provincia","author":"AF","date":"22\/11\/2013","format":false,"excerpt":"La C\u00e1mara de Diputados bonaerense sancion\u00f3 la aplicaci\u00f3n del \u201cBot\u00f3n Antip\u00e1nico\u201d que permite a la mujer que est\u00e1 en emergencia ante una situaci\u00f3n de violencia, la localizaci\u00f3n y alerta a autoridades de la fuerza de seguridad para su pronta intervenci\u00f3n. Al respecto, la diputada Karina Nazabal , autora del proyecto,\u2026","rel":"","context":"En \u00abProvincia\u00bb","block_context":{"text":"Provincia","link":"https:\/\/www.24baires.com\/?cat=40"},"img":{"alt_text":"","src":"","width":0,"height":0},"classes":[]},{"id":2536,"url":"https:\/\/www.24baires.com\/?p=2536","url_meta":{"origin":2907,"position":3},"title":"Ya es Ley la emergencia p\u00fablica por violencia de g\u00e9nero","author":"AF","date":"18\/10\/2012","format":false,"excerpt":"La C\u00e1mara alta aprob\u00f3 el proyecto que adhiere a la Ley Nacional 26.485 contra la violencia hacia las mujeres y faculta al Ejecutivo a reasignar las partidas presupuestarias necesarias. La emergencia se declara por el t\u00e9rmino de dos a\u00f1os con el objetivo de revertir el n\u00famero de v\u00edctimas en territorio\u2026","rel":"","context":"En \u00abSociedad\u00bb","block_context":{"text":"Sociedad","link":"https:\/\/www.24baires.com\/?cat=1"},"img":{"alt_text":"","src":"","width":0,"height":0},"classes":[]},{"id":19441,"url":"https:\/\/www.24baires.com\/?p=19441","url_meta":{"origin":2907,"position":4},"title":"Piden que se reconozca a los cartoneros como &#8216;servidores p\u00fablicos&#8217; y cobren por eso","author":"AF","date":"27\/03\/2013","format":false,"excerpt":"En la C\u00e1mara de Diputados de la provincia de Buenos Aires se realiza un encuentro con asociaciones de cartoneros. Es para seguir avanzando en el debate en torno al proyecto de ley que declara como servicio publico a la gesti\u00f3n social para la recolecci\u00f3n diferenciada de residuos urbanos. La reuni\u00f3n\u2026","rel":"","context":"En \u00abSociedad\u00bb","block_context":{"text":"Sociedad","link":"https:\/\/www.24baires.com\/?cat=1"},"img":{"alt_text":"cartoneros","src":"https:\/\/i0.wp.com\/www.24baires.com\/wp-content\/uploads\/2012\/11\/cartoneros.jpg?resize=350%2C200","width":350,"height":200},"classes":[]},{"id":11281,"url":"https:\/\/www.24baires.com\/?p=11281","url_meta":{"origin":2907,"position":5},"title":"Siguen reclam\u00e1ndole a Scioli que aplique la ley de emergencia por violencia de g\u00e9nero","author":"AF","date":"05\/01\/2013","format":false,"excerpt":"Fue en el marco de una radio abierta llevada a cabo para repudiar la excarcelaci\u00f3n de Daniel Lagostena, acusado de asesinar y hacer desaparecer el cuerpo de su ex pareja, \u00c9rica Soriano. Su madre, Mar\u00eda Esther Romero, dijo que es necesario que \u201cse escuche a las v\u00edctimas, que se erradique\u2026","rel":"","context":"En \u00abSociedad\u00bb","block_context":{"text":"Sociedad","link":"https:\/\/www.24baires.com\/?cat=1"},"img":{"alt_text":"soriano","src":"https:\/\/i0.wp.com\/www.24baires.com\/wp-content\/uploads\/2012\/12\/soriano.jpg?resize=350%2C200","width":350,"height":200},"classes":[]}],"jetpack_sharing_enabled":true,"jetpack_likes_enabled":true,"_links":{"self":[{"href":"https:\/\/www.24baires.com\/index.php?rest_route=\/wp\/v2\/posts\/2907","targetHints":{"allow":["GET"]}}],"collection":[{"href":"https:\/\/www.24baires.com\/index.php?rest_route=\/wp\/v2\/posts"}],"about":[{"href":"https:\/\/www.24baires.com\/index.php?rest_route=\/wp\/v2\/types\/post"}],"author":[{"embeddable":true,"href":"https:\/\/www.24baires.com\/index.php?rest_route=\/wp\/v2\/users\/4"}],"replies":[{"embeddable":true,"href":"https:\/\/www.24baires.com\/index.php?rest_route=%2Fwp%2Fv2%2Fcomments&post=2907"}],"version-history":[{"count":0,"href":"https:\/\/www.24baires.com\/index.php?rest_route=\/wp\/v2\/posts\/2907\/revisions"}],"wp:attachment":[{"href":"https:\/\/www.24baires.com\/index.php?rest_route=%2Fwp%2Fv2%2Fmedia&parent=2907"}],"wp:term":[{"taxonomy":"category","embeddable":true,"href":"https:\/\/www.24baires.com\/index.php?rest_route=%2Fwp%2Fv2%2Fcategories&post=2907"},{"taxonomy":"post_tag","embeddable":true,"href":"https:\/\/www.24baires.com\/index.php?rest_route=%2Fwp%2Fv2%2Ftags&post=2907"}],"curies":[{"name":"wp","href":"https:\/\/api.w.org\/{rel}","templated":true}]}}