{"id":28959,"date":"2013-07-26T10:00:13","date_gmt":"2013-07-26T13:00:13","guid":{"rendered":"http:\/\/www.24baires.com\/?p=28959"},"modified":"2013-07-26T11:31:07","modified_gmt":"2013-07-26T14:31:07","slug":"el-canal-digital-de-la-unlp-inicio-la-grilla-oficial","status":"publish","type":"post","link":"https:\/\/www.24baires.com\/?p=28959","title":{"rendered":"El canal digital de la UNLP inici\u00f3 la grilla oficial"},"content":{"rendered":"<p><img data-recalc-dims=\"1\" loading=\"lazy\" decoding=\"async\" class=\"alignleft size-full wp-image-28960\" alt=\"canal unlp\" src=\"https:\/\/i0.wp.com\/www.24baires.com\/wp-content\/uploads\/2013\/07\/canal-unlp.jpg?resize=300%2C200\" width=\"300\" height=\"200\" \/>La se\u00f1al que se transmite por TDA abandon\u00f3 el modo de prueba y apuesta a producir ficciones, producciones cient\u00edficas y contenidos de divulgaci\u00f3n, infantil y educativa.<!--more--><br \/>\nEl coordinador de Desarrollo del canal digital de la Universidad de La Plata, Luciano Sanguinetti revel\u00f3 que el canal digital de la UNLP dio \u201cun gran paso\u201d en cuanto a su desarrollo de la pol\u00edtica de comunicaci\u00f3n que tiene la Universidad.<\/p>\n<p>En ese aspecto, Sanguinetti explic\u00f3 que en el d\u00eda de ayer la se\u00f1al digital de la UNLP, que se transmite por TDA, abandon\u00f3 la etapa de \u201cse\u00f1al de prueba\u201d y dio comienzo a la transmisi\u00f3n e inici\u00f3 la grilla oficial de lo que es el primer canal universitario.<\/p>\n<p>Por otra parte, las autoridades del canal de la UNLP entregaron fondos a producciones cient\u00edficas y ficcionales realizadas por productoras independientes quienes tendr\u00e1n la oportunidad de realizar las producciones que formar\u00e1n parte de la grilla del canal.<\/p>\n<p>Sanguinetti, destac\u00f3 que el contenido que se podr\u00e1 ver por la se\u00f1al 52 de TDA tiene que ver con producciones de divulgaci\u00f3n cient\u00edfica, educativa, infantiles y se estrenar\u00e1 una ficci\u00f3n llamada \u201cInconciente colectivo\u201d y se trata de la primera ficci\u00f3n que el canal pondr\u00e1 al aire.<\/p>\n<p>Por \u00faltimo, adelant\u00f3 que el canal tiene como objetivo para septiembre lanzar un informativo diario y un panorama de noticias semanal. Adem\u00e1s de coproducir una pel\u00edcula donde se relata la visita de Albert Einstein a la ciudad de La Plata.<\/p>\n<p>&nbsp;<\/p>\n<p>&nbsp;<\/p>\n<p>&nbsp;<\/p>\n<p>&nbsp;<\/p>\n<p>&nbsp;<\/p>\n<p>&nbsp;<\/p>\n<p>&nbsp;<\/p>\n<p>&nbsp;<\/p>\n<p>&nbsp;<\/p>\n<p>&nbsp;<\/p>\n<p>&nbsp;<\/p>\n<p>&nbsp;<\/p>\n<p>&nbsp;<\/p>\n<p>&nbsp;<\/p>\n<p>&nbsp;<\/p>\n<p>&nbsp;<\/p>\n","protected":false},"excerpt":{"rendered":"<p>La se\u00f1al que se transmite por TDA abandon\u00f3 el modo de prueba y apuesta a producir ficciones, producciones cient\u00edficas y contenidos de divulgaci\u00f3n, infantil y educativa.<\/p>\n","protected":false},"author":4,"featured_media":0,"comment_status":"open","ping_status":"open","sticky":false,"template":"","format":"standard","meta":{"_jetpack_newsletter_access":"","_jetpack_dont_email_post_to_subs":false,"_jetpack_newsletter_tier_id":0,"_jetpack_memberships_contains_paywalled_content":false,"_jetpack_memberships_contains_paid_content":false,"footnotes":""},"categories":[54],"tags":[],"class_list":["post-28959","post","type-post","status-publish","format-standard","hentry","category-medios"],"jetpack_featured_media_url":"","jetpack_shortlink":"https:\/\/wp.me\/p2JWE0-7x5","jetpack-related-posts":[{"id":1251,"url":"https:\/\/www.24baires.com\/?p=1251","url_meta":{"origin":28959,"position":0},"title":"Lanzan el Canal Digital Abierto de la UNLP con un programa de producci\u00f3n propia","author":"Grupo Sierra","date":"06\/10\/2012","format":false,"excerpt":"Finalizada ya la etapa de pruebas y ajustes t\u00e9cnicos de la se\u00f1al de la Televisi\u00f3n Digital Abierta, la Universidad podr\u00e1 al aire el primer programa de producci\u00f3n propia. Ser\u00e1 un magazine de actualidad que ir\u00e1 de lunes a viernes de 13 a 15 que se llamar\u00e1 \u201cPlaza 56\u201d. \u00a0 Con\u2026","rel":"","context":"En \u00abMedios\u00bb","block_context":{"text":"Medios","link":"https:\/\/www.24baires.com\/?cat=54"},"img":{"alt_text":"","src":"https:\/\/i0.wp.com\/www.24baires.com\/wp-content\/uploads\/2012\/10\/tv-universidad-la-plata-300x178.jpg?resize=350%2C200","width":350,"height":200},"classes":[]},{"id":38198,"url":"https:\/\/www.24baires.com\/?p=38198","url_meta":{"origin":28959,"position":1},"title":"Desde la Universidad de La Plata realizar\u00e1n un Talk Show","author":"Grupo Sierra","date":"09\/01\/2014","format":false,"excerpt":"La se\u00f1al televisiva de la Universidad Nacional de La Plata, TV Universidad, gan\u00f3 un concurso del Consejo Interuniversitario Nacional (CIN) para la realizaci\u00f3n de un Talk Show llamado Asuntos Mayores y ser\u00e1 emitido en el canal ACUA MAYOR. El certamen se enmarca en la implementaci\u00f3n de la TV Digital Abierta.\u2026","rel":"","context":"En \u00abLocales\u00bb","block_context":{"text":"Locales","link":"https:\/\/www.24baires.com\/?cat=38"},"img":{"alt_text":"","src":"","width":0,"height":0},"classes":[]},{"id":28894,"url":"https:\/\/www.24baires.com\/?p=28894","url_meta":{"origin":28959,"position":2},"title":"La TDA llega a Pehuaj\u00f3 y a Vedia","author":"AF","date":"25\/07\/2013","format":false,"excerpt":"El pr\u00f3ximo 15 de agosto los pehuajenses podr\u00e1n comenzar a disfrutar de los canales gratuitos y de alta calidad que ofrece la televisi\u00f3n digital abierta. En tanto, ya desde hace unas semanas la TDA ya es una realidad para muchos vedienses y, en los pr\u00f3ximos d\u00edas, llegar\u00e1n a la ciudad\u2026","rel":"","context":"En \u00abLocales\u00bb","block_context":{"text":"Locales","link":"https:\/\/www.24baires.com\/?cat=38"},"img":{"alt_text":"tda","src":"https:\/\/i0.wp.com\/www.24baires.com\/wp-content\/uploads\/2013\/07\/tda.jpg?resize=350%2C200","width":350,"height":200,"srcset":"https:\/\/i0.wp.com\/www.24baires.com\/wp-content\/uploads\/2013\/07\/tda.jpg?resize=350%2C200 1x, https:\/\/i0.wp.com\/www.24baires.com\/wp-content\/uploads\/2013\/07\/tda.jpg?resize=525%2C300 1.5x"},"classes":[]},{"id":14275,"url":"https:\/\/www.24baires.com\/?p=14275","url_meta":{"origin":28959,"position":3},"title":"Casi todos los canales nacionales coincidieron en la \u00abinconstitucionalidad\u00bb de la medida","author":"Grupo Sierra","date":"01\/02\/2013","format":false,"excerpt":"Lo hicieron a trav\u00e9s de una solicitada publicada en los principales matutinos nacionales, en la cual alertaron tambi\u00e9n sobre el \"grave ataque a la libertad de expresi\u00f3n\" que constituye la medida del Gobernador De la Sota de clausurar cinco antenas de la Televisi\u00f3n Abierta Digital en la Provincia de C\u00f3rdoba.\u2026","rel":"","context":"En \u00abMedios\u00bb","block_context":{"text":"Medios","link":"https:\/\/www.24baires.com\/?cat=54"},"img":{"alt_text":"","src":"","width":0,"height":0},"classes":[]},{"id":21243,"url":"https:\/\/www.24baires.com\/?p=21243","url_meta":{"origin":28959,"position":4},"title":"La TDA sumar\u00eda 17 canales en Trenque Lauquen","author":"AF","date":"17\/04\/2013","format":false,"excerpt":"Ya se encuentran listas las bases de concreto para la instalaci\u00f3n de un segundo transmisor de la misma potencia que el ya instalado que servir\u00e1 para ampliar la propuesta actual. Luego de aproximadamente un a\u00f1o de funcionamiento en Trenque Lauquen, la Televisi\u00f3n Digital Abierta (TDA) podr\u00eda sumar 17 canales, incluyendo\u2026","rel":"","context":"En \u00abMedios\u00bb","block_context":{"text":"Medios","link":"https:\/\/www.24baires.com\/?cat=54"},"img":{"alt_text":"","src":"","width":0,"height":0},"classes":[]},{"id":87242,"url":"https:\/\/www.24baires.com\/?p=87242","url_meta":{"origin":28959,"position":5},"title":"El Gobierno reemplaz\u00f3 a Telesur por un canal humor\u00edstico en la Televisi\u00f3n Digital","author":"GB","date":"06\/09\/2016","format":false,"excerpt":"\u201cArgenTV\u201d es la se\u00f1al que reemplaz\u00f3 al canal multiestatal en el sistema de televisi\u00f3n digital abierta. Adem\u00e1s del medi\u00e1tico macrista, tiene como principales figuras a Teto Medina, Cacho Rubio, Cacho Buenaventura y Paula Pombo. El Titular del Sistema Federal de Medios y Contenidos P\u00fablicos, Hern\u00e1n Lombardi, decidi\u00f3 dar de baja\u2026","rel":"","context":"En \u00abMedios\u00bb","block_context":{"text":"Medios","link":"https:\/\/www.24baires.com\/?cat=54"},"img":{"alt_text":"mago del pro","src":"https:\/\/i0.wp.com\/www.24baires.com\/wp-content\/uploads\/2016\/09\/mago-del-pro.jpg?resize=350%2C200","width":350,"height":200,"srcset":"https:\/\/i0.wp.com\/www.24baires.com\/wp-content\/uploads\/2016\/09\/mago-del-pro.jpg?resize=350%2C200 1x, https:\/\/i0.wp.com\/www.24baires.com\/wp-content\/uploads\/2016\/09\/mago-del-pro.jpg?resize=525%2C300 1.5x"},"classes":[]}],"jetpack_sharing_enabled":true,"jetpack_likes_enabled":true,"_links":{"self":[{"href":"https:\/\/www.24baires.com\/index.php?rest_route=\/wp\/v2\/posts\/28959","targetHints":{"allow":["GET"]}}],"collection":[{"href":"https:\/\/www.24baires.com\/index.php?rest_route=\/wp\/v2\/posts"}],"about":[{"href":"https:\/\/www.24baires.com\/index.php?rest_route=\/wp\/v2\/types\/post"}],"author":[{"embeddable":true,"href":"https:\/\/www.24baires.com\/index.php?rest_route=\/wp\/v2\/users\/4"}],"replies":[{"embeddable":true,"href":"https:\/\/www.24baires.com\/index.php?rest_route=%2Fwp%2Fv2%2Fcomments&post=28959"}],"version-history":[{"count":1,"href":"https:\/\/www.24baires.com\/index.php?rest_route=\/wp\/v2\/posts\/28959\/revisions"}],"predecessor-version":[{"id":28961,"href":"https:\/\/www.24baires.com\/index.php?rest_route=\/wp\/v2\/posts\/28959\/revisions\/28961"}],"wp:attachment":[{"href":"https:\/\/www.24baires.com\/index.php?rest_route=%2Fwp%2Fv2%2Fmedia&parent=28959"}],"wp:term":[{"taxonomy":"category","embeddable":true,"href":"https:\/\/www.24baires.com\/index.php?rest_route=%2Fwp%2Fv2%2Fcategories&post=28959"},{"taxonomy":"post_tag","embeddable":true,"href":"https:\/\/www.24baires.com\/index.php?rest_route=%2Fwp%2Fv2%2Ftags&post=28959"}],"curies":[{"name":"wp","href":"https:\/\/api.w.org\/{rel}","templated":true}]}}