{"id":28569,"date":"2013-07-19T12:45:11","date_gmt":"2013-07-19T15:45:11","guid":{"rendered":"http:\/\/www.24baires.com\/?p=28569"},"modified":"2013-07-19T12:45:11","modified_gmt":"2013-07-19T15:45:11","slug":"diarios-y-periodicos-regionales-mucho-mas-que-mero-periodismo","status":"publish","type":"post","link":"https:\/\/www.24baires.com\/?p=28569","title":{"rendered":"Diarios y peri\u00f3dicos regionales: Mucho m\u00e1s que mero periodismo"},"content":{"rendered":"<p><img data-recalc-dims=\"1\" loading=\"lazy\" decoding=\"async\" class=\"aligncenter size-full wp-image-28576\" alt=\"papel prensa\" src=\"https:\/\/i0.wp.com\/www.24baires.com\/wp-content\/uploads\/2013\/07\/papel-prensa.jpg?resize=560%2C283\" width=\"560\" height=\"283\" srcset=\"https:\/\/i0.wp.com\/www.24baires.com\/wp-content\/uploads\/2013\/07\/papel-prensa.jpg?w=560&amp;ssl=1 560w, https:\/\/i0.wp.com\/www.24baires.com\/wp-content\/uploads\/2013\/07\/papel-prensa.jpg?resize=300%2C151&amp;ssl=1 300w\" sizes=\"auto, (max-width: 560px) 100vw, 560px\" \/><\/p>\n<p><em>(*) Por Jorge Conalbi<\/em> &#8211; Aunque invisibilizados por los medios asociados al capital concentrado, los diarios y peri\u00f3dicos regionales constituyen una de las \u00faltimas reservas culturales de innumerables comunidades argentinas. Se suele repetir que estos medios gr\u00e1ficos encuentran su fortaleza en el tratamiento de informaciones locales, imposible de abordar o desplegar por la prensa porte\u00f1a o de muchas capitales de provincia.<!--more--><\/p>\n<p>Sin embargo, estos emprendimientos son mucho m\u00e1s que medios de comunicaci\u00f3n. Si hasta el hecho empresario es diverso. Y su rentabilidad, la mayor\u00eda de las veces es por lo menos difusa. La mayor\u00eda son empresas Pyme, o MicroPyme, al frente de las cuales suele estar un emprendedor o una emprendedora, invariablemente fuertemente apoyados por su familia. Y esto se da incluso en aquellos casos en que esa familia necesita ingresos adicionales para su subsistencia. Desde 2001 en adelante, algunas empresas period\u00edsticas que fueron abandonadas por sus due\u00f1os se sumaron a este lote. Formaron cooperativas y se las conoce como \u201crecuperadas\u201d, porque sus trabajadores fueron quienes las mantuvieron en pie. Tambi\u00e9n surgieron en aquel momento las cooperativas que adoptaron el denominado \u201cperiodismo autogestionario\u201d o \u201csin fines de lucro\u201d. En \u00e9stas \u00faltimas ni siquiera se plantea que el asociado viva de su profesi\u00f3n u oficio, sino que \u00e9ste debe buscarse otra ocupaci\u00f3n para ganarse el sustento.<\/p>\n<p>En todos los casos, los diarios y peri\u00f3dicos regionales reflejan en sus p\u00e1ginas el latir y sentir cotidiano de sus comunidades. Lo expresan como nadie m\u00e1s puede hacerlo porque son parte de las mismas. Publican noticias, s\u00ed, y organizan actividades culturales, proveen de material a las escuelas, hacen las veces de hemeroteca, biblioteca y en much\u00edsimos casos constituyen el \u00fanico testimonio escrito de la historia de su comunidad. En esas mismas p\u00e1ginas quedan plasmadas festividades populares, acontecimientos sociales y la idiosincrasia propia de cada punto de la geograf\u00eda nacional. Y hacen algo incre\u00edble: logran que sus lectores se r\u00edan de cosas incomprensibles para otras latitudes.<\/p>\n<p>Tambi\u00e9n todas estas empresas, incluso las m\u00e1s fuertes, pr\u00f3speras y con aparente posici\u00f3n dominante, sufren dificultades para acceder a los insumos, a planes de capacitaci\u00f3n, a financiamiento accesible de la actividad editorial en s\u00ed, y no s\u00f3lo de equipamiento. Todos son mendigos ante los ojos del sistema financiero y los programas de asistencia a peque\u00f1as empresas; Y son magnates si se les ocurre apelar a los programas de microcr\u00e9ditos orientados hacia lo social, que por otra parte, de poco o nada les sirven.<\/p>\n<p>Al mero hecho informativo, le agregan el valor cultural con su din\u00e1mica propia haci\u00e9ndose fuertes en su territorio. Venden o distribuyen cantidades de ejemplares abrumadoramente superiores a las de los medios asociados al capital concentrado. Pr\u00e1cticamente no hay casa de una de estas localidades en la que no est\u00e9 el diario o el peri\u00f3dico local.<\/p>\n<p>Por tratarse de una actividad con un profundo acervo comunitario, social y de servicio. Por las caracter\u00edsticas propias y su rol entrelazado a las ra\u00edces de su localidad, los diarios y peri\u00f3dicos regionales deben ser considerados una industria cultural.<\/p>\n<p>&nbsp;<\/p>\n<p>&nbsp;<\/p>\n<p>(*) Por Jorge Conalbi<\/p>\n<p>Secretario de Diarios y Peri\u00f3dicos Regionales Argentinos (Dypra)<\/p>\n","protected":false},"excerpt":{"rendered":"<p>(*) Por Jorge Conalbi &#8211; Aunque invisibilizados por los medios asociados al capital concentrado, los diarios y peri\u00f3dicos regionales constituyen una de las \u00faltimas reservas culturales de innumerables comunidades argentinas. Se suele repetir que estos medios gr\u00e1ficos encuentran su fortaleza en el tratamiento de informaciones locales, imposible de abordar o desplegar por la prensa porte\u00f1a o de muchas capitales de [&#8230;]<\/p>\n","protected":false},"author":11,"featured_media":0,"comment_status":"open","ping_status":"open","sticky":false,"template":"","format":"standard","meta":{"_jetpack_newsletter_access":"","_jetpack_dont_email_post_to_subs":false,"_jetpack_newsletter_tier_id":0,"_jetpack_memberships_contains_paywalled_content":false,"_jetpack_memberships_contains_paid_content":false,"footnotes":""},"categories":[64],"tags":[],"class_list":["post-28569","post","type-post","status-publish","format-standard","hentry","category-opinion"],"jetpack_featured_media_url":"","jetpack_shortlink":"https:\/\/wp.me\/p2JWE0-7qN","jetpack-related-posts":[{"id":88427,"url":"https:\/\/www.24baires.com\/?p=88427","url_meta":{"origin":28569,"position":0},"title":"Diputados aprobar\u00eda la modificaci\u00f3n de ganancias antes de diciembre","author":"AF","date":"07\/10\/2016","format":false,"excerpt":"El oficialismo de la C\u00e1mara baja conf\u00eda en aprobar tambi\u00e9n en el mismo mes el Presupuesto; la Reforma Electoral; la Ley de Ministerio P\u00fablico; la del Arrepentido; la de Emprendedores; la de Participaci\u00f3n P\u00fablico-Privada; la de Responsabilidad Fiscal y la de Administraci\u00f3n Financiera. El oficialismo de la C\u00e1mara de Diputados\u2026","rel":"","context":"En \u00abPol\u00edtica\u00bb","block_context":{"text":"Pol\u00edtica","link":"https:\/\/www.24baires.com\/?cat=51"},"img":{"alt_text":"c\u00f3digo civil diputados c\u00e1mara","src":"https:\/\/i0.wp.com\/www.24baires.com\/wp-content\/uploads\/2014\/10\/c%C3%B3digo-civil-diputados-c%C3%A1mara-300x199.jpg?resize=350%2C200","width":350,"height":200},"classes":[]},{"id":36725,"url":"https:\/\/www.24baires.com\/?p=36725","url_meta":{"origin":28569,"position":1},"title":"Capitanich destac\u00f3 \u00abla transformaci\u00f3n estructural\u00bb que gener\u00f3 la inversi\u00f3n publica","author":"GB","date":"12\/12\/2013","format":false,"excerpt":"El Jefe de Gabinete, Jorge Capitanich, junto a las ministras de Industria, D\u00e9bora Giorgi, y de Desarrollo Social, Alicia Kirchner, encabeza un acto en Casa de Gobierno en el que se entregar\u00e1n 60 millones de pesos en pr\u00e9stamos de honor a casi 1900 j\u00f3venes emprendedores de todo el pa\u00eds, de\u2026","rel":"","context":"En \u00abPol\u00edtica\u00bb","block_context":{"text":"Pol\u00edtica","link":"https:\/\/www.24baires.com\/?cat=51"},"img":{"alt_text":"Capitanich- AK","src":"https:\/\/i0.wp.com\/www.24baires.com\/wp-content\/uploads\/2013\/12\/Capitanich-AK.jpg?resize=350%2C200","width":350,"height":200,"srcset":"https:\/\/i0.wp.com\/www.24baires.com\/wp-content\/uploads\/2013\/12\/Capitanich-AK.jpg?resize=350%2C200 1x, https:\/\/i0.wp.com\/www.24baires.com\/wp-content\/uploads\/2013\/12\/Capitanich-AK.jpg?resize=525%2C300 1.5x"},"classes":[]},{"id":56286,"url":"https:\/\/www.24baires.com\/?p=56286","url_meta":{"origin":28569,"position":2},"title":"La Plata: realizaron una jornada sobre medios, violencia y juventud","author":"GB","date":"30\/10\/2014","format":false,"excerpt":"El Afsca Regi\u00f3n Capital junto al Colegio Nacional de la Universidad de La Plata (UNLP) realizaron una jornada formativa para estudiantes del nivel secundario con el objetivo de debatir acerca de la relaci\u00f3n entre medios, j\u00f3venes y violencia con la presencia de reconocidos periodistas. \"Es important\u00edsimo que los j\u00f3venes puedan\u2026","rel":"","context":"En \u00abMedios\u00bb","block_context":{"text":"Medios","link":"https:\/\/www.24baires.com\/?cat=54"},"img":{"alt_text":"afsca","src":"https:\/\/i0.wp.com\/www.24baires.com\/wp-content\/uploads\/2014\/10\/afsca.jpg?resize=350%2C200","width":350,"height":200,"srcset":"https:\/\/i0.wp.com\/www.24baires.com\/wp-content\/uploads\/2014\/10\/afsca.jpg?resize=350%2C200 1x, https:\/\/i0.wp.com\/www.24baires.com\/wp-content\/uploads\/2014\/10\/afsca.jpg?resize=525%2C300 1.5x"},"classes":[]},{"id":24918,"url":"https:\/\/www.24baires.com\/?p=24918","url_meta":{"origin":28569,"position":3},"title":"Giorgi: \u201c\u00c9sta tambi\u00e9n es la d\u00e9cada ganada de las Pymes\u201d","author":"AF","date":"02\/06\/2013","format":false,"excerpt":"La titular de Industria, D\u00e9bora Giorgi, resalt\u00f3 los avances que logr\u00f3 el sector de micro, peque\u00f1as y medianas empresas desde 2003 a la actualidad, y se\u00f1al\u00f3 que este Gobierno \"impuls\u00f3 a este segmento, con financiamiento, capacitaci\u00f3n, protecci\u00f3n ante la competencia y la b\u00fasqueda de nuevos mercados para su inserci\u00f3n a\u2026","rel":"","context":"En \u00abPol\u00edtica\u00bb","block_context":{"text":"Pol\u00edtica","link":"https:\/\/www.24baires.com\/?cat=51"},"img":{"alt_text":"giorgi en olavarr\u00eda","src":"https:\/\/i0.wp.com\/www.24baires.com\/wp-content\/uploads\/2013\/01\/giorgi-en-olavarr%C3%ADa-300x189.jpg?resize=350%2C200","width":350,"height":200},"classes":[]},{"id":27701,"url":"https:\/\/www.24baires.com\/?p=27701","url_meta":{"origin":28569,"position":4},"title":"Turismo acompa\u00f1a a emprendedores gastron\u00f3micos en la Feria de Caminos y Sabores","author":"AF","date":"06\/07\/2013","format":false,"excerpt":"La Secretar\u00eda de Turismo acompa\u00f1ar\u00e1 a emprendedores gastron\u00f3micos de la provincia de Buenos Aires en la 9\u00b0 edici\u00f3n de la Feria Caminos y Sabores que se realizar\u00e1 desde este s\u00e1bado hasta el 9 de julio en el predio de La Rural, en Capital Federal. El titular del organismo, Ignacio Crotto\u2026","rel":"","context":"En \u00abProvincia\u00bb","block_context":{"text":"Provincia","link":"https:\/\/www.24baires.com\/?cat=40"},"img":{"alt_text":"","src":"","width":0,"height":0},"classes":[]},{"id":29723,"url":"https:\/\/www.24baires.com\/?p=29723","url_meta":{"origin":28569,"position":5},"title":"Presentaron en Vicente L\u00f3pez el 3\u00ba Congreso Industrial de la Provincia de Buenos Aires","author":"AF","date":"08\/08\/2013","format":false,"excerpt":"Con la presencia del gobernador Daniel Scioli, se realiz\u00f3 la apertura del Congreso orientado a j\u00f3venes emprendedores de la actividad empresarial. El gobernador bonaerense Daniel Scioli encabez\u00f3 la apertura del Tercer Congreso Industrial de la Provincia de Buenos Aires realizado en la localidad de Vicente L\u00f3pez. En esta ocasi\u00f3n, orientado\u2026","rel":"","context":"En \u00abProvincia\u00bb","block_context":{"text":"Provincia","link":"https:\/\/www.24baires.com\/?cat=40"},"img":{"alt_text":"","src":"","width":0,"height":0},"classes":[]}],"jetpack_sharing_enabled":true,"jetpack_likes_enabled":true,"_links":{"self":[{"href":"https:\/\/www.24baires.com\/index.php?rest_route=\/wp\/v2\/posts\/28569","targetHints":{"allow":["GET"]}}],"collection":[{"href":"https:\/\/www.24baires.com\/index.php?rest_route=\/wp\/v2\/posts"}],"about":[{"href":"https:\/\/www.24baires.com\/index.php?rest_route=\/wp\/v2\/types\/post"}],"author":[{"embeddable":true,"href":"https:\/\/www.24baires.com\/index.php?rest_route=\/wp\/v2\/users\/11"}],"replies":[{"embeddable":true,"href":"https:\/\/www.24baires.com\/index.php?rest_route=%2Fwp%2Fv2%2Fcomments&post=28569"}],"version-history":[{"count":3,"href":"https:\/\/www.24baires.com\/index.php?rest_route=\/wp\/v2\/posts\/28569\/revisions"}],"predecessor-version":[{"id":28579,"href":"https:\/\/www.24baires.com\/index.php?rest_route=\/wp\/v2\/posts\/28569\/revisions\/28579"}],"wp:attachment":[{"href":"https:\/\/www.24baires.com\/index.php?rest_route=%2Fwp%2Fv2%2Fmedia&parent=28569"}],"wp:term":[{"taxonomy":"category","embeddable":true,"href":"https:\/\/www.24baires.com\/index.php?rest_route=%2Fwp%2Fv2%2Fcategories&post=28569"},{"taxonomy":"post_tag","embeddable":true,"href":"https:\/\/www.24baires.com\/index.php?rest_route=%2Fwp%2Fv2%2Ftags&post=28569"}],"curies":[{"name":"wp","href":"https:\/\/api.w.org\/{rel}","templated":true}]}}