{"id":28233,"date":"2013-07-14T16:00:16","date_gmt":"2013-07-14T19:00:16","guid":{"rendered":"http:\/\/www.24baires.com\/?p=28233"},"modified":"2013-07-14T13:27:08","modified_gmt":"2013-07-14T16:27:08","slug":"el-gobierno-se-comprometio-a-atender-los-reclamos-de-trabajadores-de-radio-provincia","status":"publish","type":"post","link":"https:\/\/www.24baires.com\/?p=28233","title":{"rendered":"El Gobierno se comprometi\u00f3 a atender los reclamos de trabajadores de Radio Provincia"},"content":{"rendered":"<p>La Asamblea de Trabajadores contin\u00faa en estado de alerta hasta que el personal de limpieza pase a planta permanente y se pague a los contratados. El gobierno se comprometi\u00f3 a atender los reclamos del personal de LS11. <!--more--><br \/>\nLa asamblea permanente de trabajadoras y trabajadores de Radio Provincia comunica que producto de la lucha y solidaridad con el personal de maestranza y contratados de la emisora se ha logrado un compromiso por parte del Estado provincial de regularizar el pago de los salarios adeudados y garantizar la estabilidad laboral de los trabajadores de limpieza de la radio.<\/p>\n<p>\u00abPermaneceremos en asamblea permanente hasta tanto no se efectivicen los compromisos asumidos\u00bb dijeron.<\/p>\n<p>&nbsp;<\/p>\n","protected":false},"excerpt":{"rendered":"<p>La Asamblea de Trabajadores contin\u00faa en estado de alerta hasta que el personal de limpieza pase a planta permanente y se pague a los contratados. El gobierno se comprometi\u00f3 a atender los reclamos del personal de LS11.<\/p>\n","protected":false},"author":11,"featured_media":0,"comment_status":"open","ping_status":"open","sticky":false,"template":"","format":"standard","meta":{"_jetpack_newsletter_access":"","_jetpack_dont_email_post_to_subs":false,"_jetpack_newsletter_tier_id":0,"_jetpack_memberships_contains_paywalled_content":false,"_jetpack_memberships_contains_paid_content":false,"footnotes":""},"categories":[54],"tags":[],"class_list":["post-28233","post","type-post","status-publish","format-standard","hentry","category-medios"],"jetpack_featured_media_url":"","jetpack_shortlink":"https:\/\/wp.me\/p2JWE0-7ln","jetpack-related-posts":[{"id":51974,"url":"https:\/\/www.24baires.com\/?p=51974","url_meta":{"origin":28233,"position":0},"title":"Periodistas de La Plata llaman a una movilizaci\u00f3n por \u00abreclamos deso\u00eddos\u00bb","author":"GB","date":"17\/08\/2014","format":false,"excerpt":"\u200bLos trabajadores de prensa del Diario Hoy, Diagonales y Radio Provincia convocaron a una movilizaci\u00f3n que se realizar\u00e1 el pr\u00f3ximo jueves a las 12 en las puertas de radio p\u00fablica para protestar contra los \u201creclamos deso\u00eddos\u201d de mejoras laborales para el sector. Seg\u00fan la convocatoria, los periodistas y trabajadores de\u2026","rel":"","context":"En \u00abMedios\u00bb","block_context":{"text":"Medios","link":"https:\/\/www.24baires.com\/?cat=54"},"img":{"alt_text":"","src":"","width":0,"height":0},"classes":[]},{"id":112419,"url":"https:\/\/www.24baires.com\/?p=112419","url_meta":{"origin":28233,"position":1},"title":"Estatales bonaerenses, en \u00abasamblea permanente\u00bb por un reclamo contra Vidal","author":"AF","date":"08\/10\/2019","format":false,"excerpt":"La Federaci\u00f3n de Gremios Estatales y Particulares de la Provincia de Buenos Aires (FEGEPPBA) reclama que se ejecute una \u201ccl\u00e1usula gatillo\u201d por el enorme deterioro de los salarios. Gremios estatales de la Provincia de Buenos Aires est\u00e1n en estado de \u201calerta y asamblea permanente\u201d en reclamo por el atraso salarial.\u2026","rel":"","context":"En \u00abSociedad\u00bb","block_context":{"text":"Sociedad","link":"https:\/\/www.24baires.com\/?cat=1"},"img":{"alt_text":"","src":"https:\/\/i0.wp.com\/www.24baires.com\/wp-content\/uploads\/2019\/03\/vidal.jpg?resize=350%2C200","width":350,"height":200,"srcset":"https:\/\/i0.wp.com\/www.24baires.com\/wp-content\/uploads\/2019\/03\/vidal.jpg?resize=350%2C200 1x, https:\/\/i0.wp.com\/www.24baires.com\/wp-content\/uploads\/2019\/03\/vidal.jpg?resize=525%2C300 1.5x"},"classes":[]},{"id":51590,"url":"https:\/\/www.24baires.com\/?p=51590","url_meta":{"origin":28233,"position":2},"title":"La Plata: trabajadores de Radio La Provincia iniciaron un paro por falta de pago","author":"GB","date":"11\/08\/2014","format":false,"excerpt":"\u200bLos trabajadores de Radio Provincia iniciaron hoy un paro de 48 horas tras denunciar que desde hace ocho meses el gobierno bonaerense no paga los salarios a los contratados, quienes tienen salarios por debajo del m\u00ednimo, vital y m\u00f3vil, se inform\u00f3. \"Hace ocho meses que los trabajadores contratados de Radio\u2026","rel":"","context":"En \u00abMedios\u00bb","block_context":{"text":"Medios","link":"https:\/\/www.24baires.com\/?cat=54"},"img":{"alt_text":"radio la provincia","src":"https:\/\/i0.wp.com\/www.24baires.com\/wp-content\/uploads\/2014\/08\/radio-la-provincia.jpg?resize=350%2C200","width":350,"height":200,"srcset":"https:\/\/i0.wp.com\/www.24baires.com\/wp-content\/uploads\/2014\/08\/radio-la-provincia.jpg?resize=350%2C200 1x, https:\/\/i0.wp.com\/www.24baires.com\/wp-content\/uploads\/2014\/08\/radio-la-provincia.jpg?resize=525%2C300 1.5x"},"classes":[]},{"id":51473,"url":"https:\/\/www.24baires.com\/?p=51473","url_meta":{"origin":28233,"position":3},"title":"Radio Provincia de paro, denuncia a Scioli tras ocho meses sin sueldo","author":"Grupo Sierra","date":"09\/08\/2014","format":false,"excerpt":"La medida de fuerza es por 48 horas y afecta a todos los trabajadores, quienes adem\u00e1s tienen salarios por debajo del m\u00ednimo, vital y m\u00f3vil, seg\u00fan se inform\u00f3. Los trabajadores de Radio Provincia anunciaron un paro de 48 horas tras denunciar que desde hace ocho meses el gobierno bonaerense no\u2026","rel":"","context":"En \u00abMedios\u00bb","block_context":{"text":"Medios","link":"https:\/\/www.24baires.com\/?cat=54"},"img":{"alt_text":"scioli radio provincia","src":"https:\/\/i0.wp.com\/www.24baires.com\/wp-content\/uploads\/2014\/08\/scioli-radio-provincia.jpg?resize=350%2C200","width":350,"height":200,"srcset":"https:\/\/i0.wp.com\/www.24baires.com\/wp-content\/uploads\/2014\/08\/scioli-radio-provincia.jpg?resize=350%2C200 1x, https:\/\/i0.wp.com\/www.24baires.com\/wp-content\/uploads\/2014\/08\/scioli-radio-provincia.jpg?resize=525%2C300 1.5x"},"classes":[]},{"id":112408,"url":"https:\/\/www.24baires.com\/?p=112408","url_meta":{"origin":28233,"position":4},"title":"Preocupaci\u00f3n y malestar en FEGEPPBA por la falta de respuesta a los planteos salariales","author":"GB","date":"08\/10\/2019","format":false,"excerpt":"La Federaci\u00f3n que agrupa a buena parte de los gremios estatales se declar\u00f3 en estado \u201cde alerta y asamblea permanente\u201d a la espera de una reuni\u00f3n con el Gobierno. Piden que se ejecute una \u201ccl\u00e1usula gatillo\u201d por el notable deterioro del poder adquisitivo de los salarios. La Federaci\u00f3n de Gremios\u2026","rel":"","context":"En \u00abProvincia\u00bb","block_context":{"text":"Provincia","link":"https:\/\/www.24baires.com\/?cat=40"},"img":{"alt_text":"","src":"https:\/\/i0.wp.com\/www.24baires.com\/wp-content\/uploads\/2019\/10\/fegepba.jpg?resize=350%2C200","width":350,"height":200,"srcset":"https:\/\/i0.wp.com\/www.24baires.com\/wp-content\/uploads\/2019\/10\/fegepba.jpg?resize=350%2C200 1x, https:\/\/i0.wp.com\/www.24baires.com\/wp-content\/uploads\/2019\/10\/fegepba.jpg?resize=525%2C300 1.5x"},"classes":[]},{"id":28477,"url":"https:\/\/www.24baires.com\/?p=28477","url_meta":{"origin":28233,"position":5},"title":"Despu\u00e9s de 10 d\u00edas los trabajadores del Hospital Eva Per\u00f3n lograron reabrir la guardia","author":"Grupo Sierra","date":"17\/07\/2013","format":false,"excerpt":"SAN MART\u00cdN.- Los trabajadores del Hospital Eva Per\u00f3n de San Mart\u00edn, cabecera sanitaria de la zona norte bonaerense, enrolados a nivel provincial en la Asociaci\u00f3n Sindical de Profesionales de la Salud de la Provincia de Buenos Aires (CICOP), reabrieron hoy la guardia de ese centro asistencial \"ante el comienzo de\u2026","rel":"","context":"En \u00abSociedad\u00bb","block_context":{"text":"Sociedad","link":"https:\/\/www.24baires.com\/?cat=1"},"img":{"alt_text":"","src":"","width":0,"height":0},"classes":[]}],"jetpack_sharing_enabled":true,"jetpack_likes_enabled":true,"_links":{"self":[{"href":"https:\/\/www.24baires.com\/index.php?rest_route=\/wp\/v2\/posts\/28233","targetHints":{"allow":["GET"]}}],"collection":[{"href":"https:\/\/www.24baires.com\/index.php?rest_route=\/wp\/v2\/posts"}],"about":[{"href":"https:\/\/www.24baires.com\/index.php?rest_route=\/wp\/v2\/types\/post"}],"author":[{"embeddable":true,"href":"https:\/\/www.24baires.com\/index.php?rest_route=\/wp\/v2\/users\/11"}],"replies":[{"embeddable":true,"href":"https:\/\/www.24baires.com\/index.php?rest_route=%2Fwp%2Fv2%2Fcomments&post=28233"}],"version-history":[{"count":4,"href":"https:\/\/www.24baires.com\/index.php?rest_route=\/wp\/v2\/posts\/28233\/revisions"}],"predecessor-version":[{"id":28238,"href":"https:\/\/www.24baires.com\/index.php?rest_route=\/wp\/v2\/posts\/28233\/revisions\/28238"}],"wp:attachment":[{"href":"https:\/\/www.24baires.com\/index.php?rest_route=%2Fwp%2Fv2%2Fmedia&parent=28233"}],"wp:term":[{"taxonomy":"category","embeddable":true,"href":"https:\/\/www.24baires.com\/index.php?rest_route=%2Fwp%2Fv2%2Fcategories&post=28233"},{"taxonomy":"post_tag","embeddable":true,"href":"https:\/\/www.24baires.com\/index.php?rest_route=%2Fwp%2Fv2%2Ftags&post=28233"}],"curies":[{"name":"wp","href":"https:\/\/api.w.org\/{rel}","templated":true}]}}