{"id":28184,"date":"2013-07-13T19:00:36","date_gmt":"2013-07-13T22:00:36","guid":{"rendered":"http:\/\/www.24baires.com\/?p=28184"},"modified":"2013-07-13T17:58:41","modified_gmt":"2013-07-13T20:58:41","slug":"pensando-en-el-2015","status":"publish","type":"post","link":"https:\/\/www.24baires.com\/?p=28184","title":{"rendered":"Pensando en el 2015&#8230;"},"content":{"rendered":"<p style=\"text-align: center;\"><img data-recalc-dims=\"1\" loading=\"lazy\" decoding=\"async\" class=\"aligncenter  wp-image-3822\" alt=\"scioli tierras\" src=\"https:\/\/i0.wp.com\/www.24baires.com\/wp-content\/uploads\/2012\/10\/scioli-tierras.jpg?resize=560%2C360\" width=\"560\" height=\"360\" \/><\/p>\n<p>La candidatura de Sergio Massa por fuera del Kirchnerismo, ha dado mucho m\u00e1s que una lista opositora, ha esclarecido un poco m\u00e1s el escenario a futuro en la pol\u00edtica Argentina, tanto dentro del oficialismo como fuera. Lo que logr\u00f3 el actual intendente de Tigre con su postulaci\u00f3n a diputado armando una lista con referentes antag\u00f3nicos al gobierno, va m\u00e1s all\u00e1 de lo que suceda en Agosto y Octubre, pues al abrirse de las filas de dirigentes K, Massa le despej\u00f3 el escenario a algunos referentes que no ven\u00edan pasando su mejor momento dentro del gobierno.<!--more--><\/p>\n<p>Ese es el caso puntual del Gobernador de la Provincia de Buenos Aires, Daniel Scioli, quien al decidir quedarse dentro del espacio que lo tiene como una de las principales figuras desde el 2003, apuntal\u00f3 muchos de los cimientos de lo que hab\u00eda sido la posibilidad a una eventual candidatura presidencial en 2015. Seguramente, muchos de los que ahora lo vuelven a mirar pero con ojos m\u00e1s ben\u00e9volos, hace algunos meses lo descartaban como posible sucesor a Cristina Fern\u00e1ndez, pues el Gobernador atraves\u00f3 muchos vendavales y se cruz\u00f3 con otros kirchneristas por sus modos tibios y poco enf\u00e1ticos a la hora de defender a la Presidenta de las acusaciones de la oposici\u00f3n, as\u00ed como a N\u00e9stor Kirchner. Se lo acus\u00f3 de coquetear casi sin disimulo, o disimulando muy mal, con algunos sectores que se ubican en las ant\u00edpodas del gobierno.<\/p>\n<p>Pero ahora, luego de algunas declaraciones necesarias por parte del mismo Scioli, en donde ha afirmado que \u201cO se est\u00e1 con el modelo o no se est\u00e1\u201d, y no ha dejado pasar oportunidad medi\u00e1tica que se le brinda para arremeter, a su modo, contra Massa y apoyar al candidato del Kirchnerismo, Mart\u00edn Insaurralde. \u201cEstamos ac\u00e1 en forma coherente honrando el proyecto iniciado por N\u00e9stor Kirchner\u201d, dijo este s\u00e1bado en Tandil.<\/p>\n<p>Se han apretado algunas clavijas, han cambiado algunas perspectivas. Lo seguro es que Scioli siempre quiso ser candidato a presidente de la Naci\u00f3n, y siempre lo dijo, nunca neg\u00f3 su deseo, aunque s\u00ed aclar\u00f3 alguna que otra vez que en el 2015, s\u00f3lo ser\u00eda candidato si Cristina no va por la Re reelecci\u00f3n. S\u00f3lo en el marco de ausencia de la Jefa de Estado, nunca en competencia con ella. \u201cLas definiciones ya las di en su momento; no tengo que poner m\u00e1s expresiones que las que fueron muy claras\u201d, dijo en referencia a su eventual candidatura en dos a\u00f1os.<\/p>\n<p>Massa no se lo pudo llevar a su lista, que no parece estar midiendo tan bien como de seguro \u00e9l mismo crey\u00f3 que medir\u00eda, as\u00ed como crey\u00f3 Macri, que le coloc\u00f3 varios candidatos. Scioli, una vez m\u00e1s, se qued\u00f3 donde estaba. Veremos si eso alcanza para ser el m\u00e1ximo referente del oficialismo en 2015.<\/p>\n<p>&nbsp;<\/p>\n<p>&nbsp;<\/p>\n","protected":false},"excerpt":{"rendered":"<p>La candidatura de Sergio Massa por fuera del Kirchnerismo, ha dado mucho m\u00e1s que una lista opositora, ha esclarecido un poco m\u00e1s el escenario a futuro en la pol\u00edtica Argentina, tanto dentro del oficialismo como fuera. Lo que logr\u00f3 el actual intendente de Tigre con su postulaci\u00f3n a diputado armando una lista con referentes antag\u00f3nicos al gobierno, va m\u00e1s all\u00e1 [&#8230;]<\/p>\n","protected":false},"author":11,"featured_media":0,"comment_status":"open","ping_status":"open","sticky":false,"template":"","format":"standard","meta":{"_jetpack_newsletter_access":"","_jetpack_dont_email_post_to_subs":false,"_jetpack_newsletter_tier_id":0,"_jetpack_memberships_contains_paywalled_content":false,"_jetpack_memberships_contains_paid_content":false,"footnotes":""},"categories":[64],"tags":[],"class_list":["post-28184","post","type-post","status-publish","format-standard","hentry","category-opinion"],"jetpack_featured_media_url":"","jetpack_shortlink":"https:\/\/wp.me\/p2JWE0-7kA","jetpack-related-posts":[{"id":63660,"url":"https:\/\/www.24baires.com\/?p=63660","url_meta":{"origin":28184,"position":0},"title":"Massa posterg\u00f3 la definici\u00f3n de sus precandidatos bonaerenses","author":"GB","date":"27\/03\/2015","format":false,"excerpt":"La reuni\u00f3n de este s\u00e1bado, de la que iban a salir \"s\u00f3lo 2 o 3 nombres\" para disputar la candidatura bonaerense, servir\u00e1 para formar un \"comando\" que tendr\u00e1 un mes m\u00e1s para definir la estrategia electoral. En medio de una fuerte disputa interna y amenazas de portazos, el l\u00edder del\u2026","rel":"","context":"En \u00abPol\u00edtica\u00bb","block_context":{"text":"Pol\u00edtica","link":"https:\/\/www.24baires.com\/?cat=51"},"img":{"alt_text":"massa otra","src":"https:\/\/i0.wp.com\/www.24baires.com\/wp-content\/uploads\/2013\/06\/massa-otra.jpg?resize=350%2C200","width":350,"height":200,"srcset":"https:\/\/i0.wp.com\/www.24baires.com\/wp-content\/uploads\/2013\/06\/massa-otra.jpg?resize=350%2C200 1x, https:\/\/i0.wp.com\/www.24baires.com\/wp-content\/uploads\/2013\/06\/massa-otra.jpg?resize=525%2C300 1.5x"},"classes":[]},{"id":26690,"url":"https:\/\/www.24baires.com\/?p=26690","url_meta":{"origin":28184,"position":1},"title":"Clar\u00edn y su mafia medi\u00e1tica sin una lista de unidad contra el kirchnerismo","author":"Grupo Sierra","date":"23\/06\/2013","format":false,"excerpt":"Hab\u00edan apostado y dirigido todas sus operaciones a un acuerdo entre Scioli, Massa y De Narv\u00e1ez como alternativa viable al oficialismo, pero no lograron conciliar las profundas diferencias de sus favoritos. Ante el fracaso, la maquinaria medi\u00e1tica sale a potenciar la figura del intendente de Tigre y lo muestra como\u2026","rel":"","context":"En \u00abMedios\u00bb","block_context":{"text":"Medios","link":"https:\/\/www.24baires.com\/?cat=54"},"img":{"alt_text":"","src":"","width":0,"height":0},"classes":[]},{"id":44823,"url":"https:\/\/www.24baires.com\/?p=44823","url_meta":{"origin":28184,"position":2},"title":"Massa fortalece v\u00ednculos con Intendentes del pa\u00eds para posicionarse para 2015","author":"AF","date":"27\/04\/2014","format":false,"excerpt":"Sergio Massa defini\u00f3 que su estrategia para llegar a la Presidencia de la Naci\u00f3n el a\u00f1o pr\u00f3ximo estar\u00e1 basada en una alianza federal con intendentes. El l\u00edder del Frente Renovador intentar\u00e1 suplir, de ese modo, la ausencia de gobernadores en su armado electoral, aunque en algunos casos para conseguir el\u2026","rel":"","context":"En \u00abPol\u00edtica\u00bb","block_context":{"text":"Pol\u00edtica","link":"https:\/\/www.24baires.com\/?cat=51"},"img":{"alt_text":"massa candidaturas","src":"https:\/\/i0.wp.com\/www.24baires.com\/wp-content\/uploads\/2012\/12\/massa-candidaturas.jpg?resize=350%2C200","width":350,"height":200,"srcset":"https:\/\/i0.wp.com\/www.24baires.com\/wp-content\/uploads\/2012\/12\/massa-candidaturas.jpg?resize=350%2C200 1x, https:\/\/i0.wp.com\/www.24baires.com\/wp-content\/uploads\/2012\/12\/massa-candidaturas.jpg?resize=525%2C300 1.5x"},"classes":[]},{"id":67034,"url":"https:\/\/www.24baires.com\/?p=67034","url_meta":{"origin":28184,"position":3},"title":"An\u00edbal Fern\u00e1ndez asegura que Massa ya acord\u00f3 con Macri que se baja de la candidatura","author":"AF","date":"04\/06\/2015","format":false,"excerpt":"El jefe de Gabinete afirm\u00f3 que el l\u00edder del Frente Renovador \u201cir\u00eda con una lista colectora como (candidato a) gobernador bonaerense\u201d dentro de la boleta del precandidato presidencial del PRO y jefe de Gobierno porte\u00f1o. As\u00ed lo expres\u00f3 el ministro coordinador en su habitual encuentro con periodistas antes de ingresar\u2026","rel":"","context":"En \u00abElecciones 2015\u00bb","block_context":{"text":"Elecciones 2015","link":"https:\/\/www.24baires.com\/?cat=74"},"img":{"alt_text":"","src":"","width":0,"height":0},"classes":[]},{"id":26820,"url":"https:\/\/www.24baires.com\/?p=26820","url_meta":{"origin":28184,"position":4},"title":"Katz desmiente: \u201cCuando uno comete errores en la pol\u00edtica hay que pagarlos\u201d","author":"Grupo Sierra","date":"24\/06\/2013","format":false,"excerpt":"MAR DEL PLATA.- El ex intendente de General Pueyrredon, arquitecto Daniel Katz, neg\u00f3 su candidatura a senador por el espacio de Sergio Massa como se mencion\u00f3 fuertemente durante el fin de semana, en el marco del cierre de las listas de cara a las legislativas de octubre. \u00a0 \u00a0 \u00a0\u2026","rel":"","context":"En \u00abPol\u00edtica\u00bb","block_context":{"text":"Pol\u00edtica","link":"https:\/\/www.24baires.com\/?cat=51"},"img":{"alt_text":"katz","src":"https:\/\/i0.wp.com\/www.24baires.com\/wp-content\/uploads\/2013\/06\/katz-300x221.jpg?resize=350%2C200","width":350,"height":200},"classes":[]},{"id":20087,"url":"https:\/\/www.24baires.com\/?p=20087","url_meta":{"origin":28184,"position":5},"title":"Tensi\u00f3n en la alianza FAP-UCR","author":"AF","date":"03\/04\/2013","format":false,"excerpt":"Los distintos sectores que conviven en el Frente Amplio Progresista y el radicalismo bonaerenses, comenzar\u00e1n a explorar a partir de la semana que viene la posibilidad de unir fuerzas para concurrir m\u00e1s robustecidos a las elecciones legislativas de este a\u00f1o. Pero lo que pareciera ser un acuerdo \u201cnatural\u201d producto de\u2026","rel":"","context":"En \u00abPol\u00edtica\u00bb","block_context":{"text":"Pol\u00edtica","link":"https:\/\/www.24baires.com\/?cat=51"},"img":{"alt_text":"","src":"","width":0,"height":0},"classes":[]}],"jetpack_sharing_enabled":true,"jetpack_likes_enabled":true,"_links":{"self":[{"href":"https:\/\/www.24baires.com\/index.php?rest_route=\/wp\/v2\/posts\/28184","targetHints":{"allow":["GET"]}}],"collection":[{"href":"https:\/\/www.24baires.com\/index.php?rest_route=\/wp\/v2\/posts"}],"about":[{"href":"https:\/\/www.24baires.com\/index.php?rest_route=\/wp\/v2\/types\/post"}],"author":[{"embeddable":true,"href":"https:\/\/www.24baires.com\/index.php?rest_route=\/wp\/v2\/users\/11"}],"replies":[{"embeddable":true,"href":"https:\/\/www.24baires.com\/index.php?rest_route=%2Fwp%2Fv2%2Fcomments&post=28184"}],"version-history":[{"count":3,"href":"https:\/\/www.24baires.com\/index.php?rest_route=\/wp\/v2\/posts\/28184\/revisions"}],"predecessor-version":[{"id":28187,"href":"https:\/\/www.24baires.com\/index.php?rest_route=\/wp\/v2\/posts\/28184\/revisions\/28187"}],"wp:attachment":[{"href":"https:\/\/www.24baires.com\/index.php?rest_route=%2Fwp%2Fv2%2Fmedia&parent=28184"}],"wp:term":[{"taxonomy":"category","embeddable":true,"href":"https:\/\/www.24baires.com\/index.php?rest_route=%2Fwp%2Fv2%2Fcategories&post=28184"},{"taxonomy":"post_tag","embeddable":true,"href":"https:\/\/www.24baires.com\/index.php?rest_route=%2Fwp%2Fv2%2Ftags&post=28184"}],"curies":[{"name":"wp","href":"https:\/\/api.w.org\/{rel}","templated":true}]}}