{"id":28105,"date":"2013-07-12T19:00:31","date_gmt":"2013-07-12T22:00:31","guid":{"rendered":"http:\/\/www.24baires.com\/?p=28105"},"modified":"2013-07-12T17:51:18","modified_gmt":"2013-07-12T20:51:18","slug":"la-cnv-declaro-irregular-la-ultima-asamblea-de-accionistas-del-grupo-clarin","status":"publish","type":"post","link":"https:\/\/www.24baires.com\/?p=28105","title":{"rendered":"La CNV declar\u00f3 irregular la \u00faltima asamblea de accionistas del Grupo Clar\u00edn"},"content":{"rendered":"<p>La Comisi\u00f3n Nacional de Valores (CNV) resolvi\u00f3 declarar la irregularidad e ineficacia, a los efectos administrativos, de las decisiones adoptadas en la Asamblea General Anual Ordinaria de Accionistas del Grupo Clar\u00edn el 25 de abril \u00faltimo.<!--more--><\/p>\n<p>Esta declaraci\u00f3n implica que, mientras no se subsanen los defectos atribuidos a esa asamblea de accionistas, la CNV considera que las decisiones adoptadas por la misma carecen de conformidad administrativa, informaron fuentes del organismo.<\/p>\n","protected":false},"excerpt":{"rendered":"<p>La Comisi\u00f3n Nacional de Valores (CNV) resolvi\u00f3 declarar la irregularidad e ineficacia, a los efectos administrativos, de las decisiones adoptadas en la Asamblea General Anual Ordinaria de Accionistas del Grupo Clar\u00edn el 25 de abril \u00faltimo.<\/p>\n","protected":false},"author":11,"featured_media":0,"comment_status":"open","ping_status":"open","sticky":false,"template":"","format":"standard","meta":{"_jetpack_newsletter_access":"","_jetpack_dont_email_post_to_subs":false,"_jetpack_newsletter_tier_id":0,"_jetpack_memberships_contains_paywalled_content":false,"_jetpack_memberships_contains_paid_content":false,"footnotes":""},"categories":[54],"tags":[],"class_list":["post-28105","post","type-post","status-publish","format-standard","hentry","category-medios"],"jetpack_featured_media_url":"","jetpack_shortlink":"https:\/\/wp.me\/p2JWE0-7jj","jetpack-related-posts":[{"id":21833,"url":"https:\/\/www.24baires.com\/?p=21833","url_meta":{"origin":28105,"position":0},"title":"Magnetto se encerr\u00f3 en un cuarto y se neg\u00f3 a dialogar con los representantes de la CNV","author":"Grupo Sierra","date":"24\/04\/2013","format":false,"excerpt":"El CEO del Grupo Clar\u00edn, H\u00e9ctor Magnetto, se neg\u00f3, en el marco de una mediaci\u00f3n, a dialogar con los representantes de la Comisi\u00f3n Nacional de Valores (CNV), entre ellos su titular, Alejandro Vanoli, luego de denunciarlos por da\u00f1os y perjuicios. En lo que fue el segundo llamado a una mediaci\u00f3n,\u2026","rel":"","context":"En \u00abMedios\u00bb","block_context":{"text":"Medios","link":"https:\/\/www.24baires.com\/?cat=54"},"img":{"alt_text":"magnetto","src":"https:\/\/i0.wp.com\/www.24baires.com\/wp-content\/uploads\/2012\/11\/magnetto.jpg?resize=350%2C200","width":350,"height":200,"srcset":"https:\/\/i0.wp.com\/www.24baires.com\/wp-content\/uploads\/2012\/11\/magnetto.jpg?resize=350%2C200 1x, https:\/\/i0.wp.com\/www.24baires.com\/wp-content\/uploads\/2012\/11\/magnetto.jpg?resize=525%2C300 1.5x"},"classes":[]},{"id":29890,"url":"https:\/\/www.24baires.com\/?p=29890","url_meta":{"origin":28105,"position":1},"title":"La Comisi\u00f3n Nacional de Valores abri\u00f3 sumario a Papel Prensa por presuntas irregularidades","author":"AF","date":"10\/08\/2013","format":false,"excerpt":"Tras una denuncia de los directores Beatriz Paglieri, Pablo Aldo Cerioli y Rub\u00e9n Zampino, la Comisi\u00f3n Nacional de Valores instruy\u00f3 a sumario a la empresa Papel Prensa porque una contadora habr\u00eda realizado tareas de auditor externo suplente, sin haber sido designada por la asamblea de accionistas o por manda judicial.\u2026","rel":"","context":"En \u00abSociedad\u00bb","block_context":{"text":"Sociedad","link":"https:\/\/www.24baires.com\/?cat=1"},"img":{"alt_text":"papel prensa","src":"https:\/\/i0.wp.com\/www.24baires.com\/wp-content\/uploads\/2013\/06\/papel-prensa-300x224.jpg?resize=350%2C200","width":350,"height":200},"classes":[]},{"id":22123,"url":"https:\/\/www.24baires.com\/?p=22123","url_meta":{"origin":28105,"position":2},"title":"Un estudio aporta pruebas sobre &#8216;terrorismo econ\u00f3mico&#8217; en la dictadura c\u00edvico-militar","author":"Grupo Sierra","date":"28\/04\/2013","format":false,"excerpt":"El informe Econom\u00eda, Pol\u00edtica y Sistema Financiero que present\u00f3 esta semana la\u00a0 Comisi\u00f3n Nacional de Valores (CNV) aporta pruebas que ya fueron usadas por la Justicia sobre una articulaci\u00f3n entre el sistema represivo y el financiero durante la \u00faltima dictadura, y con ese fin fue enviado a todos los tribunales\u2026","rel":"","context":"En \u00abMemoria\u00bb","block_context":{"text":"Memoria","link":"https:\/\/www.24baires.com\/?cat=50"},"img":{"alt_text":"","src":"","width":0,"height":0},"classes":[]},{"id":46138,"url":"https:\/\/www.24baires.com\/?p=46138","url_meta":{"origin":28105,"position":3},"title":"Y lleg\u00f3 el d\u00eda: Magnetto y Herrera de Noble abandonan TN y Canal 13","author":"Grupo Sierra","date":"16\/05\/2014","format":false,"excerpt":"La medida ser\u00e1 adoptada a ra\u00edz de una propuesta presentada por el Grupo Clar\u00edn para la adecuaci\u00f3n a la Ley de Medios. Ambos quedar\u00edan con el control de Cablevisi\u00f3n, Fibertel, Canal Metro, entre otros y el resto de los medios pasar\u00edan a Jos\u00e9 Aranda y Lucio Pagliaro. Fuentes de la\u2026","rel":"","context":"En \u00abMedios\u00bb","block_context":{"text":"Medios","link":"https:\/\/www.24baires.com\/?cat=54"},"img":{"alt_text":"magnetto ernestina","src":"https:\/\/i0.wp.com\/www.24baires.com\/wp-content\/uploads\/2014\/05\/magnetto-ernestina.jpg?resize=350%2C200","width":350,"height":200,"srcset":"https:\/\/i0.wp.com\/www.24baires.com\/wp-content\/uploads\/2014\/05\/magnetto-ernestina.jpg?resize=350%2C200 1x, https:\/\/i0.wp.com\/www.24baires.com\/wp-content\/uploads\/2014\/05\/magnetto-ernestina.jpg?resize=525%2C300 1.5x"},"classes":[]},{"id":30678,"url":"https:\/\/www.24baires.com\/?p=30678","url_meta":{"origin":28105,"position":4},"title":"Otra cautelar a favor del Grupo Clar\u00edn","author":"GB","date":"23\/08\/2013","format":false,"excerpt":"La C\u00e1mara Nacional de Apelaciones en lo Comercial dict\u00f3 una medida cautelar que suspendi\u00f3 de manera provisional la aplicaci\u00f3n de un art\u00edculo de la ley de Mercado de Capitales que prev\u00e9 la intervenci\u00f3n de la Comisi\u00f3n Nacional de Valores en una empresa si se considera que pudo haber \"vulneraci\u00f3n\" a\u2026","rel":"","context":"En \u00abJUDICIALES\u00bb","block_context":{"text":"JUDICIALES","link":"https:\/\/www.24baires.com\/?cat=68"},"img":{"alt_text":"","src":"","width":0,"height":0},"classes":[]},{"id":51041,"url":"https:\/\/www.24baires.com\/?p=51041","url_meta":{"origin":28105,"position":5},"title":"Fondos buitre: la CNV pedir\u00e1 que se investigue si hubo delito econ\u00f3mico","author":"AF","date":"02\/08\/2014","format":false,"excerpt":"La presentaci\u00f3n se realizar\u00e1 ante la Securities and Exchange Commission (SEC) de los Estados Unidos, para que se investigue si hubo delito econ\u00f3mico por uso de informaci\u00f3n privilegiada en el litigio con los fondos buitre. El titular de la Comisi\u00f3n Nacional de Valores (CNV), Alejandro Vanoli, asegur\u00f3 hoy que la\u2026","rel":"","context":"En \u00abEconom\u00eda\u00bb","block_context":{"text":"Econom\u00eda","link":"https:\/\/www.24baires.com\/?cat=45"},"img":{"alt_text":"alejandro vanoli","src":"https:\/\/i0.wp.com\/www.24baires.com\/wp-content\/uploads\/2014\/08\/alejandro-vanoli.jpg?resize=350%2C200","width":350,"height":200,"srcset":"https:\/\/i0.wp.com\/www.24baires.com\/wp-content\/uploads\/2014\/08\/alejandro-vanoli.jpg?resize=350%2C200 1x, https:\/\/i0.wp.com\/www.24baires.com\/wp-content\/uploads\/2014\/08\/alejandro-vanoli.jpg?resize=525%2C300 1.5x"},"classes":[]}],"jetpack_sharing_enabled":true,"jetpack_likes_enabled":true,"_links":{"self":[{"href":"https:\/\/www.24baires.com\/index.php?rest_route=\/wp\/v2\/posts\/28105","targetHints":{"allow":["GET"]}}],"collection":[{"href":"https:\/\/www.24baires.com\/index.php?rest_route=\/wp\/v2\/posts"}],"about":[{"href":"https:\/\/www.24baires.com\/index.php?rest_route=\/wp\/v2\/types\/post"}],"author":[{"embeddable":true,"href":"https:\/\/www.24baires.com\/index.php?rest_route=\/wp\/v2\/users\/11"}],"replies":[{"embeddable":true,"href":"https:\/\/www.24baires.com\/index.php?rest_route=%2Fwp%2Fv2%2Fcomments&post=28105"}],"version-history":[{"count":3,"href":"https:\/\/www.24baires.com\/index.php?rest_route=\/wp\/v2\/posts\/28105\/revisions"}],"predecessor-version":[{"id":28108,"href":"https:\/\/www.24baires.com\/index.php?rest_route=\/wp\/v2\/posts\/28105\/revisions\/28108"}],"wp:attachment":[{"href":"https:\/\/www.24baires.com\/index.php?rest_route=%2Fwp%2Fv2%2Fmedia&parent=28105"}],"wp:term":[{"taxonomy":"category","embeddable":true,"href":"https:\/\/www.24baires.com\/index.php?rest_route=%2Fwp%2Fv2%2Fcategories&post=28105"},{"taxonomy":"post_tag","embeddable":true,"href":"https:\/\/www.24baires.com\/index.php?rest_route=%2Fwp%2Fv2%2Ftags&post=28105"}],"curies":[{"name":"wp","href":"https:\/\/api.w.org\/{rel}","templated":true}]}}