{"id":2807,"date":"2012-10-21T11:35:36","date_gmt":"2012-10-21T14:35:36","guid":{"rendered":"http:\/\/www.24baires.com\/?p=2807"},"modified":"2012-10-22T12:29:29","modified_gmt":"2012-10-22T15:29:29","slug":"tomada-la-ley-de-medios-es-un-fuerte-estimulo-para-la-generacion-de-trabajo","status":"publish","type":"post","link":"https:\/\/www.24baires.com\/?p=2807","title":{"rendered":"Tomada: \u00abLa ley de medios es un fuerte est\u00edmulo para la generaci\u00f3n de trabajo\u00bb"},"content":{"rendered":"<p>El ministro de Trabajo Carlos Tomada dijo que la Ley de Medios \u00abes un fuerte est\u00edmulo para la generaci\u00f3n de puestos de trabajo\u00bb al inaugurar el Centro Pol\u00edtico Cultural Patria Grande, en el barrio de Saavedra.<!--more--><\/p>\n<div>\n<p>Destac\u00f3 que el convenio de capacitaci\u00f3n firmado ayer con la AFSCA \u00abbusca generar espacios de formaci\u00f3n laboral para t\u00e9cnicos productores, periodistas y trabajadores de los medios audiovisuales\u00bb.<\/p>\n<p>&nbsp;<\/p>\n<p>Tomada lo expres\u00f3 durante la inauguraci\u00f3n del Centro Pol\u00edtico Cultural Patria Grande, del espacio Confluencia abierta de Militantes Peronistas, en una actividad desarrollada en el barrio porte\u00f1o de Saavedra.<\/p>\n<p>&nbsp;<\/p>\n<p>\u00abEstamos convencidos que la Ley de Servicios Audiovisuales no s\u00f3lo fue dictada para terminar con una ley de la dictadura, sino para generar una nueva apertura en los medios y todos aquellos a los que les han quitado el derecho a la palabra, todos los que no encontramos lugar para expresarnos en los medios hegem\u00f3nicos podamos tener un espacio donde expresarnos\u00bb, relat\u00f3.<\/p>\n<p>&nbsp;<\/p>\n<p>En este sentido, Tomada destac\u00f3 que \u00abcuesta entender por qu\u00e9 hay un grupo econ\u00f3mico que se niega a cumplir la ley, que es un avance esencial para la democracia\u00bb y agreg\u00f3 que, \u00abes vital para la generaci\u00f3n de puestos de trabajo porque requiere un sin n\u00famero de oficios, actividades, de profesiones que son abrazadas con mucho entusiasmo por j\u00f3venes de lo largo y ancho del pa\u00eds\u00bb.<\/p>\n<p>&nbsp;<\/p>\n<p>Con respecto al acuerdo suscripto con la Autoridad Federal de Servicios de Comunicaci\u00f3n Audiovisual (AFSCA), el titular de la cartera laboral expres\u00f3 que \u00abes una oportunidad m\u00e1s para que desde el Ministerio de Trabajo, como lo venimos haciendo en otras actividades, generar espacios de formaci\u00f3n, de capacitaci\u00f3n laboral a trav\u00e9s de este convenio\u00bb.<\/p>\n<p>&nbsp;<\/p>\n<p>Tomada y el titular de la AFSCA, Mart\u00edn Sabbatella, firmaron ayer en la sede de Trabajo un convenio de cooperaci\u00f3n en el marco del Plan Integral para la Promoci\u00f3n del Empleo, mediante el que se llevar\u00e1n adelante cursos de formaci\u00f3n audiovisual para j\u00f3venes de todo el pa\u00eds.<\/p>\n<p>&nbsp;<\/p>\n<p>Al respecto, Tomada indic\u00f3 que el acuerdo \u00abva en la direcci\u00f3n de preservar, y defender los puestos de trabajo existentes en todas las actividades involucradas por la Ley, que ya ha tenido un principio de ejecuci\u00f3n importante que ha motivado la apertura de muchos medios y la b\u00fasqueda de oportunidades para quienes no ten\u00edan esa alternativa\u00bb.<\/p>\n<p>&nbsp;<\/p>\n<p>Precisamente, el convenio se enmarca en la Ley de Servicios de Comunicaci\u00f3n Audiovisual y permitir\u00e1 la capacitaci\u00f3n en los distintos oficios que conforman el universo de la radiodifusi\u00f3n y la televisi\u00f3n.<\/p>\n<p>&nbsp;<\/p>\n<p>Los primeros cursos que se brindar\u00e1n en el marco del acuerdo abarcan todas las provincias, y se refieren a producci\u00f3n radial, gui\u00f3n y art\u00edstica radial; realizaci\u00f3n audiovisual y producci\u00f3n audiovisual.<\/p>\n<p>&nbsp;<\/p>\n<p>En di\u00e1logo con la prensa, Tomada indic\u00f3 que la ley \u00abpermitir\u00e1 distribuir la palabra porque est\u00e1 claro que hay una concentraci\u00f3n y que cuando se pueda aplicar en su totalidad, la situaci\u00f3n podr\u00e1 modificarse\u00bb.<\/p>\n<p>&nbsp;<\/p>\n<p>Por otra parte, durante el acto de inauguraci\u00f3n del local en la calle Manzanares, en el que participaron vecinos y comuneros del Frente para la Victoria, Pablo Ortiz Maldonado, comunero por la Comuna 12, asegur\u00f3 que \u00abdesde los barrios del norte de la ciudad estamos generando una instancia de organizaci\u00f3n en los barrios para que cada s\u00e1bado sean m\u00e1s los vecinos con los que hablamos de los temas que no salen en los grandes medios\u00bb.<\/p>\n<p>&nbsp;<\/p>\n<p>Otro de los oradores fue uno de los referentes de la Confluencia Abierta de Militantes peronistas, integrante de Convocatoria para un Frente Kirchnerista, Tito Ypas que celebr\u00f3 \u00abel apoyo al gobierno nacional y popular es de una generaci\u00f3n que ingres\u00f3 a la pol\u00edtica hace m\u00e1s de 40 a\u00f1os y tambi\u00e9n de j\u00f3venes que vienen con la fuerza y el empuje que necesita el peronismo\u00bb.<\/p>\n<p>&nbsp;<\/p>\n<p>Tomada, al momento de tomar la palabra, celebr\u00f3 la jornada y dijo \u00abestar orgulloso de formar parte de un proyecto que ha incluido desde el 2003 a 12 millones de argentinos a trav\u00e9s de la Asignaci\u00f3n Universal por Hijo, los puestos de trabajo registrado, las pensiones no contribuyentes y la posibilidad de jubilarse\u00bb.<\/p>\n<p>&nbsp;<\/p>\n<p>Por \u00faltimo, expres\u00f3 que \u00abestos derechos los vamos a defender entre todos\u00bb.<\/p>\n<\/div>\n","protected":false},"excerpt":{"rendered":"<p>El ministro de Trabajo Carlos Tomada dijo que la Ley de Medios \u00abes un fuerte est\u00edmulo para la generaci\u00f3n de puestos de trabajo\u00bb al inaugurar el Centro Pol\u00edtico Cultural Patria Grande, en el barrio de Saavedra.<\/p>\n","protected":false},"author":11,"featured_media":0,"comment_status":"open","ping_status":"open","sticky":false,"template":"","format":"standard","meta":{"_jetpack_newsletter_access":"","_jetpack_dont_email_post_to_subs":false,"_jetpack_newsletter_tier_id":0,"_jetpack_memberships_contains_paywalled_content":false,"_jetpack_memberships_contains_paid_content":false,"footnotes":""},"categories":[54],"tags":[],"class_list":["post-2807","post","type-post","status-publish","format-standard","hentry","category-medios"],"jetpack_featured_media_url":"","jetpack_shortlink":"https:\/\/wp.me\/p2JWE0-Jh","jetpack-related-posts":[{"id":53953,"url":"https:\/\/www.24baires.com\/?p=53953","url_meta":{"origin":2807,"position":0},"title":"Sabbatella asegur\u00f3 que \u00abeste gobierno no permitir\u00e1 que se le vuelva a quitar la voz al  pueblo \u00ab","author":"GB","date":"19\/09\/2014","format":false,"excerpt":"El titular de Afsca, Mart\u00edn Sabbatella, resalt\u00f3 los logros de la Ley de Medios y asegur\u00f3 que \u201cel pueblo tom\u00f3 la palabra y este Gobierno no permitir\u00e1 que se la vuelvan a quitar\u201d. En la apertura del encuentro de Comunicaci\u00f3n Audiovisual en San Juan, el titular de la Afsca sostuvo\u2026","rel":"","context":"En \u00abPol\u00edtica\u00bb","block_context":{"text":"Pol\u00edtica","link":"https:\/\/www.24baires.com\/?cat=51"},"img":{"alt_text":"sabbatella mendoza","src":"https:\/\/i0.wp.com\/www.24baires.com\/wp-content\/uploads\/2012\/11\/sabbatella-mendoza.jpg?resize=350%2C200","width":350,"height":200,"srcset":"https:\/\/i0.wp.com\/www.24baires.com\/wp-content\/uploads\/2012\/11\/sabbatella-mendoza.jpg?resize=350%2C200 1x, https:\/\/i0.wp.com\/www.24baires.com\/wp-content\/uploads\/2012\/11\/sabbatella-mendoza.jpg?resize=525%2C300 1.5x"},"classes":[]},{"id":26089,"url":"https:\/\/www.24baires.com\/?p=26089","url_meta":{"origin":2807,"position":1},"title":"Sabbatella pide \u201cceleridad\u201d a la Corte Suprema","author":"Grupo Sierra","date":"16\/06\/2013","format":false,"excerpt":"\u201cLa ley de Medios avanza, a pesar de la acci\u00f3n judicial del Grupo Clar\u00edn y la cantidad de maniobras pol\u00edticas, comunicacionales y judiciales que buscan extender los tiempos para sostener su situaci\u00f3n de privilegio y as\u00ed dilatar la aplicaci\u00f3n integral de la norma\u201d, asegur\u00f3 el titular de la Autoridad Federal\u2026","rel":"","context":"En \u00abMedios\u00bb","block_context":{"text":"Medios","link":"https:\/\/www.24baires.com\/?cat=54"},"img":{"alt_text":"","src":"","width":0,"height":0},"classes":[]},{"id":75542,"url":"https:\/\/www.24baires.com\/?p=75542","url_meta":{"origin":2807,"position":2},"title":"Lanzan en la Feria del Libro de Mar del Plata un nuevo trabajo editorial de Luis L\u00e1zzaro","author":"Grupo Sierra","date":"24\/11\/2015","format":false,"excerpt":"Geopol\u00edtica de la palabra, Reflexiones sobre Comunicaci\u00f3n, Identidad y Autonom\u00eda, es el t\u00edtulo de un nuevo libro del periodista y docente universitario Luis Lazzaro (La Batalla de la Comunicaci\u00f3n, 2011), editado por el Centro de Integraci\u00f3n, Comunicaci\u00f3n, Cultura y Sociedad (CICCUS), y la Editorial de la Universidad Nacional de Avellaneda\u2026","rel":"","context":"En \u00abCultura\u00bb","block_context":{"text":"Cultura","link":"https:\/\/www.24baires.com\/?cat=66"},"img":{"alt_text":"libro lazzaro","src":"https:\/\/i0.wp.com\/www.24baires.com\/wp-content\/uploads\/2015\/11\/libro-lazzaro-219x300.jpg?resize=350%2C200","width":350,"height":200},"classes":[]},{"id":8472,"url":"https:\/\/www.24baires.com\/?p=8472","url_meta":{"origin":2807,"position":3},"title":"Hubo una multitud en Plaza de Mayo disfrutando de la Fiesta de la Democracia","author":"AF","date":"09\/12\/2012","format":false,"excerpt":"Miles de personas se encuentraron en la Plaza de Mayo, donde Ignacio Copani abri\u00f3 a las 18.15 la \u201cFiesta Patria Popular\u201d por el D\u00eda de la Democracia de los Derechos Humanos. El cantautor Ignacio Copani, due\u00f1o de una palabra comprometida con su tiempo social, inaugur\u00f3 hoy el multitudinario \"Festival Patria\u2026","rel":"","context":"En \u00abPol\u00edtica\u00bb","block_context":{"text":"Pol\u00edtica","link":"https:\/\/www.24baires.com\/?cat=51"},"img":{"alt_text":"","src":"https:\/\/i0.wp.com\/www.24baires.com\/wp-content\/uploads\/2012\/12\/fiesta-popular1.jpg?resize=350%2C200","width":350,"height":200,"srcset":"https:\/\/i0.wp.com\/www.24baires.com\/wp-content\/uploads\/2012\/12\/fiesta-popular1.jpg?resize=350%2C200 1x, https:\/\/i0.wp.com\/www.24baires.com\/wp-content\/uploads\/2012\/12\/fiesta-popular1.jpg?resize=525%2C300 1.5x"},"classes":[]},{"id":7026,"url":"https:\/\/www.24baires.com\/?p=7026","url_meta":{"origin":2807,"position":4},"title":"Acuerdan garantizar todas las fuentes laborales con la aplicaci\u00f3n plena de la Ley de Medios","author":"Grupo Sierra","date":"27\/11\/2012","format":false,"excerpt":"Por un acuerdo firmado hoy entre el Ministerio de Trabajo y la Afsca, con la participaci\u00f3n del secretario de Comunicaci\u00f3n P\u00fablica, Alfredo Scoccimarro, se establecieron las acciones para la preservaci\u00f3n y seguimiento de la evoluci\u00f3n de la Ley de Medios, en \u00e1mbitos de aplicaci\u00f3n de la Ley. \u00a0 El ministro\u2026","rel":"","context":"En \u00abMedios\u00bb","block_context":{"text":"Medios","link":"https:\/\/www.24baires.com\/?cat=54"},"img":{"alt_text":"","src":"","width":0,"height":0},"classes":[]},{"id":2639,"url":"https:\/\/www.24baires.com\/?p=2639","url_meta":{"origin":2807,"position":5},"title":"Sabbatella habl\u00f3 de \u00abanclar territorialmente en todos los rincones de la patria\u00bb la Ley de Medios","author":"Grupo Sierra","date":"19\/10\/2012","format":false,"excerpt":"El presidente de la Autoridad Federal de Servicios de Comunicaci\u00f3n Audiovisual (AFSCA), Mart\u00edn Sabbatella, afirm\u00f3 hoy que \"necesitamos terminar de anclar territorialmente el valor de esta ley en cada uno de los rincones de nuestra patria\". Sabbatella formul\u00f3 estas declaraciones al participar de la presentaci\u00f3n de un convenio firmado con\u2026","rel":"","context":"En \u00abMedios\u00bb","block_context":{"text":"Medios","link":"https:\/\/www.24baires.com\/?cat=54"},"img":{"alt_text":"","src":"https:\/\/i0.wp.com\/www.24baires.com\/wp-content\/uploads\/2012\/10\/Sabatella_1_Pascual_19102012_aa_83312.jpg?resize=350%2C200","width":350,"height":200,"srcset":"https:\/\/i0.wp.com\/www.24baires.com\/wp-content\/uploads\/2012\/10\/Sabatella_1_Pascual_19102012_aa_83312.jpg?resize=350%2C200 1x, https:\/\/i0.wp.com\/www.24baires.com\/wp-content\/uploads\/2012\/10\/Sabatella_1_Pascual_19102012_aa_83312.jpg?resize=525%2C300 1.5x"},"classes":[]}],"jetpack_sharing_enabled":true,"jetpack_likes_enabled":true,"_links":{"self":[{"href":"https:\/\/www.24baires.com\/index.php?rest_route=\/wp\/v2\/posts\/2807","targetHints":{"allow":["GET"]}}],"collection":[{"href":"https:\/\/www.24baires.com\/index.php?rest_route=\/wp\/v2\/posts"}],"about":[{"href":"https:\/\/www.24baires.com\/index.php?rest_route=\/wp\/v2\/types\/post"}],"author":[{"embeddable":true,"href":"https:\/\/www.24baires.com\/index.php?rest_route=\/wp\/v2\/users\/11"}],"replies":[{"embeddable":true,"href":"https:\/\/www.24baires.com\/index.php?rest_route=%2Fwp%2Fv2%2Fcomments&post=2807"}],"version-history":[{"count":0,"href":"https:\/\/www.24baires.com\/index.php?rest_route=\/wp\/v2\/posts\/2807\/revisions"}],"wp:attachment":[{"href":"https:\/\/www.24baires.com\/index.php?rest_route=%2Fwp%2Fv2%2Fmedia&parent=2807"}],"wp:term":[{"taxonomy":"category","embeddable":true,"href":"https:\/\/www.24baires.com\/index.php?rest_route=%2Fwp%2Fv2%2Fcategories&post=2807"},{"taxonomy":"post_tag","embeddable":true,"href":"https:\/\/www.24baires.com\/index.php?rest_route=%2Fwp%2Fv2%2Ftags&post=2807"}],"curies":[{"name":"wp","href":"https:\/\/api.w.org\/{rel}","templated":true}]}}