{"id":28032,"date":"2013-07-11T19:32:21","date_gmt":"2013-07-11T22:32:21","guid":{"rendered":"http:\/\/www.24baires.com\/?p=28032"},"modified":"2013-07-12T13:23:35","modified_gmt":"2013-07-12T16:23:35","slug":"impugnan-la-asamblea-del-grupo-clarin-en-nombre-del-9-de-las-acciones-del-estado","status":"publish","type":"post","link":"https:\/\/www.24baires.com\/?p=28032","title":{"rendered":"Impugnan la asamblea del Grupo Clar\u00edn en nombre del 9% de las acciones del Estado"},"content":{"rendered":"<p>El secretario de Pol\u00edtica Econ\u00f3mica, Axel Kicillof, y el secretario de Comercio Interior, Guillermo Moreno, solicitaron ante la Justicia la nulidad de la \u00faltima Asamblea General Anual Ordinaria de Accionistas del Grupo Clar\u00edn, al fundamentar irregularidades que \u201cvulneraron los derechos de la minor\u00eda representada por la Anses\u201d.<!--more--><\/p>\n<p>En la presentaci\u00f3n judicial contra el grupo Clar\u00edn, se impugna y se pide la nulidad de la Asamblea, como as\u00ed tambi\u00e9n de la reuni\u00f3n de Directorio de esa empresa, llevadas a cabo los d\u00edas 25 y 26 de abril de este a\u00f1o, respectivamente.<\/p>\n<p>La demanda \u201cse sustenta en las graves irregularidades acaecidas en las referidas reuniones societarias, donde se vulneraron los derechos de la minor\u00eda representada por la Anses-Estado Nacional que detenta la titularidad del 9% del capital accionario de la citada sociedad\u201d, indicaron los demandantes a trav\u00e9s de un comunicado oficial.<\/p>\n<p>En el mismo texto recordaron que \u201cla Anses administra los fondos de los trabajadores activos\u201d por lo que se remarc\u00f3 que los perjudicados por el accionar del grupo empresario \u201cson los millones de jubilados y pensionados argentinos, por cuyo inter\u00e9s debe velar el Gobierno Nacional\u201d.<\/p>\n<p>La presentaci\u00f3n judicial fue realizada por el abogado Jorge Sebasti\u00e1n Casero y recay\u00f3 en al Juzgado Nacional de Primera Instancia en lo Comercial N\u00b0 25, a cargo de Horacio Robledo.<\/p>\n<p>Al presentar las presuntas irregularidades cometidas durante la Asamblea de Accionistas, el comunicado oficial indic\u00f3 que \u201cal Estado Nacional no se le permiti\u00f3 participar en la propuesta de los puntos que fueron tratados en la Asamblea\u201d.<\/p>\n<p>Tambi\u00e9n se remarc\u00f3 que \u201c(H\u00e9ctor) Magnetto, quien debi\u00f3 presidir la asamblea, tal como as\u00ed se lo impon\u00edan el Estatuto Social y la ley, no asisti\u00f3 y no justific\u00f3 la ausencia, atribuy\u00e9ndose inconsultamente el se\u00f1or (Jos\u00e9) Aranda dicho cargo, el cual desempe\u00f1\u00f3 de facto en la asamblea, sin haber sido elegido previamente por los asistentes al acto\u201d.<\/p>\n<p>Sobre la participaci\u00f3n de Aranda se se\u00f1al\u00f3 que exhibi\u00f3 \u201cuna actitud de abierta hostilidad, profiriendo permanentes agravios hacia los representantes del Estado Nacional y efectuando falsas declaraciones en su ya inconsistente relato\u201d.<\/p>\n<p>Tambi\u00e9n se remarc\u00f3 que \u201cel Estado Nacional mantuvo una f\u00e9rrea oposici\u00f3n al advertir arteras maniobras en las votaciones realizadas. Es as\u00ed, por cuanto votaron personas que no se encontraban debidamente acreditadas en el Libro de Asistencia, con la anuencia de los accionistas privados y de la Comisi\u00f3n Fiscalizadora\u201d.<\/p>\n<p>\u201cEste fue el caso de JP Morgan Chase Bank, As\u00ed funciona siempre la mayor\u00eda autom\u00e1tica\u201d, destacaron.<\/p>\n<p>Sobre la impugnaci\u00f3n de la reuni\u00f3n de directorio llevada a cabo el d\u00eda 26 de abril se denunci\u00f3 que estuvo \u201cviciada la distribuci\u00f3n de los cargos efectuadas en el \u00d3rgano de Administraci\u00f3n y en el Comit\u00e9 de Auditor\u00eda, pretendi\u00e9ndose ignorar las anomal\u00edas ocurridas en la Asamblea del 25 de abril\u201d.<\/p>\n<p>Tambi\u00e9n se observ\u00f3 \u201cel tumultuoso acceso al recinto asambleario, estuvo signado por hechos de violencia, provocados tanto por los accionistas privados como el personal de seguridad afectado por esa empresa para vigilar a los representantes del Estado Nacional.<\/p>\n<p>Hacia el final del comunicado, los denunciantes concluyeron que \u201cel Poder Ejecutivo Nacional, a trav\u00e9s de sus representantes tiene la s\u00f3lida convicci\u00f3n que este es el momento oportuno de detener el da\u00f1o que provocan unos pocos a todos los ciudadanos que se encuentran indefensos ante tama\u00f1a demostraci\u00f3n de poder\u201d.<\/p>\n<p>Y remarcaron: \u201cConstituye esta acci\u00f3n judicial, un eslab\u00f3n m\u00e1s del camino ya iniciado por el Gobierno Nacional para desenmascarar las actividades corruptas de las Corporaciones, en el marco de los postulados de Memoria, Verdad y Justicia\u201d.<\/p>\n<p>&nbsp;<\/p>\n<p>&nbsp;<\/p>\n<p>&nbsp;<\/p>\n<p>&nbsp;<\/p>\n<p>&nbsp;<\/p>\n<p>.<\/p>\n","protected":false},"excerpt":{"rendered":"<p>El secretario de Pol\u00edtica Econ\u00f3mica, Axel Kicillof, y el secretario de Comercio Interior, Guillermo Moreno, solicitaron ante la Justicia la nulidad de la \u00faltima Asamblea General Anual Ordinaria de Accionistas del Grupo Clar\u00edn, al fundamentar irregularidades que \u201cvulneraron los derechos de la minor\u00eda representada por la Anses\u201d.<\/p>\n","protected":false},"author":11,"featured_media":0,"comment_status":"open","ping_status":"open","sticky":false,"template":"","format":"standard","meta":{"_jetpack_newsletter_access":"","_jetpack_dont_email_post_to_subs":false,"_jetpack_newsletter_tier_id":0,"_jetpack_memberships_contains_paywalled_content":false,"_jetpack_memberships_contains_paid_content":false,"footnotes":""},"categories":[54],"tags":[],"class_list":["post-28032","post","type-post","status-publish","format-standard","hentry","category-medios"],"jetpack_featured_media_url":"","jetpack_shortlink":"https:\/\/wp.me\/p2JWE0-7i8","jetpack-related-posts":[{"id":65058,"url":"https:\/\/www.24baires.com\/?p=65058","url_meta":{"origin":28032,"position":0},"title":"Kicillof exigi\u00f3 que se respete la participaci\u00f3n del Estado en una asamblea de Clar\u00edn","author":"GB","date":"28\/04\/2015","format":false,"excerpt":"El ministro de Econom\u00eda afirm\u00f3 que su presencia en la asamblea de accionistas del Grupo Clar\u00edn tuvo como objetivo defender la participaci\u00f3n accionaria que tiene el Estado dentro de la compa\u00f1\u00eda a trav\u00e9s de la ANSES. \"Clar\u00edn, adem\u00e1s de sus due\u00f1os conocidos, tiene fideicomisos en el exterior como accionistas, que\u2026","rel":"","context":"En \u00abEconom\u00eda\u00bb","block_context":{"text":"Econom\u00eda","link":"https:\/\/www.24baires.com\/?cat=45"},"img":{"alt_text":"kicillof2","src":"https:\/\/i0.wp.com\/www.24baires.com\/wp-content\/uploads\/2014\/01\/kicillof2.jpg?resize=350%2C200","width":350,"height":200,"srcset":"https:\/\/i0.wp.com\/www.24baires.com\/wp-content\/uploads\/2014\/01\/kicillof2.jpg?resize=350%2C200 1x, https:\/\/i0.wp.com\/www.24baires.com\/wp-content\/uploads\/2014\/01\/kicillof2.jpg?resize=525%2C300 1.5x"},"classes":[]},{"id":42507,"url":"https:\/\/www.24baires.com\/?p=42507","url_meta":{"origin":28032,"position":1},"title":"Kicillof en la Asamblea de Clar\u00edn: \u00abNuestra posici\u00f3n no fue del todo escuchada\u00bb","author":"Grupo Sierra","date":"20\/03\/2014","format":false,"excerpt":"El ministro de Econom\u00eda particip\u00f3 en la sede del grupo de la asamblea en la que se debate el plan aprobado por la Afsca. Tuvo un ingreso accidentado, ya que fue demorado por agentes de seguridad. Kicillof particip\u00f3 de la asamblea en representaci\u00f3n del Estado Nacional, que posee acciones del\u2026","rel":"","context":"En \u00abJUDICIALES\u00bb","block_context":{"text":"JUDICIALES","link":"https:\/\/www.24baires.com\/?cat=68"},"img":{"alt_text":"kicillof","src":"https:\/\/i0.wp.com\/www.24baires.com\/wp-content\/uploads\/2014\/03\/kicillof-300x181.jpg?resize=350%2C200","width":350,"height":200},"classes":[]},{"id":28105,"url":"https:\/\/www.24baires.com\/?p=28105","url_meta":{"origin":28032,"position":2},"title":"La CNV declar\u00f3 irregular la \u00faltima asamblea de accionistas del Grupo Clar\u00edn","author":"Grupo Sierra","date":"12\/07\/2013","format":false,"excerpt":"La Comisi\u00f3n Nacional de Valores (CNV) resolvi\u00f3 declarar la irregularidad e ineficacia, a los efectos administrativos, de las decisiones adoptadas en la Asamblea General Anual Ordinaria de Accionistas del Grupo Clar\u00edn el 25 de abril \u00faltimo. Esta declaraci\u00f3n implica que, mientras no se subsanen los defectos atribuidos a esa asamblea\u2026","rel":"","context":"En \u00abMedios\u00bb","block_context":{"text":"Medios","link":"https:\/\/www.24baires.com\/?cat=54"},"img":{"alt_text":"","src":"","width":0,"height":0},"classes":[]},{"id":112550,"url":"https:\/\/www.24baires.com\/?p=112550","url_meta":{"origin":28032,"position":3},"title":"Procesaron a exfuncionario de Macri por mal manejo de fondos de la Anses","author":"AF","date":"18\/10\/2019","format":false,"excerpt":"Est\u00e1 acusado de haber cometido el delito de negociaciones incompatibles con la funci\u00f3n p\u00fablica. En 2016 suscribi\u00f3 con los fondos de la Anses obligaciones negociables de empresas a las que hab\u00eda estado vinculado. El juez federal Sebastian Casanello dict\u00f3 el procesamiento al ex titular del Fondo de Garant\u00edas de Sustentabilidad\u2026","rel":"","context":"En \u00abJUDICIALES\u00bb","block_context":{"text":"JUDICIALES","link":"https:\/\/www.24baires.com\/?cat=68"},"img":{"alt_text":"","src":"https:\/\/i0.wp.com\/www.24baires.com\/wp-content\/uploads\/2019\/10\/blaquier.jpg?resize=350%2C200","width":350,"height":200,"srcset":"https:\/\/i0.wp.com\/www.24baires.com\/wp-content\/uploads\/2019\/10\/blaquier.jpg?resize=350%2C200 1x, https:\/\/i0.wp.com\/www.24baires.com\/wp-content\/uploads\/2019\/10\/blaquier.jpg?resize=525%2C300 1.5x"},"classes":[]},{"id":21899,"url":"https:\/\/www.24baires.com\/?p=21899","url_meta":{"origin":28032,"position":4},"title":"Moreno y Kicillof patoteados en Asamblea de Accionistas del Grupo Clar\u00edn","author":"Grupo Sierra","date":"25\/04\/2013","format":false,"excerpt":"El secretario de Comercio Interior, Guillermo Moreno, y el viceministro de Econom\u00eda, Axel Kicillof, ingresaron al edificio del Grupo Clar\u00edn en el barrio porte\u00f1o de Barracas, con el fin de participar de la asamblea de accionistas en representaci\u00f3n del Estado. En medio de insultos y amenazas de algunos empleados de\u2026","rel":"","context":"En \u00abPol\u00edtica\u00bb","block_context":{"text":"Pol\u00edtica","link":"https:\/\/www.24baires.com\/?cat=51"},"img":{"alt_text":"grupo clarin","src":"https:\/\/i0.wp.com\/www.24baires.com\/wp-content\/uploads\/2013\/04\/grupo-clarin.jpg?resize=350%2C200","width":350,"height":200,"srcset":"https:\/\/i0.wp.com\/www.24baires.com\/wp-content\/uploads\/2013\/04\/grupo-clarin.jpg?resize=350%2C200 1x, https:\/\/i0.wp.com\/www.24baires.com\/wp-content\/uploads\/2013\/04\/grupo-clarin.jpg?resize=525%2C300 1.5x"},"classes":[]},{"id":70455,"url":"https:\/\/www.24baires.com\/?p=70455","url_meta":{"origin":28032,"position":5},"title":"Rechazaron otra cautelar del Grupo Clar\u00edn contra los concursos de la TV Digital","author":"GB","date":"11\/08\/2015","format":false,"excerpt":"El juez Esteban Furnari rechaz\u00f3 el pedido de Artear S.A. (Grupo Clar\u00edn) para que se suspenda la transici\u00f3n de la televisi\u00f3n abierta al sistema digital, manteniendo as\u00ed la plena vigencia de los concursos de nuevas se\u00f1ales y la ampliaci\u00f3n de la oferta de canales de aire. En un comunicado, la\u2026","rel":"","context":"En \u00abMedios\u00bb","block_context":{"text":"Medios","link":"https:\/\/www.24baires.com\/?cat=54"},"img":{"alt_text":"clar\u00edn","src":"https:\/\/i0.wp.com\/www.24baires.com\/wp-content\/uploads\/2014\/10\/clar%C3%ADn.jpg?resize=350%2C200","width":350,"height":200,"srcset":"https:\/\/i0.wp.com\/www.24baires.com\/wp-content\/uploads\/2014\/10\/clar%C3%ADn.jpg?resize=350%2C200 1x, https:\/\/i0.wp.com\/www.24baires.com\/wp-content\/uploads\/2014\/10\/clar%C3%ADn.jpg?resize=525%2C300 1.5x"},"classes":[]}],"jetpack_sharing_enabled":true,"jetpack_likes_enabled":true,"_links":{"self":[{"href":"https:\/\/www.24baires.com\/index.php?rest_route=\/wp\/v2\/posts\/28032","targetHints":{"allow":["GET"]}}],"collection":[{"href":"https:\/\/www.24baires.com\/index.php?rest_route=\/wp\/v2\/posts"}],"about":[{"href":"https:\/\/www.24baires.com\/index.php?rest_route=\/wp\/v2\/types\/post"}],"author":[{"embeddable":true,"href":"https:\/\/www.24baires.com\/index.php?rest_route=\/wp\/v2\/users\/11"}],"replies":[{"embeddable":true,"href":"https:\/\/www.24baires.com\/index.php?rest_route=%2Fwp%2Fv2%2Fcomments&post=28032"}],"version-history":[{"count":3,"href":"https:\/\/www.24baires.com\/index.php?rest_route=\/wp\/v2\/posts\/28032\/revisions"}],"predecessor-version":[{"id":28087,"href":"https:\/\/www.24baires.com\/index.php?rest_route=\/wp\/v2\/posts\/28032\/revisions\/28087"}],"wp:attachment":[{"href":"https:\/\/www.24baires.com\/index.php?rest_route=%2Fwp%2Fv2%2Fmedia&parent=28032"}],"wp:term":[{"taxonomy":"category","embeddable":true,"href":"https:\/\/www.24baires.com\/index.php?rest_route=%2Fwp%2Fv2%2Fcategories&post=28032"},{"taxonomy":"post_tag","embeddable":true,"href":"https:\/\/www.24baires.com\/index.php?rest_route=%2Fwp%2Fv2%2Ftags&post=28032"}],"curies":[{"name":"wp","href":"https:\/\/api.w.org\/{rel}","templated":true}]}}