{"id":27828,"date":"2013-07-08T17:00:26","date_gmt":"2013-07-08T20:00:26","guid":{"rendered":"http:\/\/www.24baires.com\/?p=27828"},"modified":"2013-07-08T12:41:46","modified_gmt":"2013-07-08T15:41:46","slug":"intendentes-del-conurbano-denuncian-a-clarin-por-estar-peleado-con-la-realidad","status":"publish","type":"post","link":"https:\/\/www.24baires.com\/?p=27828","title":{"rendered":"Intendentes del Conurbano denuncian a Clar\u00edn por estar \u00abpeleado con la realidad\u00bb"},"content":{"rendered":"<p><img data-recalc-dims=\"1\" loading=\"lazy\" decoding=\"async\" class=\"alignleft size-medium wp-image-21900\" alt=\"grupo clarin\" src=\"https:\/\/i0.wp.com\/www.24baires.com\/wp-content\/uploads\/2013\/04\/grupo-clarin.jpg?resize=300%2C200\" width=\"300\" height=\"200\" srcset=\"https:\/\/i0.wp.com\/www.24baires.com\/wp-content\/uploads\/2013\/04\/grupo-clarin.jpg?resize=300%2C200&amp;ssl=1 300w, https:\/\/i0.wp.com\/www.24baires.com\/wp-content\/uploads\/2013\/04\/grupo-clarin.jpg?w=510&amp;ssl=1 510w\" sizes=\"auto, (max-width: 300px) 100vw, 300px\" \/>Intendentes y dirigentes pol\u00edticos bonaerenses ironizaron sobre las \u00abteor\u00edas conspirativas\u00bb publicadas por ese matutino, del que indicaron que \u00abest\u00e1 dispuesto a hacer cualquier cosa con tal de que el Gobierno pierda las elecciones\u00bb.<!--more--><br \/>\nAs\u00ed lo afirmaron al salir al cruce de un art\u00edculo publicado ayer en el que, sin mencionar fuentes, el diario asegura que en algunos distritos varios jefes comunales colocaron a hombres propios en las listas de candidatos del Frente Renovador de Sergio Massa.<\/p>\n<p>\u00abSiempre hacen lo mismo, tiran un mont\u00f3n de versiones para despu\u00e9s decir que acertaron alguna, pero lo cierto es que los hechos viven desmintiendo a Clar\u00edn\u00bb, dijo el intendente de Tres de Febrero, Hugo Curto, al referirse al multimedios.<\/p>\n<p>En ese sentido, el hist\u00f3rico dirigente bonaerense y referente de la UOM en su distrito a\u00f1adi\u00f3: \u00abEst\u00e1n dispuestos a hacer cualquier cosa con tal de que el Gobierno pierda las elecciones\u00bb.<\/p>\n<p>Desde la zona oeste, el intendente de Ituzaing\u00f3, Alberto Descalzo, coincidi\u00f3 con Curto en el cuestionamiento a Clar\u00edn por \u00abel intento de confundir a la sociedad\u00bb y remarc\u00f3: \u00abAunque algunos intenten mostrar cosas que no son reales, nosotros estamos junto a la Presidenta por convicci\u00f3n y no por un inter\u00e9s electoral\u00bb.<\/p>\n<p>Agreg\u00f3 que forma \u00abparte del proyecto desde antes el 2003\u00bb y a\u00f1adi\u00f3: \u00abYo fui uno de los que se puso al lado de N\u00e9stor Kirchner a armar este proyecto pol\u00edtico nacional\u00bb.<\/p>\n<p>\u00abEst\u00e1n peleados con la realidad\u00bb, defini\u00f3 lac\u00f3nico desde otro rinc\u00f3n del Gran Buenos Aires, en la zona sur, el intendente de Ezeiza, Alejandro Granados, consultado sobre la nota de Clar\u00edn.<\/p>\n<p>\u00abTodos los a\u00f1os insisten con las mismas teor\u00edas conspirativas, aunque despu\u00e9s en las elecciones sufran una derrota tras otra\u00bb, dijo y explic\u00f3 que \u00e9l mismo es candidato a primer concejal por el Frente para la Victoria en Ezeiza y que su compa\u00f1era, Dulce Granados, es candidata a diputada nacional en la lista que encabeza el intendente de Lomas de Zamora, Mart\u00edn Insaurralde.<\/p>\n<p>Granados consider\u00f3 que \u00abno tiene mucho sentido llevar el apunte a estas operaciones\u00bb de Clar\u00edn, porque \u00abning\u00fan dirigente pol\u00edtico puede ir en contra de un proyecto que le es propio\u00bb, agregando que \u00abel proyecto que encabeza la Presidenta es nuestro proyecto\u00bb.<\/p>\n<p>Por su parte, un experimentado operador del peronismo bonaerense que hoy se encuentra en la C\u00e1mara de Diputados nacional explic\u00f3: \u00abEn casi todo el conurbano las listas del Frente Renovador est\u00e1n encabezadas por concejales que en 2009 fueron con De Narv\u00e1ez y que ahora pasaron al massismo para poder revalidar la banca\u00bb.<\/p>\n<p>La fuente consultada por T\u00e9lam dijo que \u00aba Clar\u00edn le pasa lo que pasa a cualquiera que no hace ni siquiera un esfuerzo por comprender c\u00f3mo funciona la pol\u00edtica en el Gran Buenos Aires\u00bb.<\/p>\n<p>En ese sentido, ironiz\u00f3: \u00abAgarran a un chico de Palermo para que se ponga a escribir sobre el conurbano y le tiran tres notas de hace cuatro a\u00f1os para que copie y pegue. Luego, el chico habla con otros periodistas para saber si el resto va a publicar m\u00e1s o menos lo mismo, y as\u00ed ya tiene lo que le pidieron que escriba\u00bb.<\/p>\n<p>En su edici\u00f3n del d\u00eda de ayer, el diario Clar\u00edn public\u00f3 una nota en la que, sin aclarar ninguna fuente de informaci\u00f3n, da por hecho que un grupo de intendentes del conurbano coloc\u00f3 a algunos de sus hombres en las listas del Frente Renovador que lidera Massa.<\/p>\n<p>Adem\u00e1s de no contar con ning\u00fan dato que sustente las afirmaciones, el art\u00edculo carece de cualquier testimonio que corrobore el escenario pol\u00edtico que se intenta instalar, lo que gener\u00f3 la desmentidas de los dirigentes consultados por T\u00e9lam.<\/p>\n<p>Entre los supuestos hombres cercanos a intendentes kirchneristas que integran las listas del massismo citados por el diario Clar\u00edn figura un ex secretario de Alberto Descalzo, Roberto Rocha, quien abandon\u00f3 el oficialismo hace por lo menos cuatro a\u00f1os para integrar otras fuerzas pol\u00edticas en elecciones anteriores.<\/p>\n<p>Otro caso es el de Roberto \u201cBebe\u201d Mosto, ex funcionario del municipio de Tres de Febrero, que ya en 2011 fue candidato a concejal por el duhaldismo en el Frente Popular.<\/p>\n<p>&nbsp;<\/p>\n<p>&nbsp;<\/p>\n<p>&nbsp;<\/p>\n<p>&nbsp;<\/p>\n<p>&nbsp;<\/p>\n<p>&nbsp;<\/p>\n<p>&nbsp;<\/p>\n<p>&nbsp;<\/p>\n<p>&nbsp;<\/p>\n<p>&nbsp;<\/p>\n<p>&nbsp;<\/p>\n<p>&nbsp;<\/p>\n<p>&nbsp;<\/p>\n<p>&nbsp;<\/p>\n<p>&nbsp;<\/p>\n<p>&nbsp;<\/p>\n<p>&nbsp;<\/p>\n<p>&nbsp;<\/p>\n","protected":false},"excerpt":{"rendered":"<p>Intendentes y dirigentes pol\u00edticos bonaerenses ironizaron sobre las \u00abteor\u00edas conspirativas\u00bb publicadas por ese matutino, del que indicaron que \u00abest\u00e1 dispuesto a hacer cualquier cosa con tal de que el Gobierno pierda las elecciones\u00bb.<\/p>\n","protected":false},"author":4,"featured_media":0,"comment_status":"open","ping_status":"open","sticky":false,"template":"","format":"standard","meta":{"_jetpack_newsletter_access":"","_jetpack_dont_email_post_to_subs":false,"_jetpack_newsletter_tier_id":0,"_jetpack_memberships_contains_paywalled_content":false,"_jetpack_memberships_contains_paid_content":false,"footnotes":""},"categories":[54,51],"tags":[],"class_list":["post-27828","post","type-post","status-publish","format-standard","hentry","category-medios","category-politica"],"jetpack_featured_media_url":"","jetpack_shortlink":"https:\/\/wp.me\/p2JWE0-7eQ","jetpack-related-posts":[{"id":119328,"url":"https:\/\/www.24baires.com\/?p=119328","url_meta":{"origin":27828,"position":0},"title":"Alberto: \u00abLos inculpados hablaban de que el pr\u00f3ximo soy yo\u00bb","author":"AF","date":"12\/09\/2022","format":false,"excerpt":"En una entrevista con el canal Telecinco Alberto Fern\u00e1ndez revel\u00f3 que los autores del ataque a la Vicepresidenta tambi\u00e9n lo ten\u00edan a \u00e9l como objetivo y agreg\u00f3 que \"es una banda de sinverg\u00fcenzas capaces de hacer semejante atrocidad\". El presidente Alberto Fern\u00e1ndez revel\u00f3 este lunes que los detenidos por el\u2026","rel":"","context":"En \u00abPol\u00edtica\u00bb","block_context":{"text":"Pol\u00edtica","link":"https:\/\/www.24baires.com\/?cat=51"},"img":{"alt_text":"","src":"https:\/\/i0.wp.com\/www.24baires.com\/wp-content\/uploads\/2022\/09\/alberto.jpg?resize=350%2C200","width":350,"height":200,"srcset":"https:\/\/i0.wp.com\/www.24baires.com\/wp-content\/uploads\/2022\/09\/alberto.jpg?resize=350%2C200 1x, https:\/\/i0.wp.com\/www.24baires.com\/wp-content\/uploads\/2022\/09\/alberto.jpg?resize=525%2C300 1.5x, https:\/\/i0.wp.com\/www.24baires.com\/wp-content\/uploads\/2022\/09\/alberto.jpg?resize=700%2C400 2x"},"classes":[]},{"id":112683,"url":"https:\/\/www.24baires.com\/?p=112683","url_meta":{"origin":27828,"position":1},"title":"Dirigente de Cambiemos rompi\u00f3 la veda y vandaliz\u00f3 negocios","author":"GB","date":"27\/10\/2019","format":false,"excerpt":"Un consejero escolar del intendente de Mor\u00f3n, Ramiro Tagliaferro, pint\u00f3 las vidrieras de locales comerciales con el frase \"Lucas Ghi 2019\". Intent\u00f3 ensuciar al candidato del Frente de Todos pero termin\u00f3 filmado y denunciado El Municipio de Mor\u00f3n vive un verdadero esc\u00e1ndalo a horas de las elecciones nacionales del domingo.\u2026","rel":"","context":"En \u00abMunicipios\u00bb","block_context":{"text":"Municipios","link":"https:\/\/www.24baires.com\/?cat=44"},"img":{"alt_text":"","src":"https:\/\/i0.wp.com\/www.24baires.com\/wp-content\/uploads\/2019\/10\/vidal-tagliaferro.jpg?resize=350%2C200","width":350,"height":200,"srcset":"https:\/\/i0.wp.com\/www.24baires.com\/wp-content\/uploads\/2019\/10\/vidal-tagliaferro.jpg?resize=350%2C200 1x, https:\/\/i0.wp.com\/www.24baires.com\/wp-content\/uploads\/2019\/10\/vidal-tagliaferro.jpg?resize=525%2C300 1.5x"},"classes":[]},{"id":108452,"url":"https:\/\/www.24baires.com\/?p=108452","url_meta":{"origin":27828,"position":2},"title":"Se confirm\u00f3 la f\u00f3rmula provincial de Unidad Ciudadana:  Axel Kicillof &#8211; Ver\u00f3nica Magario","author":"AF","date":"28\/05\/2019","format":false,"excerpt":"Finalmente, y tras el amague pol\u00edtico del lunes, se confirm\u00f3 la f\u00f3rmula que Cristina y Alberto Fern\u00e1ndez hab\u00edan destacado por Twitter: Ver\u00f3nica Magario y Axel Kicillof. Ambos dirigentes publicaron mensajes en sus redes sociales donde remarcaron las tareas del ex ministro de Econom\u00eda y de la actual intendenta de La\u2026","rel":"","context":"En \u00abPol\u00edtica\u00bb","block_context":{"text":"Pol\u00edtica","link":"https:\/\/www.24baires.com\/?cat=51"},"img":{"alt_text":"","src":"https:\/\/i0.wp.com\/www.24baires.com\/wp-content\/uploads\/2019\/05\/kicillof-cfk-magario-alberto.jpg?resize=350%2C200","width":350,"height":200,"srcset":"https:\/\/i0.wp.com\/www.24baires.com\/wp-content\/uploads\/2019\/05\/kicillof-cfk-magario-alberto.jpg?resize=350%2C200 1x, https:\/\/i0.wp.com\/www.24baires.com\/wp-content\/uploads\/2019\/05\/kicillof-cfk-magario-alberto.jpg?resize=525%2C300 1.5x"},"classes":[]},{"id":17942,"url":"https:\/\/www.24baires.com\/?p=17942","url_meta":{"origin":27828,"position":3},"title":"Intendentes critican a Scioli por haber ido a ExpoAgro junto a la hija de Noble y Escribano","author":"Grupo Sierra","date":"09\/03\/2013","format":false,"excerpt":"Intendentes de distintos municipios de la provincia de Buenos Aires cuestionaron la decisi\u00f3n del gobernador bonaerense Daniel Scioli de participar de la muestra ExpoAgro que organizan los diarios Clar\u00edn y La Naci\u00f3n. Los jefes municipales de Bah\u00eda Blanca, Pehuaj\u00f3, Campana y Navarro cuestionaron tambi\u00e9n que Scioli apareciera en una fotograf\u00eda\u2026","rel":"","context":"En \u00abPol\u00edtica\u00bb","block_context":{"text":"Pol\u00edtica","link":"https:\/\/www.24baires.com\/?cat=51"},"img":{"alt_text":"EXPOAGRO MARCELA NOBLE","src":"https:\/\/i0.wp.com\/www.24baires.com\/wp-content\/uploads\/2013\/03\/EXPOAGRO-MARCELA-NOBLE.jpg?resize=350%2C200","width":350,"height":200,"srcset":"https:\/\/i0.wp.com\/www.24baires.com\/wp-content\/uploads\/2013\/03\/EXPOAGRO-MARCELA-NOBLE.jpg?resize=350%2C200 1x, https:\/\/i0.wp.com\/www.24baires.com\/wp-content\/uploads\/2013\/03\/EXPOAGRO-MARCELA-NOBLE.jpg?resize=525%2C300 1.5x"},"classes":[]},{"id":112977,"url":"https:\/\/www.24baires.com\/?p=112977","url_meta":{"origin":27828,"position":4},"title":"Vidal se re\u00fane con intendentes y dirigentes \u201csin tierra\u201d","author":"GB","date":"13\/11\/2019","format":false,"excerpt":"La mandataria delinea la estrategia 2020, teniendo como objetivo principal la unidad de Cambiemos. La gobernadora, Mar\u00eda Eugenia Vidal, tendr\u00e1 este mi\u00e9rcoles su \u00faltima reuni\u00f3n de gabinete ampliado con la presencia de unos 300 funcionarios. Y por la tarde, se reunir\u00e1 con los \u201csin tierra\u201d para continuar con su jornada.\u2026","rel":"","context":"En \u00abProvincia\u00bb","block_context":{"text":"Provincia","link":"https:\/\/www.24baires.com\/?cat=40"},"img":{"alt_text":"","src":"https:\/\/i0.wp.com\/www.24baires.com\/wp-content\/uploads\/2019\/11\/vidal-reunion.jpg?resize=350%2C200","width":350,"height":200,"srcset":"https:\/\/i0.wp.com\/www.24baires.com\/wp-content\/uploads\/2019\/11\/vidal-reunion.jpg?resize=350%2C200 1x, https:\/\/i0.wp.com\/www.24baires.com\/wp-content\/uploads\/2019\/11\/vidal-reunion.jpg?resize=525%2C300 1.5x"},"classes":[]},{"id":101862,"url":"https:\/\/www.24baires.com\/?p=101862","url_meta":{"origin":27828,"position":5},"title":"Malvinas Argentinas: el PJ Bonaerense lanz\u00f3 \u00abIncluir\u00bb, su escuela de formaci\u00f3n pol\u00edtica","author":"GB","date":"27\/04\/2018","format":false,"excerpt":"Dirigentes de todos los sectores del peronismo confluyeron en Malvinas Argentinas para presentar la herramienta de \"modernizaci\u00f3n\" del partido de cara al 2019. Con un acto en Malvinas Argentinas del que participaron dirigentes del kirchnerismo y el massismo, el PJ Bonaerense lanz\u00f3 ayer \"Incluir\", su escuela de formaci\u00f3n pol\u00edtica para\u2026","rel":"","context":"En \u00abProvincia\u00bb","block_context":{"text":"Provincia","link":"https:\/\/www.24baires.com\/?cat=40"},"img":{"alt_text":"","src":"https:\/\/i0.wp.com\/www.24baires.com\/wp-content\/uploads\/2018\/04\/incluir.jpg?resize=350%2C200","width":350,"height":200,"srcset":"https:\/\/i0.wp.com\/www.24baires.com\/wp-content\/uploads\/2018\/04\/incluir.jpg?resize=350%2C200 1x, https:\/\/i0.wp.com\/www.24baires.com\/wp-content\/uploads\/2018\/04\/incluir.jpg?resize=525%2C300 1.5x"},"classes":[]}],"jetpack_sharing_enabled":true,"jetpack_likes_enabled":true,"_links":{"self":[{"href":"https:\/\/www.24baires.com\/index.php?rest_route=\/wp\/v2\/posts\/27828","targetHints":{"allow":["GET"]}}],"collection":[{"href":"https:\/\/www.24baires.com\/index.php?rest_route=\/wp\/v2\/posts"}],"about":[{"href":"https:\/\/www.24baires.com\/index.php?rest_route=\/wp\/v2\/types\/post"}],"author":[{"embeddable":true,"href":"https:\/\/www.24baires.com\/index.php?rest_route=\/wp\/v2\/users\/4"}],"replies":[{"embeddable":true,"href":"https:\/\/www.24baires.com\/index.php?rest_route=%2Fwp%2Fv2%2Fcomments&post=27828"}],"version-history":[{"count":2,"href":"https:\/\/www.24baires.com\/index.php?rest_route=\/wp\/v2\/posts\/27828\/revisions"}],"predecessor-version":[{"id":27841,"href":"https:\/\/www.24baires.com\/index.php?rest_route=\/wp\/v2\/posts\/27828\/revisions\/27841"}],"wp:attachment":[{"href":"https:\/\/www.24baires.com\/index.php?rest_route=%2Fwp%2Fv2%2Fmedia&parent=27828"}],"wp:term":[{"taxonomy":"category","embeddable":true,"href":"https:\/\/www.24baires.com\/index.php?rest_route=%2Fwp%2Fv2%2Fcategories&post=27828"},{"taxonomy":"post_tag","embeddable":true,"href":"https:\/\/www.24baires.com\/index.php?rest_route=%2Fwp%2Fv2%2Ftags&post=27828"}],"curies":[{"name":"wp","href":"https:\/\/api.w.org\/{rel}","templated":true}]}}