{"id":27743,"date":"2013-07-06T21:53:07","date_gmt":"2013-07-07T00:53:07","guid":{"rendered":"http:\/\/www.24baires.com\/?p=27743"},"modified":"2013-07-06T21:53:07","modified_gmt":"2013-07-07T00:53:07","slug":"centenares-de-actores-respaldaron-las-politicas-publicas-en-materia-audiovisual","status":"publish","type":"post","link":"https:\/\/www.24baires.com\/?p=27743","title":{"rendered":"Centenares de actores respaldaron las pol\u00edticas p\u00fablicas en materia audiovisual"},"content":{"rendered":"<p>Actores y referentes de la actividad cinematogr\u00e1fica, como Jorge Marrale, Alejandra Dar\u00edn y Gustavo Garz\u00f3n, destacaron el impulso que recibi\u00f3 en estos \u00faltimos 10 a\u00f1os la industria cinematogr\u00e1fica y audiovisual por parte de este Gobierno.\u00a0 Una solicitada publicada hoy fue firmada por centenares de actores, el pleno del Consejo integral de la Asociaci\u00f3n de Actores Argentinos y productores, directores, dirigentes gremiales y m\u00e1s de mil referentes de la cultura.<!--more--><\/p>\n<p>\u00abDesde que tengo uso de raz\u00f3n es la primera vez que una gesti\u00f3n se lanza al apoyo manifiesto del desarrollo audiovisual y cinematogr\u00e1fico\u201d, dijo Marrale y agreg\u00f3: \u201ccuando se hace siempre algo se se\u00f1ala\u201d.<\/p>\n<p>\u201cTodo lo que contribuya a la promoci\u00f3n audiovisual argentina es bienvenido\u201d, dijo el actor en declaraciones a T\u00e9lam y a\u00f1adi\u00f3 que siempre se cuenta con \u201cque uno pueda pulir la calidad, pero eso no prima sobre la posibilidad de dar un apoyo concreto al desarrollo de la cultura argentina\u201d.<\/p>\n<p>Respecto a las cr\u00edticas generadas a ra\u00edz de un informe presentado en el programa \u201cPeriodismo para todos\u201d de Canal 13, Marrale dijo que \u201ces un ataque que va m\u00e1s all\u00e1 de los subsidios, se mete con algo muy sensible que es nuestra identidad, nuestra forma de contar relatos\u201d, y concluye que \u201csiempre se puede mejorar pero hay que alentar el apoyo a la industria audiovisual\u201d.<\/p>\n<p>En el mismo sentido, la actriz Alejandra Dar\u00edn -presidenta de la Asociaci\u00f3n Argentina de Actores (AAA)-, sostuvo que \u201cme parece bien que el Estado apoye a las usinas art\u00edsticas y culturales del pa\u00eds\u201d.<\/p>\n<p>\u201cLos artistas empezaron a ocupar un lugar protag\u00f3nico en la vida cultural del pa\u00eds\u201d, afirm\u00f3 y agreg\u00f3 que \u201ca todo lo nuevo que surge se le meten palos en rueda, nos podemos equivocar, pero hacemos y siempre todo es perfectible\u201d.<\/p>\n<p>Gustavo Garz\u00f3n -quien debut\u00f3 hace poco en el cine dirigiendo la pel\u00edcula \u201cPor un tiempo\u201d- manifest\u00f3 a T\u00e9lam que lo m\u00e1s destacable de las pol\u00edticas p\u00fablicas que el gobierno lleva adelante en la industria audiovisual es que \u201cle devolvi\u00f3 el trabajo a quienes no lo ten\u00edan y un hombre sin trabajo pierde la dignidad\u201d.<\/p>\n<p>Garz\u00f3n subray\u00f3 la proliferaci\u00f3n de \u201cescuelas de cine de excelente nivel y gratuitas a las que vienen a estudiar alumnos de todo el continente americano\u201d y agreg\u00f3 que \u201cno hay que mirar solo desde el sector de uno, sino mirar todos y ah\u00ed uno se da cuenta que el trabajo ha sido devuelto a muchos con estas pol\u00edticas econ\u00f3micas\u201d.<\/p>\n<p>Por \u00faltimo, el actor reconoci\u00f3 que \u201chay pel\u00edculas buenas, regulares y malas, como en todas partes del mundo pero no todo el \u00e9xito se mide por como te va en la taquilla, no todo es dinero\u201d y aclar\u00f3 \u201cque existe un problema con la exhibici\u00f3n de las pel\u00edculas que se hacen y eso tiene que ver con que hay un monopolio que administra eso\u201d.<\/p>\n<p>Respecto a ese tema Jorge Marrale tambi\u00e9n subray\u00f3 que \u201ces dif\u00edcil competir con el monopolio de las empresas que abastecen a los cines\u201d.<\/p>\n<p>\u00abGracias a los subsidios a la producci\u00f3n se generan 100.000 puestos de trabajo al a\u00f1o\u00bb, indica la solicitada publicada hoy en los diarios Tiempo Argentino y P\u00e1gina\/12, firmada por centenares de actores, el pleno del Consejo integral de la Asociaci\u00f3n de Actores Argentinos y productores, directores, dirigentes gremiales y m\u00e1s de mil referentes de la cultura.<\/p>\n","protected":false},"excerpt":{"rendered":"<p>Actores y referentes de la actividad cinematogr\u00e1fica, como Jorge Marrale, Alejandra Dar\u00edn y Gustavo Garz\u00f3n, destacaron el impulso que recibi\u00f3 en estos \u00faltimos 10 a\u00f1os la industria cinematogr\u00e1fica y audiovisual por parte de este Gobierno.\u00a0 Una solicitada publicada hoy fue firmada por centenares de actores, el pleno del Consejo integral de la Asociaci\u00f3n de Actores Argentinos y productores, directores, dirigentes [&#8230;]<\/p>\n","protected":false},"author":11,"featured_media":0,"comment_status":"open","ping_status":"open","sticky":false,"template":"","format":"standard","meta":{"_jetpack_newsletter_access":"","_jetpack_dont_email_post_to_subs":false,"_jetpack_newsletter_tier_id":0,"_jetpack_memberships_contains_paywalled_content":false,"_jetpack_memberships_contains_paid_content":false,"footnotes":""},"categories":[54],"tags":[],"class_list":["post-27743","post","type-post","status-publish","format-standard","hentry","category-medios"],"jetpack_featured_media_url":"","jetpack_shortlink":"https:\/\/wp.me\/p2JWE0-7dt","jetpack-related-posts":[{"id":30293,"url":"https:\/\/www.24baires.com\/?p=30293","url_meta":{"origin":27743,"position":0},"title":"La regularizaci\u00f3n de la cuota de pantalla y la creaci\u00f3n del Registro de Publicidades fue aprobada","author":"GB","date":"16\/08\/2013","format":false,"excerpt":"El directorio de la Autoridad Federal de Servicios de Comunicaci\u00f3n Audiovisual aprob\u00f3 un nuevo sistema para el cumplimiento de la cuota de pantalla de producci\u00f3n nacional y la creaci\u00f3n del registro de publicidades, adem\u00e1s de adjudicar licencias y autorizar radios. En la reuni\u00f3n, encabezada por el presidente del directorio, Mart\u00edn\u2026","rel":"","context":"En \u00abMedios\u00bb","block_context":{"text":"Medios","link":"https:\/\/www.24baires.com\/?cat=54"},"img":{"alt_text":"","src":"","width":0,"height":0},"classes":[]},{"id":6449,"url":"https:\/\/www.24baires.com\/?p=6449","url_meta":{"origin":27743,"position":1},"title":"Cristina encabeza la apertura del II Encuentro de Comunicaci\u00f3n Audiovisual","author":"Grupo Sierra","date":"22\/11\/2012","format":false,"excerpt":"MAR DEL PLATA - La presidenta Cristina Fern\u00e1ndez de Kirchner encabezar\u00e1 la apertura del Segundo Encuentro de Comunicaci\u00f3n Audiovisual este viernes a las 12 en un acto en el Sal\u00f3n de las Am\u00e9ricas del Hotel Provincial de Mar del Plata. La actividad ser\u00e1 el inicio de dos d\u00edas de debate\u2026","rel":"","context":"En \u00abMedios\u00bb","block_context":{"text":"Medios","link":"https:\/\/www.24baires.com\/?cat=54"},"img":{"alt_text":"","src":"https:\/\/i0.wp.com\/www.24baires.com\/wp-content\/uploads\/2012\/11\/cristina-eca.png?resize=350%2C200","width":350,"height":200,"srcset":"https:\/\/i0.wp.com\/www.24baires.com\/wp-content\/uploads\/2012\/11\/cristina-eca.png?resize=350%2C200 1x, https:\/\/i0.wp.com\/www.24baires.com\/wp-content\/uploads\/2012\/11\/cristina-eca.png?resize=525%2C300 1.5x"},"classes":[]},{"id":45516,"url":"https:\/\/www.24baires.com\/?p=45516","url_meta":{"origin":27743,"position":2},"title":"La Presidenta remarc\u00f3 la inversi\u00f3n estatal en la producci\u00f3n audiovisual","author":"GB","date":"07\/05\/2014","format":false,"excerpt":"Lo hizo la Presidenta al despedir a la delegaci\u00f3n argentina que participar\u00e1 del Festival de cine de Cannes e invit\u00f3 al sector privado para que financien producciones audiovisuales. Cristina afirm\u00f3 que la delegaci\u00f3n argentina de artistas que viaja al festival de Cannes, que se celebrar\u00e1 en Francia entre el 14\u2026","rel":"","context":"En \u00abMedios\u00bb","block_context":{"text":"Medios","link":"https:\/\/www.24baires.com\/?cat=54"},"img":{"alt_text":"cristina canne","src":"https:\/\/i0.wp.com\/www.24baires.com\/wp-content\/uploads\/2014\/05\/cristina-canne.jpg?resize=350%2C200","width":350,"height":200,"srcset":"https:\/\/i0.wp.com\/www.24baires.com\/wp-content\/uploads\/2014\/05\/cristina-canne.jpg?resize=350%2C200 1x, https:\/\/i0.wp.com\/www.24baires.com\/wp-content\/uploads\/2014\/05\/cristina-canne.jpg?resize=525%2C300 1.5x"},"classes":[]},{"id":721,"url":"https:\/\/www.24baires.com\/?p=721","url_meta":{"origin":27743,"position":3},"title":"Plenario de la Coalici\u00f3n por una Radiodifusi\u00f3n Democr\u00e1tica de cara a la plena vigencia de la Ley de Medios","author":"Grupo Sierra","date":"30\/09\/2012","format":false,"excerpt":"La Coalici\u00f3n por una Radiodifusi\u00f3n Democr\u00e1tica debatir\u00e1 el pr\u00f3ximo martes, en un plenario federal, las medidas en respaldo a la plena aplicaci\u00f3n de la Ley de Servicios de Comunicaci\u00f3n Audiovisual. El plenario tendr\u00e1 lugar a las 14 en la sede de la Asociaci\u00f3n Argentina de Actores, Alsina 1762 de la\u2026","rel":"","context":"En \u00abMedios\u00bb","block_context":{"text":"Medios","link":"https:\/\/www.24baires.com\/?cat=54"},"img":{"alt_text":"","src":"","width":0,"height":0},"classes":[]},{"id":40317,"url":"https:\/\/www.24baires.com\/?p=40317","url_meta":{"origin":27743,"position":4},"title":"El INCAA se traslada a Tandil con una nueva sala","author":"Grupo Sierra","date":"12\/02\/2014","format":false,"excerpt":"TANDIL- La directora del Instituto Nacional de Cine y Artes Audiovisuales, Lucrecia Cardoso; el rector de la Unicen, Roberto Tassara y el director de Anses, Diego Bossio, encabezar\u00e1n el acto de inauguraci\u00f3n. La directora del Instituto Nacional de Cine y Artes Audiovisuales, Lucrecia Cardoso, llegar\u00e1 este s\u00e1bado a Tandil donde\u2026","rel":"","context":"En \u00abLocales\u00bb","block_context":{"text":"Locales","link":"https:\/\/www.24baires.com\/?cat=38"},"img":{"alt_text":"","src":"","width":0,"height":0},"classes":[]},{"id":57015,"url":"https:\/\/www.24baires.com\/?p=57015","url_meta":{"origin":27743,"position":5},"title":"Mar del Plata: Presentaron una nueva edici\u00f3n del Festival de Cine","author":"GB","date":"12\/11\/2014","format":false,"excerpt":"Se desarrollar\u00e1 del 22 al 30 de noviembre pr\u00f3ximos y fue presentada oficialmente por la titular del Instituto Nacional de Cine y Artes Audiovisuales (Incaa), Lucrecia Cardoso; el presidente del certamen, Jos\u00e9 Mart\u00ednez Su\u00e1rez; y el director art\u00edstico de la muestra, Fernando Spiner. Trescientas setenta y nueve pel\u00edculas de 42\u2026","rel":"","context":"En \u00abEspectaculos\u00bb","block_context":{"text":"Espectaculos","link":"https:\/\/www.24baires.com\/?cat=41"},"img":{"alt_text":"presentacion festival de cine","src":"https:\/\/i0.wp.com\/www.24baires.com\/wp-content\/uploads\/2014\/11\/presentacion-festival-de-cine.jpg?resize=350%2C200","width":350,"height":200,"srcset":"https:\/\/i0.wp.com\/www.24baires.com\/wp-content\/uploads\/2014\/11\/presentacion-festival-de-cine.jpg?resize=350%2C200 1x, https:\/\/i0.wp.com\/www.24baires.com\/wp-content\/uploads\/2014\/11\/presentacion-festival-de-cine.jpg?resize=525%2C300 1.5x"},"classes":[]}],"jetpack_sharing_enabled":true,"jetpack_likes_enabled":true,"_links":{"self":[{"href":"https:\/\/www.24baires.com\/index.php?rest_route=\/wp\/v2\/posts\/27743","targetHints":{"allow":["GET"]}}],"collection":[{"href":"https:\/\/www.24baires.com\/index.php?rest_route=\/wp\/v2\/posts"}],"about":[{"href":"https:\/\/www.24baires.com\/index.php?rest_route=\/wp\/v2\/types\/post"}],"author":[{"embeddable":true,"href":"https:\/\/www.24baires.com\/index.php?rest_route=\/wp\/v2\/users\/11"}],"replies":[{"embeddable":true,"href":"https:\/\/www.24baires.com\/index.php?rest_route=%2Fwp%2Fv2%2Fcomments&post=27743"}],"version-history":[{"count":3,"href":"https:\/\/www.24baires.com\/index.php?rest_route=\/wp\/v2\/posts\/27743\/revisions"}],"predecessor-version":[{"id":27746,"href":"https:\/\/www.24baires.com\/index.php?rest_route=\/wp\/v2\/posts\/27743\/revisions\/27746"}],"wp:attachment":[{"href":"https:\/\/www.24baires.com\/index.php?rest_route=%2Fwp%2Fv2%2Fmedia&parent=27743"}],"wp:term":[{"taxonomy":"category","embeddable":true,"href":"https:\/\/www.24baires.com\/index.php?rest_route=%2Fwp%2Fv2%2Fcategories&post=27743"},{"taxonomy":"post_tag","embeddable":true,"href":"https:\/\/www.24baires.com\/index.php?rest_route=%2Fwp%2Fv2%2Ftags&post=27743"}],"curies":[{"name":"wp","href":"https:\/\/api.w.org\/{rel}","templated":true}]}}